{"id":78817,"date":"2025-11-05T08:26:12","date_gmt":"2025-11-05T08:26:12","guid":{"rendered":"https:\/\/www.europesays.com\/no\/78817\/"},"modified":"2025-11-05T08:26:12","modified_gmt":"2025-11-05T08:26:12","slug":"julie-bergan-avslorer-brudd-med-kjaeresten-yunus-daar","status":"publish","type":"post","link":"https:\/\/www.europesays.com\/no\/78817\/","title":{"rendered":"Julie Bergan avsl\u00f8rer brudd med kj\u00e6resten Yunus Daar"},"content":{"rendered":"<p class=\"kicker \" style=\"\">Julie Bergan:\u00a0<\/p>\n<p>  Artisten snakker ut om bruddet for f\u00f8rste gang. &#8211; F\u00f8lte meg fysisk kvalm, sier hun.\u00a0<\/p>\n<p>\n    SLUTT: Julie Bergan og Yunus Daar offentliggjorde forholdet p\u00e5 r\u00f8d l\u00f8per under Spellemannprisen i 2021. For over ett \u00e5r siden gjorde de det slutt. Foto: Andreas Fadum \/ Se og H\u00f8r\n  <\/p>\n<p> Under utdelingen av Spellemannprisen i 2021 hadde artist <a href=\"https:\/\/www.seher.no\/kjendis\/mye-borte-fra-hverandre\/79612995\" rel=\"nofollow noopener\" target=\"_blank\">Julie Bergan (31)<\/a> tatt med seg artistmanageren Yunus Daar (29), som hun kunne bekrefte var kj\u00e6resten hennes.\u00a0<\/p>\n<p>Paret m\u00f8ttes f\u00f8rst i 2015 og ble gode venner. Det var ikke f\u00f8r noen \u00e5r senere at det utviklet seg til noe mer, og at de bestemte seg for \u00e5 satse p\u00e5 hverandre.\u00a0\u00a0<\/p>\n<p>    <a itemprop=\"url\" href=\"https:\/\/www.seher.no\/kjendis\/ble-vraket-pa-audition\/81444875\" rel=\"nofollow noopener\" target=\"_blank\"><\/p>\n<p>      <img loading=\"lazy\" decoding=\"async\" src=\"https:\/\/www.europesays.com\/no\/wp-content\/uploads\/2025\/11\/81446196.webp\" width=\"147\" height=\"98\" title=\"N\u00e5 f\u00e5r hun sin hevn\" alt=\"\" class=\"lazyload\" style=\"--aspect-ratio-image: 1.50; \"\/><\/p>\n<p>        N\u00e5 f\u00e5r hun sin hevn<\/p>\n<p>    <\/a><\/p>\n<p>N\u00e5 r\u00f8per Bergan for f\u00f8rste gang at forholdet tok slutt for litt over ett \u00e5r siden. Det gj\u00f8r hun i denne ukas episode av podkasten <a href=\"https:\/\/podme.com\/no\/podkast\/ida-med-hjertet-i-handen\/\" rel=\"nofollow noopener\" target=\"_blank\">\u00abIda med hjertet i h\u00e5nden\u00bb<\/a>, som ledes av Ida Fladen (39).<\/p>\n<p>        SKATTEMSELL: Julie Bergan var med i \u00abHelt Harald\u00bb og der fortalte hun at hun fikk 80 000 kroner i skattesmell.<\/p>\n<p>31-\u00e5ringen innr\u00f8mmer at de brukte lang tid p\u00e5 \u00e5 godta at forholdet ikke fungerte lenger. Hun p\u00e5peker at hun setter pris p\u00e5 at det var en avgj\u00f8relse de kom frem til sammen.\u00a0<\/p>\n<p class=\"font-weight-bold m-font-weight-bold\" data-lab-font_weight=\"font-weight-bold\">&#8211; Det er s\u00e5 formende \u00e5r. Enten utvikler vi oss i helt samme retning, eller s\u00e5 skj\u00f8nner vi etter hvert at: \u00abShit, her er vi faktisk veldig forskjellige\u00bb. I slutten av 20-\u00e5rene begynner man virkelig \u00e5 tenke p\u00e5 \u00e5 gifte seg og f\u00e5 barn, og da er man kanskje for ulike til \u00e5 finne ut av det.<\/p>\n<p>          <img loading=\"lazy\" decoding=\"async\" src=\"https:\/\/www.europesays.com\/no\/wp-content\/uploads\/2025\/11\/83811546.webp\" width=\"686\" height=\"995\" title=\"BRUDD: Yunus Daar og Julie Bergan gjorde det slutt for over ett \u00e5r siden. Her er de p\u00e5 r\u00f8d l\u00f8per under Spellemannprisen i 2021. Foto: Tore Skaar \/ Se og H\u00f8r\" alt=\"\" class=\"\" style=\"--aspect-ratio-image: 0.69; filter: brightness(1.15);\"\/><\/p>\n<p>\n          BRUDD: Yunus Daar og Julie Bergan gjorde det slutt for over ett \u00e5r siden. Her er de p\u00e5 r\u00f8d l\u00f8per under Spellemannprisen i 2021. Foto: Tore Skaar \/ Se og H\u00f8r\n      <\/p>\n<p>Hun beskriver bruddet som en \u00abfeberdr\u00f8m\u00bb.<\/p>\n<p>&#8211; Det var f\u00f8rste gang jeg f\u00f8lte meg fysisk kvalm av kj\u00e6rlighet. Jeg f\u00f8lte meg generelt uggen, men jeg tror vi begge hadde forberedt oss litt mentalt p\u00e5 at noe m\u00e5tte skje. S\u00e5 blir man 30 og singel, det var ikke det jeg hadde sett for meg, forteller hun i podkasten.\u00a0<\/p>\n<p>    <a itemprop=\"url\" href=\"https:\/\/www.seher.no\/kjendis\/flytter-til-sveits\/83804741\" rel=\"nofollow noopener\" target=\"_blank\"><\/p>\n<p>      <img loading=\"lazy\" decoding=\"async\" src=\"https:\/\/www.europesays.com\/no\/wp-content\/uploads\/2025\/11\/1762331172_236_83804765.webp\" width=\"147\" height=\"100\" title=\"Flytter til Sveits\" alt=\"\" class=\"lazyload\" style=\"--aspect-ratio-image: 1.47; \"\/><\/p>\n<p>        Flytter til Sveits<\/p>\n<p>    <\/a><\/p>\n<p>\u00abArigato\u00bb-sangeren forteller at det tok flere m\u00e5neder f\u00f8r hun klarte \u00e5 se fremover og tenke p\u00e5 noe annet. Til slutt bestemte hun seg for \u00e5 legge fortiden bak seg og starte et nytt kapittel i livet.\u00a0<\/p>\n<p>        NYSINGEL: Samantha Skogrand og kj\u00e6resten har gjort det slutt, slik har tiden v\u00e6rt etter bruddet. Video: Thea Hope.<\/p>\n<p>Bergan r\u00f8per at hun i dag dater en ny mann, som hun m\u00f8tte gjennom jobb i Danmark. De har datet siden ny\u00e5ret.\u00a0<\/p>\n<p>&#8211; Han er ikke norsk, da. Det var ikke s\u00e5nn at vi gikk inn for noe dating, og kvelden f\u00f8r vi jobbet sammen for f\u00f8rste gang, hadde jeg v\u00e6rt p\u00e5 date med en annen og skrev l\u00e5t om han, sier hun og ler.\u00a0<\/p>\n","protected":false},"excerpt":{"rendered":"Julie Bergan:\u00a0 Artisten snakker ut om bruddet for f\u00f8rste gang. &#8211; F\u00f8lte meg fysisk kvalm, sier hun.\u00a0 SLUTT:&hellip;\n","protected":false},"author":2,"featured_media":78818,"comment_status":"","ping_status":"","sticky":false,"template":"","format":"standard","meta":{"footnotes":""},"categories":[58],"tags":[4982,4085,71,10801,479,2543,30,28,29,72,10802],"class_list":{"0":"post-78817","1":"post","2":"type-post","3":"status-publish","4":"format-standard","5":"has-post-thumbnail","7":"category-underholdning","8":"tag-apner-opp","9":"tag-brudd","10":"tag-entertainment","11":"tag-julie-bergan","12":"tag-kjendis","13":"tag-kjendisdesken","14":"tag-no","15":"tag-norge","16":"tag-norway","17":"tag-underholdning","18":"tag-yunus-daar"},"share_on_mastodon":{"url":"https:\/\/pubeurope.com\/@no\/115496143104192942","error":""},"_links":{"self":[{"href":"https:\/\/www.europesays.com\/no\/wp-json\/wp\/v2\/posts\/78817","targetHints":{"allow":["GET"]}}],"collection":[{"href":"https:\/\/www.europesays.com\/no\/wp-json\/wp\/v2\/posts"}],"about":[{"href":"https:\/\/www.europesays.com\/no\/wp-json\/wp\/v2\/types\/post"}],"author":[{"embeddable":true,"href":"https:\/\/www.europesays.com\/no\/wp-json\/wp\/v2\/users\/2"}],"replies":[{"embeddable":true,"href":"https:\/\/www.europesays.com\/no\/wp-json\/wp\/v2\/comments?post=78817"}],"version-history":[{"count":0,"href":"https:\/\/www.europesays.com\/no\/wp-json\/wp\/v2\/posts\/78817\/revisions"}],"wp:featuredmedia":[{"embeddable":true,"href":"https:\/\/www.europesays.com\/no\/wp-json\/wp\/v2\/media\/78818"}],"wp:attachment":[{"href":"https:\/\/www.europesays.com\/no\/wp-json\/wp\/v2\/media?parent=78817"}],"wp:term":[{"taxonomy":"category","embeddable":true,"href":"https:\/\/www.europesays.com\/no\/wp-json\/wp\/v2\/categories?post=78817"},{"taxonomy":"post_tag","embeddable":true,"href":"https:\/\/www.europesays.com\/no\/wp-json\/wp\/v2\/tags?post=78817"}],"curies":[{"name":"wp","href":"https:\/\/api.w.org\/{rel}","templated":true}]}}