{"id":78825,"date":"2025-11-05T08:32:14","date_gmt":"2025-11-05T08:32:14","guid":{"rendered":"https:\/\/www.europesays.com\/no\/78825\/"},"modified":"2025-11-05T08:32:14","modified_gmt":"2025-11-05T08:32:14","slug":"lokalt-naeringsliv-nyheter-store-skader-pa-bil-i-nord-etter-at-deler-av-taket-kollapset-i-natt-vi-holder-fortsatt-apent","status":"publish","type":"post","link":"https:\/\/www.europesays.com\/no\/78825\/","title":{"rendered":"Lokalt n\u00e6ringsliv, Nyheter | Store skader p\u00e5 Bil i Nord etter at deler av taket kollapset i natt. \u2013 Vi holder fortsatt \u00e5pent"},"content":{"rendered":"\n<p>Politiet og brannvesenet rykket ut ved midnatt onsdag da det kom melding om en hendelse ved Bil i Nord. <\/p>\n<p>Deler av taket p\u00e5 bygningen hadde rast sammen. <\/p>\n<p>If\u00f8lge Kai Henrik Eriksen ved politet i Nordland var bygget tomt for personer da hendelsen inntraff, og det er kun snakk om materielle skader. <\/p>\n<p>Byggeier er varslet.<\/p>\n<p> \u2013 Politiet er p\u00e5 stedet og foretar unders\u00f8kelser for \u00e5 klarlegge \u00e5rsaken til takkollapsen, meldte politiet i sin logg klokken 00.09 i natt. <\/p>\n<p><b>Oppdatert:<\/b> Om morgenen onsdag er det full aktivitet med opprydding p\u00e5 Bil i Nord. Dagslyset viser at store deler av den bakre delen av utstillingshallen i bygget har kollapset og falt ned. Under det kollapsede taket ligger det fire biler som m\u00e5 man m\u00e5 anta har f\u00e5tt store skader. <\/p>\n<p>Overfor Rana Blad opplyser daglig leder Roger Storr\u00f8dvann at han har v\u00e6rt p\u00e5 stedet gjennom natta. <\/p>\n<p>Tross skadene p\u00e5 bygget opplyser Storr\u00f8dvann at Bil i Nord fortsatt kommer til \u00e5 holde \u00e5pent i dag, b\u00e5de butikken og verkstedet. <\/p>\n<p>Det er n\u00e5 full aktivitet p\u00e5 stedet og det jobbes med \u00e5 rydde opp det verste. Per n\u00e5 er det usikkert hva som har f\u00f8rt til kollapsen. <\/p>\n<p>Saken oppdateres. <\/p>\n","protected":false},"excerpt":{"rendered":"Politiet og brannvesenet rykket ut ved midnatt onsdag da det kom melding om en hendelse ved Bil i&hellip;\n","protected":false},"author":2,"featured_media":78826,"comment_status":"","ping_status":"","sticky":false,"template":"","format":"standard","meta":{"footnotes":""},"categories":[5],"tags":[36,20,21,24,25,15,19,22,23,3612,17,18,1614,13,30,28,29,14,16,1510,26,27],"class_list":{"0":"post-78825","1":"post","2":"type-post","3":"status-publish","4":"format-standard","5":"has-post-thumbnail","7":"category-overskrifter","8":"tag-art","9":"tag-breaking-news","10":"tag-breakingnews","11":"tag-featured-news","12":"tag-featurednews","13":"tag-headlines","14":"tag-hovedoppslag","15":"tag-latest-news","16":"tag-latestnews","17":"tag-lokalt-naeringsliv","18":"tag-main-news","19":"tag-mainnews","20":"tag-mo-i-rana","21":"tag-news","22":"tag-no","23":"tag-norge","24":"tag-norway","25":"tag-nyheter","26":"tag-overskrifter","27":"tag-story","28":"tag-top-stories","29":"tag-topstories"},"share_on_mastodon":{"url":"https:\/\/pubeurope.com\/@no\/115496166537244625","error":""},"_links":{"self":[{"href":"https:\/\/www.europesays.com\/no\/wp-json\/wp\/v2\/posts\/78825","targetHints":{"allow":["GET"]}}],"collection":[{"href":"https:\/\/www.europesays.com\/no\/wp-json\/wp\/v2\/posts"}],"about":[{"href":"https:\/\/www.europesays.com\/no\/wp-json\/wp\/v2\/types\/post"}],"author":[{"embeddable":true,"href":"https:\/\/www.europesays.com\/no\/wp-json\/wp\/v2\/users\/2"}],"replies":[{"embeddable":true,"href":"https:\/\/www.europesays.com\/no\/wp-json\/wp\/v2\/comments?post=78825"}],"version-history":[{"count":0,"href":"https:\/\/www.europesays.com\/no\/wp-json\/wp\/v2\/posts\/78825\/revisions"}],"wp:featuredmedia":[{"embeddable":true,"href":"https:\/\/www.europesays.com\/no\/wp-json\/wp\/v2\/media\/78826"}],"wp:attachment":[{"href":"https:\/\/www.europesays.com\/no\/wp-json\/wp\/v2\/media?parent=78825"}],"wp:term":[{"taxonomy":"category","embeddable":true,"href":"https:\/\/www.europesays.com\/no\/wp-json\/wp\/v2\/categories?post=78825"},{"taxonomy":"post_tag","embeddable":true,"href":"https:\/\/www.europesays.com\/no\/wp-json\/wp\/v2\/tags?post=78825"}],"curies":[{"name":"wp","href":"https:\/\/api.w.org\/{rel}","templated":true}]}}