{"id":78835,"date":"2025-11-05T08:45:27","date_gmt":"2025-11-05T08:45:27","guid":{"rendered":"https:\/\/www.europesays.com\/no\/78835\/"},"modified":"2025-11-05T08:45:27","modified_gmt":"2025-11-05T08:45:27","slug":"ai-effektivisering-utloser-titusenvis-av-oppsigelser-i-usa","status":"publish","type":"post","link":"https:\/\/www.europesays.com\/no\/78835\/","title":{"rendered":"AI-effektivisering utl\u00f8ser titusenvis av oppsigelser i USA"},"content":{"rendered":"<p><strong>Flere av USAs st\u00f8rste selskaper kutter kraftig i antall ansatte som del av en omfattende effektiviseringsb\u00f8lge. If\u00f8lge <a href=\"https:\/\/www.cnbc.com\/2025\/11\/04\/white-collar-layoffs-ai-cost-cutting-tariffs.html\" rel=\"nofollow noopener\" target=\"_blank\">CNBC<\/a> har Amazon, UPS og Target alene varslet over 60.000 oppsigelser hittil i \u00e5r \u2013 mange i administrative og teknologiske stillinger.<\/strong><\/p>\n<p>Utviklingen kommer samtidig som stadig flere bedrifter integrerer kunstig intelligens i drift og kundebehandling. Mens noen virksomheter omtaler kuttene som ledd i teknologisk fornyelse, peker andre p\u00e5 \u00f8konomisk usikkerhet og fallende ettersp\u00f8rsel.<\/p>\n<p>Amazon kutter 14.000 stillinger i det som beskrives som selskapets st\u00f8rste nedbemanning noensinne, som del av en plan for \u00e5 gj\u00f8re organisasjonen \u00abmer smidig\u00bb. UPS har fjernet 48.000 stillinger i takt med lavere pakkevolum og \u00f8kt automatisering, mens Target har varslet 1.800 kutt som f\u00f8lge av lavere salg og \u00f8kte kostnader.<\/p>\n<p>If\u00f8lge professor Peter Cappelli ved Wharton School skyldes nedbemanningene f\u00f8rst og fremst tilpasning og effektivisering \u2013 ikke en plutselig erstating av ansatte med kunstig intelligens, skriver <a href=\"https:\/\/www.cnbc.com\/2025\/11\/04\/white-collar-layoffs-ai-cost-cutting-tariffs.html\" rel=\"nofollow noopener\" target=\"_blank\">CNBC<\/a>. Han viser til at bruk av AI som direkte erstatter for mennesker fortsatt er teknisk krevende og kostbart.<\/p>\n<p><strong>Les ogs\u00e5: <a href=\"https:\/\/inyheter.no\/12\/10\/2025\/unge-trengs-ikke-lenger-ai-gjor-jobben-som-assistent\/\" rel=\"nofollow noopener\" target=\"_blank\">Unge trengs ikke lenger: \u2013 AI gj\u00f8r jobben som assistent<\/a><\/strong><\/p>\n<p>Flere \u00f8konomer understreker at utviklingen i stor grad f\u00f8lger samme m\u00f8nster som tidligere teknologiske skifter: automatisering fjerner noen stillinger, men frigj\u00f8r samtidig arbeidskraft og skaper nye roller i andre deler av \u00f8konomien.<\/p>\n<p>Professor Jason Miller ved Michigan State University beskriver dette som en \u00abreallokering\u00bb av arbeidsplasser snarere enn et netto tap.<\/p>\n<p><strong>If\u00f8lge analyseselskapet Challenger, Gray &amp; Christmas kan kuttene likevel v\u00e6re et tidlig tegn p\u00e5 lavere fart i amerikansk \u00f8konomi \u2013 men ogs\u00e5 et naturlig uttrykk for at bedrifter tilpasser seg en ny teknologisk virkelighet.<\/strong><\/p>\n","protected":false},"excerpt":{"rendered":"Flere av USAs st\u00f8rste selskaper kutter kraftig i antall ansatte som del av en omfattende effektiviseringsb\u00f8lge. If\u00f8lge CNBC&hellip;\n","protected":false},"author":2,"featured_media":78836,"comment_status":"","ping_status":"","sticky":false,"template":"","format":"standard","meta":{"footnotes":""},"categories":[56],"tags":[1882,60,61,2895,467,62,30,28,29],"class_list":{"0":"post-78835","1":"post","2":"type-post","3":"status-publish","4":"format-standard","5":"has-post-thumbnail","7":"category-naeringsliv","8":"tag-ai","9":"tag-business","10":"tag-economy","11":"tag-ki","12":"tag-kunstig-intelligens","13":"tag-naeringsliv","14":"tag-no","15":"tag-norge","16":"tag-norway"},"share_on_mastodon":{"url":"https:\/\/pubeurope.com\/@no\/115496217765110514","error":""},"_links":{"self":[{"href":"https:\/\/www.europesays.com\/no\/wp-json\/wp\/v2\/posts\/78835","targetHints":{"allow":["GET"]}}],"collection":[{"href":"https:\/\/www.europesays.com\/no\/wp-json\/wp\/v2\/posts"}],"about":[{"href":"https:\/\/www.europesays.com\/no\/wp-json\/wp\/v2\/types\/post"}],"author":[{"embeddable":true,"href":"https:\/\/www.europesays.com\/no\/wp-json\/wp\/v2\/users\/2"}],"replies":[{"embeddable":true,"href":"https:\/\/www.europesays.com\/no\/wp-json\/wp\/v2\/comments?post=78835"}],"version-history":[{"count":0,"href":"https:\/\/www.europesays.com\/no\/wp-json\/wp\/v2\/posts\/78835\/revisions"}],"wp:featuredmedia":[{"embeddable":true,"href":"https:\/\/www.europesays.com\/no\/wp-json\/wp\/v2\/media\/78836"}],"wp:attachment":[{"href":"https:\/\/www.europesays.com\/no\/wp-json\/wp\/v2\/media?parent=78835"}],"wp:term":[{"taxonomy":"category","embeddable":true,"href":"https:\/\/www.europesays.com\/no\/wp-json\/wp\/v2\/categories?post=78835"},{"taxonomy":"post_tag","embeddable":true,"href":"https:\/\/www.europesays.com\/no\/wp-json\/wp\/v2\/tags?post=78835"}],"curies":[{"name":"wp","href":"https:\/\/api.w.org\/{rel}","templated":true}]}}