{"id":78839,"date":"2025-11-05T08:47:15","date_gmt":"2025-11-05T08:47:15","guid":{"rendered":"https:\/\/www.europesays.com\/no\/78839\/"},"modified":"2025-11-05T08:47:15","modified_gmt":"2025-11-05T08:47:15","slug":"malrettet-smalig-og-usosialt","status":"publish","type":"post","link":"https:\/\/www.europesays.com\/no\/78839\/","title":{"rendered":"\u2013 M\u00e5lrettet, sm\u00e5lig og usosialt"},"content":{"rendered":"<p class=\"kicker text-red color_mobile_text-red\" style=\"\">R\u00f8dt hamrer l\u00f8s:<\/p>\n<p>  R\u00f8dt-leder Marie Sneve Martinussen krever mer til de med minst. Skal regjeringen drive h\u00f8yrepolitikk, henger tuttifrutti-samarbeidet i en tynn tr\u00e5d, if\u00f8lge henne.<\/p>\n<p>\n    Usosiale kutt kan \u00f8delegge samarbeidet p\u00e5 venstresiden p\u00e5 Stortinget, mener R\u00f8dts partileder Marie Sneve Martinussen. Foto: Stian Lysberg Solum \/ NTB\n  <\/p>\n<p>\u2013 Arbeiderpartiet kan ikke holde p\u00e5 s\u00e5nn her i fire \u00e5r. Da er det jo helt umulig for R\u00f8dt \u00e5 skulle v\u00e6re pragmatisk og st\u00e5 sammen om ting, hvis de i hver sving starter med \u00e5 gj\u00f8re usosiale kutt som verken de eller de partiene som vant valget, gikk til valg p\u00e5, sier Martinussen til NTB.<\/p>\n<p>Da regjeringen i midten av oktober la fram sitt forslag til neste \u00e5rs statsbudsjett, skapte kutt i gratis ferje og sletting av studiegjeld furore. S\u00e6rlig Sp-leder Trygve Slagsvold Vedum tordnet og nektet \u00e5 g\u00e5 i budsjettforhandlinger f\u00f8r kuttene var str\u00f8ket.<\/p>\n<p>    <a itemprop=\"url\" href=\"https:\/\/sol.no\/nyheter\/kjempesmell-for-ap-frp-storste-parti\/83811443\" rel=\"nofollow noopener\" target=\"_blank\"><\/p>\n<p>      <img loading=\"lazy\" decoding=\"async\" src=\"https:\/\/www.europesays.com\/no\/wp-content\/uploads\/2025\/11\/83811454.webp\" width=\"980\" height=\"441\" title=\"Kjempesmell for Ap \u2013 Frp st\u00f8rste parti\" alt=\"\" class=\"lazyload\" style=\"--aspect-ratio-image: 2.22; \"\/><\/p>\n<p>        Kjempesmell for Ap \u2013 Frp st\u00f8rste parti<\/p>\n<p>sol.no<\/p>\n<p>    <\/a><\/p>\n<p>Statsminister Jonas Gahr St\u00f8re (Ap) hadde f\u00f8r valget lovet gratis ferje, og den politiske stormen endte med at han, finansminister Jens Stoltenberg og helseminister Jan Christian Vestre gikk ut og beklaget til velgerne og gjeninnf\u00f8rte ordningene.<\/p>\n<p>\u2013 G\u00e5r bakover i tid\t<\/p>\n<p>Men det er ogs\u00e5 andre kutt i budsjettforslaget som burde f\u00e5 folk til \u00e5 steile, if\u00f8lge Martinussen. Det er spesielt to kutt som f\u00e5r partilederen til \u00e5 se r\u00f8dt.<\/p>\n<p>\u2013 Det ene er at de foresl\u00e5r \u00e5 i praksis ta barnetrygden fra sosialhjelpsmottakere. Det her er jo \u00e5 g\u00e5 bakover i tid og reversere et veldig viktig gjennomslag for familiene med d\u00e5rligst r\u00e5d, sier hun.<\/p>\n<p>          <img loading=\"lazy\" decoding=\"async\" src=\"https:\/\/www.europesays.com\/no\/wp-content\/uploads\/2025\/11\/83811504.webp\" width=\"980\" height=\"559\" title=\"\u2013 M\u00e5lrettet, sm\u00e5lig og usosialt\" alt=\"\" class=\"\" style=\"--aspect-ratio-image: 1.75; \"\/><\/p>\n<p>R\u00f8dt-lederen viser til at barnetrygden fra 2022 ble lovfestet som ikke en del av inntektsgrunnlaget n\u00e5r sosialhjelp beregnes, noe som var et gjennomslag b\u00e5de for R\u00f8dt og mange av Aps lokale politikere.<\/p>\n<p>LO ytret seg ogs\u00e5 kritisk til kuttet under forrige ukes budsjetth\u00f8ring, p\u00e5peker Martinussen.<\/p>\n<p>\u2013 Konsekvensene av dette kan fort bli at kommunene ender opp med en st\u00f8rre regning, og at det kan gi store velferdskutt i kommunene. Arbeiderpartiet kan ikke legge avgj\u00f8rende sosiale sp\u00f8rsm\u00e5l i hendene p\u00e5 h\u00f8yresiden som styrer mange kommuner.<\/p>\n<p>    <a itemprop=\"url\" href=\"https:\/\/sol.no\/nyheter\/skal-ikke-fortsette-som-for\/83811330\" rel=\"nofollow noopener\" target=\"_blank\"><\/p>\n<p>      <img loading=\"lazy\" decoding=\"async\" src=\"https:\/\/www.europesays.com\/no\/wp-content\/uploads\/2025\/11\/83811335.webp\" width=\"980\" height=\"441\" title=\"\u2013 Skal ikke fortsette som f\u00f8r\" alt=\"\" class=\"lazyload\" style=\"--aspect-ratio-image: 2.22; \"\/><\/p>\n<p>        \u2013 Skal ikke fortsette som f\u00f8r<\/p>\n<p>sol.no<\/p>\n<p>    <\/a><\/p>\n<p>R\u00f8dt har allerede varslet at tenner og penger \u2013 alts\u00e5 tannhelsereform og mer velferd \u2013 blir kravene i forhandlingene om neste \u00e5rs statsbudsjett. M\u00e5let er at de s\u00e5kalte tuttifrutti-partiene \u2013 Ap, Sp, R\u00f8dt, MDG og SV \u2013 skal lande budsjettet f\u00f8r jul.<\/p>\n<p>Kamp mot lederl\u00f8nninger \t<\/p>\n<p>Det andre kuttet Martinussen kritiserer, er reduksjonen av engangsst\u00f8naden med 30 prosent \u2013 fra 92.000 til 60.000 kroner.<\/p>\n<p>\u2013 Det er et m\u00e5lrettet, sm\u00e5lig og kraftig usosialt kutt for nybakte foreldre som ikke har noen arbeidsinntekt, sier hun.<\/p>\n<p>R\u00f8dt-lederen understreker at kuttet gj\u00f8r at engangsst\u00f8naden er tilbake p\u00e5 2017-niv\u00e5, mens prisene har \u00f8kt betydelig.<\/p>\n<p>    <a itemprop=\"url\" href=\"https:\/\/sol.no\/nyheter\/demokratene-jubler\/83811254\" rel=\"nofollow noopener\" target=\"_blank\"><\/p>\n<p>      <img loading=\"lazy\" decoding=\"async\" src=\"https:\/\/www.europesays.com\/no\/wp-content\/uploads\/2025\/11\/83811259.webp\" width=\"147\" height=\"98\" title=\"Demokratene jubler\" alt=\"\" class=\"lazyload\" style=\"--aspect-ratio-image: 1.50; \"\/><\/p>\n<p>        Demokratene jubler<\/p>\n<p>sol.no<\/p>\n<p>    <\/a><\/p>\n<p>\u2013 Alle som har v\u00e6rt innom norske butikker de siste \u00e5rene, vet at det koster veldig mye mer \u00e5 f\u00e5 hverdagen til \u00e5 g\u00e5 rundt i dag enn i 2017.<\/p>\n<p>Martinussen p\u00e5peker at det finnes andre steder i statsbudsjettet hvor det er mulig \u00e5 kutte og viser til lederl\u00f8nninger i helsesektoren som eksempel.<\/p>\n<p>\u2013 Det er selvf\u00f8lgelig greit \u00e5 kutte andre steder i statsbudsjettet, men det kan selvsagt ikke v\u00e6re kutt som gj\u00f8r hverdags\u00f8konomien vanskeligere for dem som har minst.<\/p>\n<p>Truer samarbeidet\t<\/p>\n<p>\u2013 Dere har tidligere sagt at dere skal v\u00e6re pragmatiske og im\u00f8tekommende i budsjettforhandlingene. Endrer dere n\u00e5 linje?<\/p>\n<p>\u2013 \u00c5 v\u00e6re pragmatisk handler ogs\u00e5 om \u00e5 v\u00e6re tydelig p\u00e5 hvor man mener grensen g\u00e5r. Hadde h\u00f8yresiden lagt fram dette forslaget, hadde det blitt ramaskrik, sier Martinussen, som ikke tar ordet \u00abultimatum\u00bb i sin munn.<\/p>\n<p>De usosiale kuttene kan \u00f8delegge samarbeidet p\u00e5 venstresiden p\u00e5 Stortinget, mener Martinussen.<\/p>\n<p>\u2013 Da vil vi ikke f\u00e5 en politikk som f\u00e5r ned forskjellene i Norge, og det blir veldig vanskelige samarbeidsforhold. Arbeiderpartiet vet at de fem partiene som vant valget, de gikk til valg p\u00e5 mindre forskjeller og mer velferd, ikke p\u00e5 usosiale kutt. Og det forplikter selvsagt.<\/p>\n","protected":false},"excerpt":{"rendered":"R\u00f8dt hamrer l\u00f8s: R\u00f8dt-leder Marie Sneve Martinussen krever mer til de med minst. Skal regjeringen drive h\u00f8yrepolitikk, henger&hellip;\n","protected":false},"author":2,"featured_media":78840,"comment_status":"","ping_status":"","sticky":false,"template":"","format":"standard","meta":{"footnotes":""},"categories":[10],"tags":[20,21,24,25,15,22,23,13,30,28,29,14,16,572,41,26,27],"class_list":{"0":"post-78839","1":"post","2":"type-post","3":"status-publish","4":"format-standard","5":"has-post-thumbnail","7":"category-norge","8":"tag-breaking-news","9":"tag-breakingnews","10":"tag-featured-news","11":"tag-featurednews","12":"tag-headlines","13":"tag-latest-news","14":"tag-latestnews","15":"tag-news","16":"tag-no","17":"tag-norge","18":"tag-norway","19":"tag-nyheter","20":"tag-overskrifter","21":"tag-okonomi","22":"tag-politikk","23":"tag-top-stories","24":"tag-topstories"},"share_on_mastodon":{"url":"https:\/\/pubeurope.com\/@no\/115496225649184047","error":""},"_links":{"self":[{"href":"https:\/\/www.europesays.com\/no\/wp-json\/wp\/v2\/posts\/78839","targetHints":{"allow":["GET"]}}],"collection":[{"href":"https:\/\/www.europesays.com\/no\/wp-json\/wp\/v2\/posts"}],"about":[{"href":"https:\/\/www.europesays.com\/no\/wp-json\/wp\/v2\/types\/post"}],"author":[{"embeddable":true,"href":"https:\/\/www.europesays.com\/no\/wp-json\/wp\/v2\/users\/2"}],"replies":[{"embeddable":true,"href":"https:\/\/www.europesays.com\/no\/wp-json\/wp\/v2\/comments?post=78839"}],"version-history":[{"count":0,"href":"https:\/\/www.europesays.com\/no\/wp-json\/wp\/v2\/posts\/78839\/revisions"}],"wp:featuredmedia":[{"embeddable":true,"href":"https:\/\/www.europesays.com\/no\/wp-json\/wp\/v2\/media\/78840"}],"wp:attachment":[{"href":"https:\/\/www.europesays.com\/no\/wp-json\/wp\/v2\/media?parent=78839"}],"wp:term":[{"taxonomy":"category","embeddable":true,"href":"https:\/\/www.europesays.com\/no\/wp-json\/wp\/v2\/categories?post=78839"},{"taxonomy":"post_tag","embeddable":true,"href":"https:\/\/www.europesays.com\/no\/wp-json\/wp\/v2\/tags?post=78839"}],"curies":[{"name":"wp","href":"https:\/\/api.w.org\/{rel}","templated":true}]}}