{"id":78841,"date":"2025-11-05T08:50:08","date_gmt":"2025-11-05T08:50:08","guid":{"rendered":"https:\/\/www.europesays.com\/no\/78841\/"},"modified":"2025-11-05T08:50:08","modified_gmt":"2025-11-05T08:50:08","slug":"geir-arne-hansen-minneord-geir-arne-hansen-er-dod","status":"publish","type":"post","link":"https:\/\/www.europesays.com\/no\/78841\/","title":{"rendered":"Geir Arne Hansen, Minneord | Geir Arne Hansen er d\u00f8d:"},"content":{"rendered":"\n<p>Geir Arne og jeg var venner i en \u00e5rrekke. <\/p>\n<p>Hansen d\u00f8de 30. september.<\/p>\n<p>Da jeg jobbet som freelancer i TA, skrev jeg mye om han. Den fantastiske l\u00e5tskriveren vant blant annet NRK-konkurransen \u00ab The hit\u00bb. <\/p>\n<p>Det var Trine Rein som sang. Jeg var der da det skjedde. Geir Arne Hansen var hoppende glad. Han beseiret blant annet gruppa A1, som m\u00e5tte se seg sl\u00e5tt av skienskaren. Vinner-l\u00e5ten het \u00abStory of love\u00bb, og var dedikert til kona hans, Kjersti. Men Geir Arne Hansen hadde flere ess i ermet n\u00e5r det gjaldt l\u00e5ter. Han skrev blant annet dansebandshiten \u00ab Under stjernene p\u00e5 himmelen\u00bb. En fantastisk l\u00e5t. <\/p>\n<p> Han og jeg g\u00e5r \u00abway back\u00bb. <\/p>\n<p>Da jeg var 16-17 \u00e5r gammel, inviterte han meg til \u00e5 v\u00e6re med p\u00e5 en innspilling som markerte Aids-saken. L\u00e5ten het \u00abThey call it aids\u00bb. Den ble spilt inn i Klyve lydstudio. <br \/>En del \u00e5r seinere, hadde han en ny velledighetsplate p\u00e5 gang. Plata het \u00abMi(rachel) og ble utgitt til inntekt for Rachel Trovis arbeid i Manilla. Geir Arne Hansen sang bra ogs\u00e5, men den skarpe teften han hadde for l\u00e5tskrivingen var likevel det som utmerket seg. Hvorfor slo han aldri skikkelig igjennom? <br \/>Jeg har en nabo som tidvis spiller h\u00f8y musikk. Fra den stua der har jeg h\u00f8rt Geir Arne Hansens musikk mang en gang. Da jeg var p\u00e5 vannet med noen bekjente for noen \u00e5r siden, h\u00f8rte jeg ogs\u00e5 for meg kjente toner som ble spilt fra en b\u00e5t vi m\u00f8tte, og jeg tenkte \u00abhan har lykkes\u00bb. <\/p>\n<p>N\u00e5 har jeg nevnt noen l\u00e5ter, men kronjuvelen av alle hans verk, har jeg unnlatt \u00e5 nevne. Det er l\u00e5ten \u00abTravel to the future\u00bb- Det var en pur ung Geir Arne Hansen som skrev denne. Han sparte p\u00e5 den i alle \u00e5r. Den fantes kun p\u00e5 en demoinnspilling i duett med den gang det store stjerneskuddet Vibeke Fillan. <\/p>\n<p>Da Geir Arne Hansen ringte meg for en del m\u00e5neder siden, kom vi i snakk om denne l\u00e5ten.<br \/>Han sa at han hadde den et sted p\u00e5 en kassett. Er denne sangen tapt for alltid? Men en sang er en sang. Det som er utrolig trist er at Geir Arne Hansen ikke er mer. Hvem skulle trodd det?<\/p>\n<p>I d\u00f8dsannonnsen er deler av teksten p\u00e5 dansebandshiten hans trykket. \u00ab Under stjernene p\u00e5 himmelen, har du f\u00e5tt ditt egen hjem. Selv om du gikk bort for tidlig, fins du her alikevel\u00bb. <\/p>\n<p>Hvil i fred, Geir Arne!<\/p>\n","protected":false},"excerpt":{"rendered":"Geir Arne og jeg var venner i en \u00e5rrekke. Hansen d\u00f8de 30. september. Da jeg jobbet som freelancer&hellip;\n","protected":false},"author":2,"featured_media":78842,"comment_status":"","ping_status":"","sticky":false,"template":"","format":"standard","meta":{"footnotes":""},"categories":[58],"tags":[36,576,71,10804,692,30,28,29,1510,72],"class_list":{"0":"post-78841","1":"post","2":"type-post","3":"status-publish","4":"format-standard","5":"has-post-thumbnail","7":"category-underholdning","8":"tag-art","9":"tag-dodsfall","10":"tag-entertainment","11":"tag-geir-arne-hansen","12":"tag-minneord","13":"tag-no","14":"tag-norge","15":"tag-norway","16":"tag-story","17":"tag-underholdning"},"share_on_mastodon":{"url":"https:\/\/pubeurope.com\/@no\/115496237342296795","error":""},"_links":{"self":[{"href":"https:\/\/www.europesays.com\/no\/wp-json\/wp\/v2\/posts\/78841","targetHints":{"allow":["GET"]}}],"collection":[{"href":"https:\/\/www.europesays.com\/no\/wp-json\/wp\/v2\/posts"}],"about":[{"href":"https:\/\/www.europesays.com\/no\/wp-json\/wp\/v2\/types\/post"}],"author":[{"embeddable":true,"href":"https:\/\/www.europesays.com\/no\/wp-json\/wp\/v2\/users\/2"}],"replies":[{"embeddable":true,"href":"https:\/\/www.europesays.com\/no\/wp-json\/wp\/v2\/comments?post=78841"}],"version-history":[{"count":0,"href":"https:\/\/www.europesays.com\/no\/wp-json\/wp\/v2\/posts\/78841\/revisions"}],"wp:featuredmedia":[{"embeddable":true,"href":"https:\/\/www.europesays.com\/no\/wp-json\/wp\/v2\/media\/78842"}],"wp:attachment":[{"href":"https:\/\/www.europesays.com\/no\/wp-json\/wp\/v2\/media?parent=78841"}],"wp:term":[{"taxonomy":"category","embeddable":true,"href":"https:\/\/www.europesays.com\/no\/wp-json\/wp\/v2\/categories?post=78841"},{"taxonomy":"post_tag","embeddable":true,"href":"https:\/\/www.europesays.com\/no\/wp-json\/wp\/v2\/tags?post=78841"}],"curies":[{"name":"wp","href":"https:\/\/api.w.org\/{rel}","templated":true}]}}