{"id":78845,"date":"2025-11-05T08:57:08","date_gmt":"2025-11-05T08:57:08","guid":{"rendered":"https:\/\/www.europesays.com\/no\/78845\/"},"modified":"2025-11-05T08:57:08","modified_gmt":"2025-11-05T08:57:08","slug":"setter-inn-soldater-mot-bjorner-dagbladet","status":"publish","type":"post","link":"https:\/\/www.europesays.com\/no\/78845\/","title":{"rendered":"Setter inn soldater mot bj\u00f8rner &#8211; Dagbladet"},"content":{"rendered":"<ol>\n<li><a href=\"https:\/\/news.google.com\/rss\/articles\/CBMifkFVX3lxTFBRSTNpWTNqd3hheHF2Nk0tbzZvZ1NSY1lpZUV6RWlHU0xYZ1lka0stWlFYODJTdW8wZU9ZalFvcjlELUUtTUwwSW5jWDFfMEVZYnMtZU1EY3FtSGNULW5JdExscTJleWhKOERsM0IxbmJwRW15SHBQN09qVVN6dw?oc=5\" target=\"_blank\" rel=\"nofollow noopener\">Setter inn soldater mot bj\u00f8rner<\/a>&nbsp;&nbsp;Dagbladet<\/li>\n<li><a href=\"https:\/\/news.google.com\/rss\/articles\/CBMioAFBVV95cUxPWERZR0NyR08zNzhNSlZfZFZuVjdCaFdxQVA0b25qbm55cWJjQkRRM196ZV8wYW9JeUtLNkt1eGpqMzNhSjdHZkp3b19YTnR1SUNadjdfSlhkQ3hPN3VZT0F1SW56V0s2Yy1uUnRfMThYejdLNUt3R3EtOXlQZG5JN2o0QmVGelB6bkJHWTMxbWowNXIxM0phTzB0dVFneG9n?oc=5\" target=\"_blank\" rel=\"nofollow noopener\">Japan kobler p\u00e5 milit\u00e6ret etter flere bj\u00f8rneangrep<\/a>&nbsp;&nbsp;forsvaretsforum<\/li>\n<li><a href=\"https:\/\/news.google.com\/rss\/articles\/CBMirgFBVV95cUxOd0xtYVJhU1FjNkRkWXhOd01BZXFKczB1M3pSb1VGSnl2OHBxSi1EX0d5Q2hSUDh1cGlFMXpUcFl6bkJpS185NVAtMjg4NkNBZk1aclV3WFRMNmQyOTFfTWZCZXUycUFyVGtwTmJpSXdWeUE2bFFGRC1jOXotZmpMQlROMzdhOTVjV0JsaHg1NUZubDlHTFVlY2o5VG5IRkdKTDdzQkdJZV92WXdYdUE?oc=5\" target=\"_blank\" rel=\"nofollow noopener\">Japan mobiliserer tropper for \u00e5 bekjempe en d\u00f8delig b\u00f8lge av bj\u00f8rneangrep<\/a>&nbsp;&nbsp;Gamereactor<\/li>\n<li><a href=\"https:\/\/news.google.com\/rss\/articles\/CBMifEFVX3lxTFBjS3dIcGtVYzhCX0owWnZ6eWpzS1FzMzBNbE1BRkF4WFVwMnNXc1pscUZTSjBnSkJVQm9wT1Bud1dSUjRsYVdBQi1Yb0MtdUhqcG1LOXNlNzdHNFNMOXphUFFXa0xfdUFybUJNUWdpN0tEMW45UTJBOEVmQlo?oc=5\" target=\"_blank\" rel=\"nofollow noopener\">Japan: 100 skadd i bj\u00f8rneangrep<\/a>&nbsp;&nbsp;Dagbladet<\/li>\n<li><a href=\"https:\/\/news.google.com\/rss\/articles\/CBMiogFBVV95cUxOM04tMm9sMnZRdHFlS0w4NmVzU2Z1NzB2OXVWbWU0ajNqbjByRGV4SnpkTG55dWEtZXNxLVI3OXlHZGRBZlRKbjVXLXhpMW93Zlh6R0J2alZ0ZzV2ZmNManRqVTVvSVROcTE3T2dkOUFKRWVCaUFkTEM2Z21FSGlwek00QUNpT0VXd0RJYV9xZHpNUENWR3FtTlVEdjd2cjE4QkE?oc=5\" target=\"_blank\" rel=\"nofollow noopener\">Japan \u00f8nsker \u00e5 bremse \u00f8kende bj\u00f8rneangrep med rekrutterte jegere<\/a>&nbsp;&nbsp;Gamereactor<\/li>\n<\/ol>\n","protected":false},"excerpt":{"rendered":"Setter inn soldater mot bj\u00f8rner&nbsp;&nbsp;Dagbladet Japan kobler p\u00e5 milit\u00e6ret etter flere bj\u00f8rneangrep&nbsp;&nbsp;forsvaretsforum Japan mobiliserer tropper for \u00e5 bekjempe&hellip;\n","protected":false},"author":2,"featured_media":78846,"comment_status":"","ping_status":"","sticky":false,"template":"","format":"standard","meta":{"footnotes":""},"categories":[12],"tags":[20,21,24,25,15,22,23,13,30,28,29,14,16,26,27,412,42,43,44,45],"class_list":{"0":"post-78845","1":"post","2":"type-post","3":"status-publish","4":"format-standard","5":"has-post-thumbnail","7":"category-verden","8":"tag-breaking-news","9":"tag-breakingnews","10":"tag-featured-news","11":"tag-featurednews","12":"tag-headlines","13":"tag-latest-news","14":"tag-latestnews","15":"tag-news","16":"tag-no","17":"tag-norge","18":"tag-norway","19":"tag-nyheter","20":"tag-overskrifter","21":"tag-top-stories","22":"tag-topstories","23":"tag-utenriks","24":"tag-verden","25":"tag-world","26":"tag-world-news","27":"tag-worldnews"},"share_on_mastodon":{"url":"https:\/\/pubeurope.com\/@no\/115496264882224884","error":""},"_links":{"self":[{"href":"https:\/\/www.europesays.com\/no\/wp-json\/wp\/v2\/posts\/78845","targetHints":{"allow":["GET"]}}],"collection":[{"href":"https:\/\/www.europesays.com\/no\/wp-json\/wp\/v2\/posts"}],"about":[{"href":"https:\/\/www.europesays.com\/no\/wp-json\/wp\/v2\/types\/post"}],"author":[{"embeddable":true,"href":"https:\/\/www.europesays.com\/no\/wp-json\/wp\/v2\/users\/2"}],"replies":[{"embeddable":true,"href":"https:\/\/www.europesays.com\/no\/wp-json\/wp\/v2\/comments?post=78845"}],"version-history":[{"count":0,"href":"https:\/\/www.europesays.com\/no\/wp-json\/wp\/v2\/posts\/78845\/revisions"}],"wp:featuredmedia":[{"embeddable":true,"href":"https:\/\/www.europesays.com\/no\/wp-json\/wp\/v2\/media\/78846"}],"wp:attachment":[{"href":"https:\/\/www.europesays.com\/no\/wp-json\/wp\/v2\/media?parent=78845"}],"wp:term":[{"taxonomy":"category","embeddable":true,"href":"https:\/\/www.europesays.com\/no\/wp-json\/wp\/v2\/categories?post=78845"},{"taxonomy":"post_tag","embeddable":true,"href":"https:\/\/www.europesays.com\/no\/wp-json\/wp\/v2\/tags?post=78845"}],"curies":[{"name":"wp","href":"https:\/\/api.w.org\/{rel}","templated":true}]}}