{"id":78854,"date":"2025-11-05T09:09:08","date_gmt":"2025-11-05T09:09:08","guid":{"rendered":"https:\/\/www.europesays.com\/no\/78854\/"},"modified":"2025-11-05T09:09:08","modified_gmt":"2025-11-05T09:09:08","slug":"oyvind-alapnes-gir-seg-som-daglig-leder-i-tromso-il","status":"publish","type":"post","link":"https:\/\/www.europesays.com\/no\/78854\/","title":{"rendered":"\u00d8yvind Alapnes gir seg som daglig leder i Troms\u00f8 IL"},"content":{"rendered":"\n<p class=\"_lead_o9xde_2 _lead_xtcu6_50 layout-component text-serif-m layout-normal text-serif-l layout-component layout-wide layout-padded _wide_17hqh_1 layout-padded\">Fotballklubben Troms\u00f8s daglige leder \u00d8yvind Alapnes har besluttet \u00e5 gi seg i jobben, melder Nordlys og iTroms\u00f8.<\/p>\n<p><img alt=\"Troms\u00f8s daglige leder \u00d8yvind Alapnes.  Foto: Rune Stoltz Bertinussen \/ NTB\" class=\"_image_qp4xg_65 layout-component layout-wide\" data-fullscreen- data-track-element-type=\"Article image fullscreen\" data-track-name=\"ImageFullscreen\" fetchpriority=\"high\" decoding=\"sync\" loading=\"eager\" height=\"3426\" itemprop=\"image\"  src=\"https:\/\/www.europesays.com\/no\/wp-content\/uploads\/2025\/11\/4ad5cfc8-3201-460f-9b7f-0b110e226837\"  style=\"object-position:0% 0%\" width=\"5256\"\/>Troms\u00f8s daglige leder \u00d8yvind Alapnes.  Foto: Rune Stoltz Bertinussen \/ NTB<\/p>\n<ul aria-hidden=\"true\" class=\"_images_18f0k_111\">\n<li><a class=\"_link_18f0k_116\" href=\"https:\/\/www.vg.no\/forfatter\/ntb\" style=\"z-index:1\" title=\"NTB\" rel=\"nofollow noopener\" target=\"_blank\"><img alt=\"Bilde av NTB\" class=\"_image_18f0k_93\" fetchpriority=\"low\" loading=\"lazy\" decoding=\"async\" itemprop=\"image\"  src=\"https:\/\/www.europesays.com\/no\/wp-content\/uploads\/2025\/11\/1762333748_530_c33980b0-5d07-4027-84a1-813f90a7c8d6\"  width=\"480\"\/><\/a><\/li>\n<\/ul>\n<p> Oppdatert onsdag 5. november kl. 09:42     <\/p>\n<p class=\"_paragraph_o9xde_4 _paragraph_xtcu6_10 layout-component text-serif-m layout-normal text-serif-m layout-padded\">Troms\u00f8 har innkalt til pressekonferanse klokken 11 i dag. Der er det ventet at avgangen til Alapnes blir bekreftet, melder lokalavisene.<\/p>\n<p class=\"_paragraph_o9xde_4 _paragraph_xtcu6_10 layout-component text-serif-m layout-normal text-serif-m layout-padded\"><a href=\"https:\/\/www.nordlys.no\/har-innkalt-til-pressemote-ferdig-som-daglig-leder\/s\/5-34-2241975\" class=\"_link_o9xde_39\" rel=\"nofollow noopener\" target=\"_blank\">Nordlys<\/a> f\u00e5r bekreftet beslutningen fra flere kilder i klubben. <a href=\"https:\/\/www.itromso.no\/sport\/til\/i\/eMlJmK\/alapnes-gaar-av-til-har-innkalt-til-pressekonferanse\" class=\"_link_o9xde_39\" rel=\"nofollow noopener\" target=\"_blank\">ITroms\u00f8 <\/a> sitter p\u00e5 de samme opplysningene.<\/p>\n<p class=\"_paragraph_o9xde_4 _paragraph_xtcu6_10 layout-component text-serif-m layout-normal text-serif-m layout-padded\">Alapnes har v\u00e6rt daglig leder i klubben i over fire \u00e5r. N\u00e5 tyder alt p\u00e5 at det m\u00e5 jaktes p\u00e5 en erstatter.<\/p>\n<p class=\"_paragraph_o9xde_4 _paragraph_xtcu6_10 layout-component text-serif-m layout-normal text-serif-m layout-padded\">Troms\u00f8 kjemper om medalje i \u00e5rets eliteserie. Med tre kamper igjen skiller det ett poeng opp til Brann.<\/p>\n","protected":false},"excerpt":{"rendered":"Fotballklubben Troms\u00f8s daglige leder \u00d8yvind Alapnes har besluttet \u00e5 gi seg i jobben, melder Nordlys og iTroms\u00f8. Troms\u00f8s&hellip;\n","protected":false},"author":2,"featured_media":78855,"comment_status":"","ping_status":"","sticky":false,"template":"","format":"standard","meta":{"footnotes":""},"categories":[59],"tags":[30,28,29,83,82,472],"class_list":{"0":"post-78854","1":"post","2":"type-post","3":"status-publish","4":"format-standard","5":"has-post-thumbnail","7":"category-sport","8":"tag-no","9":"tag-norge","10":"tag-norway","11":"tag-sport","12":"tag-sports","13":"tag-tromso-il"},"share_on_mastodon":{"url":"https:\/\/pubeurope.com\/@no\/115496312216844410","error":""},"_links":{"self":[{"href":"https:\/\/www.europesays.com\/no\/wp-json\/wp\/v2\/posts\/78854","targetHints":{"allow":["GET"]}}],"collection":[{"href":"https:\/\/www.europesays.com\/no\/wp-json\/wp\/v2\/posts"}],"about":[{"href":"https:\/\/www.europesays.com\/no\/wp-json\/wp\/v2\/types\/post"}],"author":[{"embeddable":true,"href":"https:\/\/www.europesays.com\/no\/wp-json\/wp\/v2\/users\/2"}],"replies":[{"embeddable":true,"href":"https:\/\/www.europesays.com\/no\/wp-json\/wp\/v2\/comments?post=78854"}],"version-history":[{"count":0,"href":"https:\/\/www.europesays.com\/no\/wp-json\/wp\/v2\/posts\/78854\/revisions"}],"wp:featuredmedia":[{"embeddable":true,"href":"https:\/\/www.europesays.com\/no\/wp-json\/wp\/v2\/media\/78855"}],"wp:attachment":[{"href":"https:\/\/www.europesays.com\/no\/wp-json\/wp\/v2\/media?parent=78854"}],"wp:term":[{"taxonomy":"category","embeddable":true,"href":"https:\/\/www.europesays.com\/no\/wp-json\/wp\/v2\/categories?post=78854"},{"taxonomy":"post_tag","embeddable":true,"href":"https:\/\/www.europesays.com\/no\/wp-json\/wp\/v2\/tags?post=78854"}],"curies":[{"name":"wp","href":"https:\/\/api.w.org\/{rel}","templated":true}]}}