{"id":78856,"date":"2025-11-05T09:11:14","date_gmt":"2025-11-05T09:11:14","guid":{"rendered":"https:\/\/www.europesays.com\/no\/78856\/"},"modified":"2025-11-05T09:11:14","modified_gmt":"2025-11-05T09:11:14","slug":"julie-bergan-roper-brudd","status":"publish","type":"post","link":"https:\/\/www.europesays.com\/no\/78856\/","title":{"rendered":"Julie Bergan r\u00f8per brudd"},"content":{"rendered":"<p>Under Spellemannprisen i 2021 kunne artist Julie Bergan (31) bekrefte at hun og artistmanager Yunus Daar var kj\u00e6rester.<\/p>\n<p>De m\u00f8ttes for f\u00f8rste gang i 2015, men det var f\u00f8rst flere \u00e5r senere at vennskapet utviklet seg til romantikk.<\/p>\n<p>\u2013\u00a0Hun er den beste kvinnen jeg vet om. Jeg elsker henne! sa Daar overfor\u00a0<a href=\"https:\/\/www.vg.no\/rampelys\/musikk\/i\/Kzm52o\/julie-bergan-stilte-med-kjaeresten-paa-roed-loeper\" rel=\"nofollow noopener\" target=\"_blank\">VG<\/a>\u00a0i 2021.<\/p>\n<p>De kunne samtidig r\u00f8pe at de var samboere.<\/p>\n<p>N\u00e5 har Bergan og Daar imidlertid avsluttet forholdet.<\/p>\n<p>Bekrefter brudd<\/p>\n<p>Det er n\u00e5r hun gjester podkasten \u00abIda med hjertet i h\u00e5nden\u00bb at Bergan kan fortelle at forholdet med Daar er over.<\/p>\n<p>Hun forteller at de fant sammen p\u00e5 grunn av felles venner og like interesser.<\/p>\n<p>        <img class=\"image__img lazyload\" itemprop=\"image\" title=\"Foto: Truls Aagedal \/ TV 2\" alt=\"KJENDISPAR: Julie Bergan og Yunus Daar m\u00f8ttes f\u00f8rst i 2015, og ble kj\u00e6rester flere \u00e5r senere. I dag har de g\u00e5tt hver til sitt. Foto: Truls Aagedal \/ TV 2\" width=\"675\" height=\"453\" bad-src=\"https:\/\/www.europesays.com\/no\/wp-content\/uploads\/2025\/11\/18256791.webp\" fetchpriority=\"auto\" \/><\/p>\n<p>      KJENDISPAR: Julie Bergan og Yunus Daar m\u00f8ttes f\u00f8rst i 2015, og ble kj\u00e6rester flere \u00e5r senere. I dag har de g\u00e5tt hver til sitt.<br \/>\n         Foto: Truls Aagedal \/ TV 2<\/p>\n<p>Overfor programleder Ida Fladen (39) innr\u00f8mmer Bergan at hun brukte tid p\u00e5 akseptere at forholdet ikke fungerte lenger.<\/p>\n<p> \u2013 Det er s\u00e5 formende \u00e5r. Enten utvikler vi oss i helt samme retning, eller s\u00e5 skj\u00f8nner vi etter hvert at: \u00abShit, her er vi faktisk veldig forskjellige\u00bb. I slutten av 20-\u00e5ra begynner man virkelig \u00e5 tenke p\u00e5 \u00e5 gifte seg og f\u00e5 barn, og da er man kanskje for ulike til \u00e5 finne ut av det. <\/p>\n<p>Bergan beskriver at de begge var enige om \u00e5 g\u00e5 hver til sitt for rundt et \u00e5r siden.<\/p>\n<p>        <img class=\"image__img lazyload\" itemprop=\"image\" title=\"Foto: Kristin Gronning \/ TV2\" alt=\"P\u00c5 HALLOWEENFEST: Julie Bergan og Yunus Daar p\u00e5 Alexandra Joners halloweenfest i 2023. Foto: Kristin Gronning \/ TV2\" width=\"675\" height=\"1013\" bad-src=\"https:\/\/www.europesays.com\/no\/wp-content\/uploads\/2025\/11\/18256789.webp\" fetchpriority=\"auto\" \/><\/p>\n<p>      P\u00c5 HALLOWEENFEST: Julie Bergan og Yunus Daar p\u00e5 Alexandra Joners halloweenfest i 2023.<br \/>\n         Foto: Kristin Gronning \/ TV2<\/p>\n<p>Artisten beskriver samtidig om hvordan bruddet gjorde henne fysisk d\u00e5rlig.<\/p>\n<p>\u2013 Det var f\u00f8rste gang jeg f\u00f8lte meg fysisk kvalm av kj\u00e6rlighet. Jeg f\u00f8lte meg generelt uggen, men jeg tror vi begge hadde forberedt oss litt mentalt p\u00e5 at noe m\u00e5tte skje. S\u00e5 blir man 30 og singel, det var ikke det jeg hadde sett for meg.<\/p>\n<p>Ny flamme<\/p>\n<p>Det var f\u00f8rst m\u00e5neder senere at 31-\u00e5ringen klarte \u00e5 g\u00e5 videre i livet. I dag dater hun en ny flamme, som hun m\u00f8tte p\u00e5 jobb i Danmark.<\/p>\n<p> \u2013 Han er ikke norsk, da. Det var ikke s\u00e5nn at vi gikk inn for noe dating, og kvelden f\u00f8r vi jobbet sammen for f\u00f8rste gang, hadde jeg v\u00e6rt p\u00e5 date med en annen og skrev l\u00e5t om han, ler Bergan, og kan fortelle at de har datet siden ny\u00e5ret.<\/p>\n<p>Bergan har gjort suksess med l\u00e5ter som \u00abArigato\u00bb, \u00abKiss Me Better\u00bb og \u00abIgnite\u00bb.<\/p>\n","protected":false},"excerpt":{"rendered":"Under Spellemannprisen i 2021 kunne artist Julie Bergan (31) bekrefte at hun og artistmanager Yunus Daar var kj\u00e6rester.&hellip;\n","protected":false},"author":2,"featured_media":78857,"comment_status":"","ping_status":"","sticky":false,"template":"","format":"standard","meta":{"footnotes":""},"categories":[58],"tags":[71,30,28,29,72],"class_list":{"0":"post-78856","1":"post","2":"type-post","3":"status-publish","4":"format-standard","5":"has-post-thumbnail","7":"category-underholdning","8":"tag-entertainment","9":"tag-no","10":"tag-norge","11":"tag-norway","12":"tag-underholdning"},"share_on_mastodon":{"url":"https:\/\/pubeurope.com\/@no\/115496319963089156","error":""},"_links":{"self":[{"href":"https:\/\/www.europesays.com\/no\/wp-json\/wp\/v2\/posts\/78856","targetHints":{"allow":["GET"]}}],"collection":[{"href":"https:\/\/www.europesays.com\/no\/wp-json\/wp\/v2\/posts"}],"about":[{"href":"https:\/\/www.europesays.com\/no\/wp-json\/wp\/v2\/types\/post"}],"author":[{"embeddable":true,"href":"https:\/\/www.europesays.com\/no\/wp-json\/wp\/v2\/users\/2"}],"replies":[{"embeddable":true,"href":"https:\/\/www.europesays.com\/no\/wp-json\/wp\/v2\/comments?post=78856"}],"version-history":[{"count":0,"href":"https:\/\/www.europesays.com\/no\/wp-json\/wp\/v2\/posts\/78856\/revisions"}],"wp:featuredmedia":[{"embeddable":true,"href":"https:\/\/www.europesays.com\/no\/wp-json\/wp\/v2\/media\/78857"}],"wp:attachment":[{"href":"https:\/\/www.europesays.com\/no\/wp-json\/wp\/v2\/media?parent=78856"}],"wp:term":[{"taxonomy":"category","embeddable":true,"href":"https:\/\/www.europesays.com\/no\/wp-json\/wp\/v2\/categories?post=78856"},{"taxonomy":"post_tag","embeddable":true,"href":"https:\/\/www.europesays.com\/no\/wp-json\/wp\/v2\/tags?post=78856"}],"curies":[{"name":"wp","href":"https:\/\/api.w.org\/{rel}","templated":true}]}}