{"id":78866,"date":"2025-11-05T09:18:10","date_gmt":"2025-11-05T09:18:10","guid":{"rendered":"https:\/\/www.europesays.com\/no\/78866\/"},"modified":"2025-11-05T09:18:10","modified_gmt":"2025-11-05T09:18:10","slug":"sydney-sweeney-donald-trump-sydney-sweeney-fikk-trump-stotte-surrealistisk","status":"publish","type":"post","link":"https:\/\/www.europesays.com\/no\/78866\/","title":{"rendered":"Sydney Sweeney, Donald Trump | Sydney Sweeney fikk Trump-st\u00f8tte: \u2013 Surrealistisk"},"content":{"rendered":"\n<p>Kampanjen brukte slagordet \u00abSydney Sweeney has great jeans\u00bb, noe som var en ordlek p\u00e5 \u00abgenes\u00bb \u2013 alts\u00e5 gener. Det mente mange fremmet rasehygiene og p\u00e5 et underbevisst niv\u00e5 hadde undertoner av hvit overherred\u00f8mme, if\u00f8lge <a href=\"https:\/\/deadline.com\/2025\/11\/sydney-sweeney-donald-trump-american-eagle-jeans-backlash-1236607135\/\" rel=\"nofollow noopener\" target=\"_blank\">Deadline<\/a>.<\/p>\n<p><b>Les ogs\u00e5: <a rel=\"Follow nofollow noopener\" href=\"https:\/\/www.nettavisen.no\/kjendis\/sydney-sweeney-i-gjennomsiktig-kjole-pa-rod-loper-svarer-pa-kritikken\/s\/5-95-2702377\" target=\"_blank\">Dukket opp i gjennomsiktig kjole: Nettet koker<\/a><\/b><\/p>\n<p>Andre mente det motsatte \u2013 og midt i kontroversen kom president Donald Trump med <a href=\"https:\/\/abcnews.go.com\/GMA\/Culture\/trump-praises-sydney-sweeney-amid-american-eagle-jeans\/story?id=124347376\" rel=\"nofollow noopener\" target=\"_blank\">en uttalelse<\/a> til st\u00f8tte til Sweeney og reklamen.<\/p>\n<p>Bryter tausheten<\/p>\n<p>I et nytt intervju med <a href=\"https:\/\/www.gq.com\/story\/sydney-sweeney-gq-cover-story-interview-men-of-the-year-2025\" rel=\"nofollow noopener\" target=\"_blank\">GQ<\/a> snakker skuespilleren n\u00e5 ut for f\u00f8rste gang om oppstyret:<\/p>\n<p>\u2013 Jeg gjorde en jeansreklame. Reaksjonen var definitivt en overraskelse, men jeg elsker jeans. Det er alt jeg bruker. Jeg g\u00e5r bokstavelig talt i jeans og T-skjorte hver dag.<\/p>\n<p>   <img decoding=\"async\" width=\"8518\" height=\"5679\" fetchpriority=\"low\"  loading=\"lazy\"  src=\"https:\/\/www.europesays.com\/no\/wp-content\/uploads\/2025\/11\/cueres_scp-suimglndk_sUimGlN88Dk.jpg\" alt=\"FILE - People walk past a campaign poster starring Sydney Sweeney which is displayed at the American Eagle Outfitters store, Friday, Aug. 1, 2025, in New York. (AP Photo\/Yuki Iwamura, File)\" class=\"brick-c-cFOWSL\" style=\"--brick-image-ratio: 8518 \/ 5679;\"\/><\/p>\n<p>      VAKTE OPPSIKT: Sydney Sweeney skapte furore med reklamekampanjen for American Eagle-merket i august i \u00e5r.<br \/>\n      Foto: Yuki Iwamura\n    <\/p>\n<p>Hun f\u00f8lte ikke behov for \u00e5 komme med noen offentlig uttalelse midt i stormen, men medga at hun \u00abkanskje klaget til venninnene mine\u00bb.<\/p>\n<p><b>Les ogs\u00e5: <a rel=\"Follow nofollow noopener\" href=\"https:\/\/www.nettavisen.no\/kjendis\/avslorer-pr-stunt-etter-utroskapsryktene-hun-er-veldig-smart\/s\/5-95-1547374\" target=\"_blank\">Avsl\u00f8rer PR-stunt etter utroskapsryktene: \u2013 Hun er veldig smart<\/a><\/b><\/p>\n<p>\u2013 Men utover det \u2013 nei. Jeg vet hvem jeg er. Jeg vet hva jeg verdsetter. Jeg vet at jeg er et snilt menneske. S\u00e5 jeg lar egentlig ikke andre definere hvem jeg er, sier stjernen fra \u00abEuphoria\u00bb og \u00abThe White Lotus\u00bb.<\/p>\n<p>\u2013 Surrealistisk<\/p>\n<p>At b\u00e5de president Trump og visepresident J.D. Vance hadde en mening om jeanskampanjen, beskriver Sydney Sweeney med tre ord i intervjuet:<\/p>\n<p>\u2013 Det var surrealistisk.<\/p>\n<p>Men hun var i gang med \u00e5 filme \u00abEuphoria\u00bb i 16-timers \u00f8kter, s\u00e5 hun la rett og slett vekk telefonen p\u00e5 jobb, og sov resten av tiden. Derfor fikk hun ikke med seg s\u00e5 mye av debatten, forteller Sweeney i dag.<\/p>\n<p>    Vil du se neste video?<\/p>\n<p>    <a href=\"https:\/\/www.nettavisen.no\/nyheter\/new-yorks-nye-ordforer-advarer-trump-hor-etter-na\/v\/5-95-2710134\" class=\"recommend-poster\" data-adp-clicklabel=\"video-recommend\" data-adp-clickvalue=\"poster\" rel=\"nofollow noopener\" target=\"_blank\"><br \/>\n      <img decoding=\"async\" width=\"200\" height=\"200\" loading=\"lazy\" src=\"https:\/\/www.europesays.com\/no\/wp-content\/uploads\/2025\/11\/Mamdani+til+cue+2.jpg\" alt=\"\" class=\"brick-c-cFOWSL\" style=\"--brick-image-ratio: 200 \/ 200;\"\/><\/p>\n<p>Mamdami advarer Trump: \u2013 H\u00f8r etter n\u00e50:37<\/p>\n<p>    <\/a><\/p>\n","protected":false},"excerpt":{"rendered":"Kampanjen brukte slagordet \u00abSydney Sweeney has great jeans\u00bb, noe som var en ordlek p\u00e5 \u00abgenes\u00bb \u2013 alts\u00e5 gener.&hellip;\n","protected":false},"author":2,"featured_media":78867,"comment_status":"","ping_status":"","sticky":false,"template":"","format":"standard","meta":{"footnotes":""},"categories":[58],"tags":[71,30,28,29,72],"class_list":{"0":"post-78866","1":"post","2":"type-post","3":"status-publish","4":"format-standard","5":"has-post-thumbnail","7":"category-underholdning","8":"tag-entertainment","9":"tag-no","10":"tag-norge","11":"tag-norway","12":"tag-underholdning"},"share_on_mastodon":{"url":"https:\/\/pubeurope.com\/@no\/115496347509706365","error":""},"_links":{"self":[{"href":"https:\/\/www.europesays.com\/no\/wp-json\/wp\/v2\/posts\/78866","targetHints":{"allow":["GET"]}}],"collection":[{"href":"https:\/\/www.europesays.com\/no\/wp-json\/wp\/v2\/posts"}],"about":[{"href":"https:\/\/www.europesays.com\/no\/wp-json\/wp\/v2\/types\/post"}],"author":[{"embeddable":true,"href":"https:\/\/www.europesays.com\/no\/wp-json\/wp\/v2\/users\/2"}],"replies":[{"embeddable":true,"href":"https:\/\/www.europesays.com\/no\/wp-json\/wp\/v2\/comments?post=78866"}],"version-history":[{"count":0,"href":"https:\/\/www.europesays.com\/no\/wp-json\/wp\/v2\/posts\/78866\/revisions"}],"wp:featuredmedia":[{"embeddable":true,"href":"https:\/\/www.europesays.com\/no\/wp-json\/wp\/v2\/media\/78867"}],"wp:attachment":[{"href":"https:\/\/www.europesays.com\/no\/wp-json\/wp\/v2\/media?parent=78866"}],"wp:term":[{"taxonomy":"category","embeddable":true,"href":"https:\/\/www.europesays.com\/no\/wp-json\/wp\/v2\/categories?post=78866"},{"taxonomy":"post_tag","embeddable":true,"href":"https:\/\/www.europesays.com\/no\/wp-json\/wp\/v2\/tags?post=78866"}],"curies":[{"name":"wp","href":"https:\/\/api.w.org\/{rel}","templated":true}]}}