{"id":78870,"date":"2025-11-05T09:28:20","date_gmt":"2025-11-05T09:28:20","guid":{"rendered":"https:\/\/www.europesays.com\/no\/78870\/"},"modified":"2025-11-05T09:28:20","modified_gmt":"2025-11-05T09:28:20","slug":"fra-vm-suksess-til-romantisk-frieri","status":"publish","type":"post","link":"https:\/\/www.europesays.com\/no\/78870\/","title":{"rendered":"Fra VM-suksess til romantisk frieri"},"content":{"rendered":"<p>\u00c5ret vi snart har lagt bak oss kan skrives inn med gullskrift i historieb\u00f8kene for <a href=\"https:\/\/www.seher.no\/kongelig\/sonja-flortet-med-meg\/82759624\" rel=\"nofollow noopener\" target=\"_blank\">Johannes H\u00f8sflot Kl\u00e6bo<\/a> (29).<\/p>\n<p>I februar og mars sikret han seg maksimal uttelling under VM p\u00e5 hjemmebane i Trondheim. Seks gull av seks mulige skal egentlig v\u00e6re umulig, men Johannes sprengte alle grenser for hva som er oppn\u00e5elig.<\/p>\n<p>          <img loading=\"lazy\" decoding=\"async\" src=\"https:\/\/www.europesays.com\/no\/wp-content\/uploads\/2025\/11\/83802035.webp\" width=\"686\" height=\"844\" title=\"BEVISET: Kort tid etter frieriet la paret ut dette bildet p\u00e5 Instagram som viser et lykkelig par med ring p\u00e5 fingeren. Foto: pernilledosvik\/Instagram\" alt=\"\" class=\"\" style=\"--aspect-ratio-image: 0.81; \"\/><\/p>\n<p>\n          BEVISET: Kort tid etter frieriet la paret ut dette bildet p\u00e5 Instagram som viser et lykkelig par med ring p\u00e5 fingeren. Foto: pernilledosvik\/Instagram\n      <\/p>\n<p>\u2013 Det var et optimalt mesterskap, og det sp\u00f8rs om det kan gjentas, sier Johannes til Se og H\u00f8r.<\/p>\n<p>        \u00abSKAL VI DANSE\u00bb: Vi tok en prat med Viggo Venn om hva han ser etter i en kj\u00e6reste. Video: Kine Falch\/Nora Skavhaug\/R\u00f8d L\u00f8per. <\/p>\n<p>\u2013 Det er helt r\u00e5tt \u00e5 tenke tilbake p\u00e5 hvor bra det gikk, fortsetter han. <\/p>\n<p>Den perfekte \u00e5ret toppet seg i sommer. Da fridde han til kj\u00e6resten, Pernille D\u00f8svik (28) \u2013 og fikk selvsagt ja!<\/p>\n<p>          <img loading=\"lazy\" decoding=\"async\" src=\"https:\/\/www.europesays.com\/no\/wp-content\/uploads\/2025\/11\/83802211.webp\" width=\"686\" height=\"844\" title=\"SK\u00c5L FOR OSS: Selvsagt m\u00e5tte det sk\u00e5les i champagne etter at frieriet var utf\u00f8rt. Foto: pernilledosvik\/Instagram\" alt=\"\" class=\"\" style=\"--aspect-ratio-image: 0.81; \"\/><\/p>\n<p>\n          SK\u00c5L FOR OSS: Selvsagt m\u00e5tte det sk\u00e5les i champagne etter at frieriet var utf\u00f8rt. Foto: pernilledosvik\/Instagram\n      <\/p>\n<p>N\u00e5 gleder paret seg til \u00e5 f\u00e5 mer tid sammen, for i de siste sesongene har de knapt sett hverandre.<\/p>\n<p>          <img loading=\"lazy\" decoding=\"async\" src=\"https:\/\/www.europesays.com\/no\/wp-content\/uploads\/2025\/11\/83802215.webp\" width=\"686\" height=\"851\" title=\"BREDE SMIL: P\u00e5 Skeikampen hadde Johannes kj\u00f8pt inn champagne og blomster for \u00e5 feire den store dagen. Foto: pernilledosvik\/Instagram\" alt=\"\" class=\"\" style=\"--aspect-ratio-image: 0.81; \"\/><\/p>\n<p>\n          BREDE SMIL: P\u00e5 Skeikampen hadde Johannes kj\u00f8pt inn champagne og blomster for \u00e5 feire den store dagen. Foto: pernilledosvik\/Instagram\n      <\/p>\n<p>\u2013 Det har v\u00e6rt helt ekstremt. For \u00e5 yte maksimalt under VM hadde vi et strengt regime hvor alt dreide seg om at jeg m\u00e5tte holde meg frisk for \u00e5 lykkes, sier Johannes.<\/p>\n<p>          <img loading=\"lazy\" decoding=\"async\" src=\"https:\/\/www.europesays.com\/no\/wp-content\/uploads\/2025\/11\/83802219.webp\" width=\"980\" height=\"559\" title=\"FRIDDE MED MAKSPULS: Her er tallenes tale fra pulsklokka til Johannes da han fridde: Pulsen var h\u00f8yere enn den han hadde under store deler av finalen p\u00e5 sprintdistansen i ski-VM! Foto: pernilledosvik\/Instagram\" alt=\"\" class=\"\" style=\"--aspect-ratio-image: 1.75; \"\/><\/p>\n<p>\n          FRIDDE MED MAKSPULS: Her er tallenes tale fra pulsklokka til Johannes da han fridde: Pulsen var h\u00f8yere enn den han hadde under store deler av finalen p\u00e5 sprintdistansen i ski-VM! Foto: pernilledosvik\/Instagram\n      <\/p>\n<p>Vi treffer ham og Pernille hjemme hos mor og far p\u00e5 By\u00e5sen i Trondheim. Pappa Haakon (55) er i hovedstaden, mens mamma Elisabeth (54) er den perfekte vertinne for det nyforlovede paret.<\/p>\n<p>Snart skal hele Norge bli bedre kjent med paret og familien. Det n\u00e6rmer seg nemlig datoen for filmen \u00abKl\u00e6bo\u00bb. Den har festpremiere p\u00e5 Colosseum i Oslo 12. november, f\u00f8r den to dager senere vises over hele landet.<\/p>\n<p>          <img loading=\"lazy\" decoding=\"async\" src=\"https:\/\/www.europesays.com\/no\/wp-content\/uploads\/2025\/11\/83802223.webp\" width=\"686\" height=\"625\" title=\"\u00abLURTE\u00bb KJ\u00c6RESTEN: Pernille ante ikke hva Johannes hadde planer om i sommer, f\u00f8r han tok motet til seg og fridde. Foto: Tor Kvello\" alt=\"\" class=\"\" style=\"--aspect-ratio-image: 1.10; \"\/><\/p>\n<p>\n          \u00abLURTE\u00bb KJ\u00c6RESTEN: Pernille ante ikke hva Johannes hadde planer om i sommer, f\u00f8r han tok motet til seg og fridde. Foto: Tor Kvello\n      <\/p>\n<p>Her kommer vi tettere inn p\u00e5 Johannes i en sesong helt utenom det vanlige.<\/p>\n<p>\u2013 Jeg er spent p\u00e5 hvordan filmen blir. Broderen har ansvar for klipp og kontroll, s\u00e5 det er i trygge hender. Det er nok ingen andre jeg hadde sluppet s\u00e5 tett innp\u00e5 meg i en mesterskaps-sesong, sier Johannes om broren Ola (24).<\/p>\n<p>          <img loading=\"lazy\" decoding=\"async\" src=\"https:\/\/www.europesays.com\/no\/wp-content\/uploads\/2025\/11\/83802236.webp\" width=\"980\" height=\"559\" title=\"VM-SHOW: P\u00e5 TV 2 ble Johannes hyllet av programleder Marius Skjelb\u00e6k (35) og Petter Northug (39). Foto: TV2\" alt=\"\" class=\"\" style=\"--aspect-ratio-image: 1.75; \"\/><\/p>\n<p>\n          VM-SHOW: P\u00e5 TV 2 ble Johannes hyllet av programleder Marius Skjelb\u00e6k (35) og Petter Northug (39). Foto: TV2\n      <\/p>\n<p>250 dager borte. I lange perioder bodde lillebroren sammen med gull-grossisten \u2013 dermed blir det et sv\u00e6rt n\u00e6rt portrett man kan oppleve i kinosalen. <\/p>\n<p>          <img loading=\"lazy\" decoding=\"async\" src=\"https:\/\/www.europesays.com\/no\/wp-content\/uploads\/2025\/11\/83802240.webp\" width=\"686\" height=\"542\" title=\"DRONNINGEN OG SKIKONGEN: Dronning Sonja gratulerte Johannes etter triumfen i Trondheim i vinter. Foto: NTB\" alt=\"\" class=\"\" style=\"--aspect-ratio-image: 1.27; \"\/><\/p>\n<p>\n          DRONNINGEN OG SKIKONGEN: Dronning Sonja gratulerte Johannes etter triumfen i Trondheim i vinter. Foto: NTB\n      <\/p>\n<p>Johannes og Pernille har v\u00e6rt kj\u00e6rester i flere \u00e5r, men det ville v\u00e6rt en mild overdrivelse \u00e5 si at de ser hverandre hele tiden. Han er p\u00e5 reise 250 dager i \u00e5ret.<\/p>\n<p>For \u00e5 yte maksimalt, uten sykdom, omg\u00e5s knapt hans n\u00e6rmeste andre mennesker. S\u00e6rlig under og etter korona-pandemien levde han etter strenge regler.<\/p>\n<p>          <img loading=\"lazy\" decoding=\"async\" src=\"https:\/\/www.europesays.com\/no\/wp-content\/uploads\/2025\/11\/83802248.webp\" width=\"686\" height=\"1064\" title=\"STOR STAS: Under gallamiddagen p\u00e5 Slottet til \u00e6re for Islands president, var Johannes og Pernille blant gjestene. Foto: Svein Brimi\" alt=\"\" class=\"\" style=\"--aspect-ratio-image: 0.64; \"\/><\/p>\n<p>\n          STOR STAS: Under gallamiddagen p\u00e5 Slottet til \u00e6re for Islands president, var Johannes og Pernille blant gjestene. Foto: Svein Brimi\n      <\/p>\n<p>Hvis Pernille for eksempel hadde v\u00e6rt p\u00e5 kino med venner, m\u00e5tte hun i en ukes karantene f\u00f8r hun fikk m\u00f8te Johannes igjen. Alt for \u00e5 unng\u00e5 \u00e5 dra sykdom inn i hus.<\/p>\n<p>        R\u00d8PEALARM!: I \u00abVille fristelser\u00bb-finalen blir deltakerne kraftig provosert n\u00e5r de endelig f\u00e5r svaret p\u00e5 hva de \u00aballe\u00bb lurer p\u00e5. Video: NRK TV\/ R\u00f8d L\u00f8per<\/p>\n<p>\u2013 Det var en spesiell tid. Jeg kunne ikke v\u00e6re p\u00e5 skolen, og var ogs\u00e5 helt isolert hele helgen mens han konkurrerte. Og da han f\u00f8rst kom hjem, m\u00e5tte vi bare v\u00e6re inne for \u00e5 unng\u00e5 sykdom. Det var ekstremt, innr\u00f8mmer Pernille.<\/p>\n<p>          <img loading=\"lazy\" decoding=\"async\" src=\"https:\/\/www.europesays.com\/no\/wp-content\/uploads\/2025\/11\/83802251.webp\" width=\"686\" height=\"1029\" title=\"TAR ET FRI\u00c5R: Pernille er ferdig utdannet fra NTNU, men venter med fast jobb for \u00e5 v\u00e6re mer sammen med Johannes. Foto: Tor Kvello\" alt=\"\" class=\"\" style=\"--aspect-ratio-image: 0.67; \"\/><\/p>\n<p>\n          TAR ET FRI\u00c5R: Pernille er ferdig utdannet fra NTNU, men venter med fast jobb for \u00e5 v\u00e6re mer sammen med Johannes. Foto: Tor Kvello\n      <\/p>\n<p>N\u00e5 har han sluppet litt opp p\u00e5 sitt strenge regime, og satser b\u00e5de i sporet \u2013 og p\u00e5 privaten. Det nyter forloveden godt av \u2013 nylig var Pernille med p\u00e5 treningsleir til Park City i USA. Og flere turer er nok garantert i vente for paret \u2013 som med tid og stunder skal bli mann og kone. <\/p>\n<p>Sommerens frieri var s\u00e6rdeles romantisk. Johannes hadde nemlig planlagt detaljene i lang tid \u2013 uten at Pernille ante hva som var i gj\u00e6re.<\/p>\n<p>          <img loading=\"lazy\" decoding=\"async\" src=\"https:\/\/www.europesays.com\/no\/wp-content\/uploads\/2025\/11\/83802257.webp\" width=\"686\" height=\"1064\" title=\"H\u00c5RFIN: Litt ableg\u00f8yer m\u00e5 til for fotografens skyld \u2013 det gj\u00f8r Pernille litt brydd. Foto: Tor Kvello\" alt=\"\" class=\"\" style=\"--aspect-ratio-image: 0.64; \"\/><\/p>\n<p>\n          H\u00c5RFIN: Litt ableg\u00f8yer m\u00e5 til for fotografens skyld \u2013 det gj\u00f8r Pernille litt brydd. Foto: Tor Kvello\n      <\/p>\n<p>\u2013 Jeg kan jo ta hele historien, for det begynte egentlig med Bislett Games i juni, forteller Pernille.<\/p>\n<p>\u2013 Vi var der og hygget oss, og hadde f\u00e5tt en suite p\u00e5 Hotel Sommero, hvor jeg tenkte at vi skulle kose oss. Men Johannes hadde andre planer. Han ville dra tilbake til hytta p\u00e5 Skeikampen kort tid etter, forklarer hun.<\/p>\n<p>        LULLABIES: Lurer du p\u00e5 hvilke sanger Sissel Kyrkjeb\u00f8 synger til sine barn? Eller hvordan det har v\u00e6rt \u00e5 skrive l\u00e5ter med ektemannen? Her kan du se hele samtalen vi i Se og H\u00f8r hadde med den folkekj\u00e6re sangeren. Video: H\u00e5vard Bj\u00f8rnerem \/\/ Reporter: Elise Violeta Ness Aksnes<\/p>\n<p>I all hemmelighet hadde han planlagt \u00e5 fri p\u00e5 deres nye tomt der det snart st\u00e5r en ny prakthytte klar. <\/p>\n<p>Men det ville han ikke r\u00f8pe for henne.<\/p>\n<p>          <img loading=\"lazy\" decoding=\"async\" src=\"https:\/\/www.europesays.com\/no\/wp-content\/uploads\/2025\/11\/83802261.webp\" width=\"686\" height=\"954\" title=\"TETT KONTAKT: Mamma Elisabeth H\u00f8sflot Kl\u00e6bo er uunnv\u00e6rlig for Johannes og Pernille. Selv er hun veldig stolt av s\u00f8nnen \u2013 og svigerdatteren. Foto: Tor Kvello\" alt=\"\" class=\"\" style=\"--aspect-ratio-image: 0.72; \"\/><\/p>\n<p>\n          TETT KONTAKT: Mamma Elisabeth H\u00f8sflot Kl\u00e6bo er uunnv\u00e6rlig for Johannes og Pernille. Selv er hun veldig stolt av s\u00f8nnen \u2013 og svigerdatteren. Foto: Tor Kvello\n      <\/p>\n<p>\u2013 Jeg lot meg overtale til \u00e5 bli med tilbake, og vi kom frem p\u00e5 kvelden. Dagen etter l\u00f8p vi en lang treningstur sammen p\u00e5 flere timer, og jeg var d\u00f8dssliten etterp\u00e5. Da startet Johannes \u00e5 mase igjen! Han ville opp p\u00e5 den nye tomta, men jeg ville hvile p\u00e5 sofaen. Til slutt ble jeg med, forteller Pernille.<\/p>\n<p>        KAN IKKE LE: I Halloween-spesialen til \u00abLOL: Den som ler sist\u00bb f\u00e5r vi se fire makkerpar kjempe seg gjennom den sv\u00e6rt vanskelige konkurransen. Video: Prime \/ \u00abLOL: Den som ler sist\u00bb \/\/ Reporter: H\u00e5vard Bj\u00f8rnerem<\/p>\n<p>Da de endelig var fremme ruslet de rundt, og s\u00e5 for seg hvor fint det skulle bli p\u00e5 hyttetomta \u2013 som ligger fritt og fint til, med flott utsikt.<\/p>\n<p>          <img loading=\"lazy\" decoding=\"async\" src=\"https:\/\/www.europesays.com\/no\/wp-content\/uploads\/2025\/11\/83802263.webp\" width=\"686\" height=\"522\" title=\"PAPPA OG BROR: Broren Ola st\u00e5r bak den nye filmen \u00abKl\u00e6bo\u00bb, mens pappa Haakon omtales av Johannes som \u00abpoteten\u00bb i familien. Han brukes til s\u00e5 mangt, og er en slags manager for skihelten. Foto: Tor Kvello\" alt=\"\" class=\"\" style=\"--aspect-ratio-image: 1.31; \"\/><\/p>\n<p>\n          PAPPA OG BROR: Broren Ola st\u00e5r bak den nye filmen \u00abKl\u00e6bo\u00bb, mens pappa Haakon omtales av Johannes som \u00abpoteten\u00bb i familien. Han brukes til s\u00e5 mangt, og er en slags manager for skihelten. Foto: Tor Kvello\n      <\/p>\n<p>\u2013 Mens vi sto der, la jeg armen rundt ham. Da kjente jeg at hjertet hans slo noe voldsomt \u2013 og jeg forsto ingenting. S\u00e5 sa han mange fine ting til meg \u2013 gikk ned p\u00e5 kne, og tok frem ringen &#8230;<\/p>\n<p>Johannes hadde forberedt seg godt. Den imponerende diamantringen hadde han bestilt i god tid, og p\u00e5 forh\u00e5nd hadde han spurt sin kommende svigerfar om lov til \u00e5 fri.<\/p>\n<p>          <img loading=\"lazy\" decoding=\"async\" src=\"https:\/\/www.europesays.com\/no\/wp-content\/uploads\/2025\/11\/83802265.webp\" width=\"686\" height=\"659\" title=\"R\u00d8RT: Her blir Johannes gratulert av morfar K\u00e5re i et r\u00f8rende \u00f8yeblikk under VM i Trondheim. Foto: NTB\" alt=\"\" class=\"\" style=\"--aspect-ratio-image: 1.04; \"\/><\/p>\n<p>\n          R\u00d8RT: Her blir Johannes gratulert av morfar K\u00e5re i et r\u00f8rende \u00f8yeblikk under VM i Trondheim. Foto: NTB\n      <\/p>\n<p>Som en ekte gentleman hadde han champagne p\u00e5 kj\u00f8l, og en flott blomsterbukett som han tryllet frem i det rette \u00f8ye-blikket.<\/p>\n<p> \u2013 Det ble en veldig romantisk piknik p\u00e5 tomta \u2013 og en fantastisk dag for oss begge!<\/p>\n<p>H\u00f8y puls. For Johannes var timingen perfekt \u2013 frieriet m\u00e5tte nemlig skje denne dagen.<\/p>\n<p>\u2013 Det var treningssamling p\u00e5 s\u00f8ndagen etter, s\u00e5 det m\u00e5tte gj\u00f8res fredag!<\/p>\n<p>          <img loading=\"lazy\" decoding=\"async\" src=\"https:\/\/www.europesays.com\/no\/wp-content\/uploads\/2025\/11\/83802275.webp\" width=\"686\" height=\"1222\" title=\"STORFILM: \u00abKl\u00e6bo\u00bb har premiere p\u00e5 kino 14. november, og det er stor interesse for filmen som viser et n\u00e6rt portrett av v\u00e5r store langrennskonge.\" alt=\"\" class=\"\" style=\"--aspect-ratio-image: 0.56; \"\/><\/p>\n<p>\n          STORFILM: \u00abKl\u00e6bo\u00bb har premiere p\u00e5 kino 14. november, og det er stor interesse for filmen som viser et n\u00e6rt portrett av v\u00e5r store langrennskonge.\n      <\/p>\n<p>Det var ingen overdrivelse \u00e5 si at Johannes hadde h\u00f8y puls da han gikk ned p\u00e5 kne. M\u00e5leren han har rundt h\u00e5ndleddet viste nemlig 175 slag i minuttet \u2013 som ikke er langt unna det maksimale for ham.<\/p>\n<p> \u2013 Det er h\u00f8yere enn jeg hadde da jeg gikk finalen p\u00e5 sprinten under VM i Trondheim, forteller Johannes med et bredt smil.<\/p>\n<p>Han og Pernille har forel\u00f8pig ingen dato klar for bryllup.<\/p>\n<p>    <a itemprop=\"url\" href=\"https:\/\/www.seher.no\/kjendis\/her-bekrefter-hun-forholdet\/83801723\" rel=\"nofollow noopener\" target=\"_blank\"><\/p>\n<p>      <img loading=\"lazy\" decoding=\"async\" src=\"https:\/\/www.europesays.com\/no\/wp-content\/uploads\/2025\/11\/1762334897_73_83700639.webp\" width=\"980\" height=\"441\" title=\"Her bekrefter hun forholdet\" alt=\"\" class=\"lazyload\" style=\"--aspect-ratio-image: 2.22; \"\/><\/p>\n<p>        Her bekrefter hun forholdet<\/p>\n<p>    <\/a><\/p>\n<p>\u2013 Vi har ikke lagt noen plan, sier Johannes.<\/p>\n<p>Neste \u00e5r er det OL i Italia, og i sesongen 2027 venter VM i Falun. <\/p>\n<p> \u2013 Det er mesterskaps-fri i 2028. Timingen da er jo god, men det er mye som skjer. Vi bygger jo ny hytte, og m\u00e5 ha ekstra energi til \u00e5 gjennomf\u00f8re et bryllup. Vi m\u00e5 finne et tidspunkt hvor vi har god tid, sier de samstemte.<\/p>\n<p>        SAMMENBRUDD: Ingrid Gjessing Linhave n\u00e5r bristepunktet etter en lang og krevende etappe i \u00ab71 grader nord\u00bb. Video: TV Norge \/ Kine Falch \/ Nora Skavhaug<\/p>\n<p>De har heller ikke noe tidsskjema for familiefor\u00f8kelse. Det kommer n\u00e5r det kommer.<\/p>\n<p>\u2013 Vi har ikke lagt noen plan for det enn\u00e5, s\u00e5 f\u00e5r vi se an med tid og stunder.<\/p>\n<p>Elsker pasta. Det aller meste av tiden g\u00e5r med til trening og restitusjon for Johannes. Etter at andre \u00f8kt er gjennomf\u00f8rt rundt klokka 18.00, er det tid for middag.<\/p>\n<p>          <img loading=\"lazy\" decoding=\"async\" src=\"https:\/\/www.europesays.com\/no\/wp-content\/uploads\/2025\/11\/83802283.webp\" width=\"686\" height=\"611\" title=\"NYTER \u00d8YEBLIKKENE: Siden Johannes er p\u00e5 reise 250 dager i \u00e5ret, er tiden paret har sammen sv\u00e6rt kostbar. Foto: Tor Kvello\" alt=\"\" class=\"\" style=\"--aspect-ratio-image: 1.12; \"\/><\/p>\n<p>\n          NYTER \u00d8YEBLIKKENE: Siden Johannes er p\u00e5 reise 250 dager i \u00e5ret, er tiden paret har sammen sv\u00e6rt kostbar. Foto: Tor Kvello\n      <\/p>\n<p>\u2013 Jeg liker veldig godt \u00e5 lage mat \u2013 livretten er pasta og entrec\u00f4te. Men n\u00e5r jeg er ferdig med andre \u00f8kt m\u00e5 jeg ha mat ganske raskt. Derfor ender det med at Pernille lager maten, i hvert fall i sesongen. P\u00e5 sommeren bidrar jeg mer, forteller Johannes.<\/p>\n<p>For ikke lenge siden var Pernille ferdig med studiene innen industriell \u00f8konomi- og teknologiledelse ved NTNU. N\u00e5 tar hun seg et fri\u00e5r for \u00e5 v\u00e6re mer sammen med sin kj\u00e6re.<\/p>\n<p>        T\u00c5RER: Tale Torp Torjussen tar til t\u00e5rene under framf\u00f8ringen p\u00e5 Skal vi danse.<\/p>\n<p>\u2013 Jeg tar en fot i bakken, og er veldig forn\u00f8yd med livet slik det er n\u00e5. Hvis det blir kjedelig, kan det hende jeg finner p\u00e5 noe annet. Jeg har lyst til \u00e5 bruke utdannelsen min til noe, p\u00e5peker hun.<\/p>\n<p>Til hovedstaden? Pernille er \u00e5pen om at en klassisk ni-til-fire-jobb ikke hadde passet perfekt n\u00e5. Da ville hun knapt sett sin samboer. <\/p>\n<p>\u2013 Jobbmarkedet er nok i Oslo, s\u00e5 jeg m\u00e5 nok flytte med tid og stunder. Kanskje drar vi dit n\u00e5r han er ferdig med skikarrieren?, undrer hun.<\/p>\n<p>Pappa er \u00abpoteten\u00bb\t<\/p>\n<p>Hele Kl\u00e6bo-familien er i sving for at karrieren til Johannes skal g\u00e5 p\u00e5 skinner. Faren Haakon er en slags daglig leder. Han har ansvaret for alle avtaler med samarbeidspartnere, han er sj\u00e5f\u00f8r, kokk, vasker kl\u00e6r og sm\u00f8rer ski \u2013 hvis han m\u00e5.<\/p>\n<p>    <a itemprop=\"url\" href=\"https:\/\/www.seher.no\/kjendis\/stolte-foreldre\/83760884\" rel=\"nofollow noopener\" target=\"_blank\"><\/p>\n<p>      <img loading=\"lazy\" decoding=\"async\" src=\"https:\/\/www.europesays.com\/no\/wp-content\/uploads\/2025\/11\/83760891.webp\" width=\"980\" height=\"441\" title=\"Stolte foreldre\" alt=\"\" class=\"lazyload\" style=\"--aspect-ratio-image: 2.22; \"\/><\/p>\n<p>        Stolte foreldre<\/p>\n<p>    <\/a><\/p>\n<p>\u2013 Pappa kan brukes til alt \u2013 jeg pleier \u00e5 kalle ham \u00abpotet\u00bb, ler Johannes \u2013 og forteller at mamma Elisabeth tar seg av \u00f8konomien, mens broren Ola lager reklamefilmer og som nevnt st\u00e5r bak filmen \u00abKl\u00e6bo\u00bb. <\/p>\n<p>        FRIERBREV: Carina Dahl forteller at frierbrevene renner inn. Video: Kine Falch, Nora Skavhaug\/R\u00f8d L\u00f8per<\/p>\n<p>S\u00f8steren Ane er n\u00e5 opptatt med medisinstudier i Oslo, men har tidligere jobbet med oversettelser av bloggen til Johannes.<\/p>\n<p>Sv\u00e6rt sentral i apparatet rundt Johannes er ogs\u00e5 K\u00e5re H\u00f8sflot (82) \u2013 morfaren som har trent ham helt siden starten. <\/p>\n<p>\u2013 Det var morfar som kj\u00f8rte meg til og fra trening og rundt p\u00e5 konkurranser. Han smurte skia, og kj\u00f8pte inn utstyr til jul og bursdager. I tiden da jeg gikk p\u00e5 videreg\u00e5ende, bodde han rett i n\u00e6rheten. Da gikk jeg dit for \u00e5 spise lunsj, og etter skoletid sto skiene ferdig smurt p\u00e5 trappa, forteller Johannes om det unike samarbeidet.<\/p>\n<p>K\u00e5re har kontroll\t<\/p>\n<p>I alle \u00e5r har morfaren holdt kontroll p\u00e5 treningene som han legger opp i detalj. Alle \u00f8kter loggf\u00f8res i XL-ark, inkludert mellom-tider p\u00e5 intervall-\u00f8kter, dato, tid og v\u00e6rforhold \u2013 og Johannes f\u00e5r oversendt en kopi.<\/p>\n<p>Det har K\u00e5re gjort siden barnebarnet var 18 \u00e5r gammel! <\/p>\n<p>        R\u00d8PER SIVILSTATUS: \u00abJakten\u00bb-frieren snakker ut om sjokkdumpingen, og avsl\u00f8rer hvorfor hun ikke har svart p\u00e5 meldingene i egen innboksen &#8211; enda. Video: TV 2\/ R\u00f8d L\u00f8per\/ Sanne Holt<\/p>\n<p>\u2013 Det er fort gjort \u00e5 ta slike ting for gitt. Men han er en av hovedgrunnene til at jeg holder p\u00e5, roser Johannes.<\/p>\n<p>Gullgutten syntes det var brutalt \u00e5 komme i gang etter VM-suksessen, men n\u00e5 er motivasjonen tilbake. Han er mannen alle konkurrenter \u00f8nsker \u00e5 sl\u00e5 i OL i Italia neste \u00e5r.<\/p>\n<p> \u2013 Jeg kommer til \u00e5 holde p\u00e5 litt til. VM i Falun i 2027 er med i planene. S\u00e5 tar jeg en vurdering etter hver sesong. Hvis jeg kommer dit at jeg heller vil v\u00e6re med Pernille p\u00e5 ferie, enn \u00e5 g\u00e5 skirenn i Ruka, s\u00e5 er det ikke verdt det lenger, sier Johannes.<\/p>\n","protected":false},"excerpt":{"rendered":"\u00c5ret vi snart har lagt bak oss kan skrives inn med gullskrift i historieb\u00f8kene for Johannes H\u00f8sflot Kl\u00e6bo&hellip;\n","protected":false},"author":2,"featured_media":78871,"comment_status":"","ping_status":"","sticky":false,"template":"","format":"standard","meta":{"footnotes":""},"categories":[59],"tags":[4104,711,479,30,28,29,83,82],"class_list":{"0":"post-78870","1":"post","2":"type-post","3":"status-publish","4":"format-standard","5":"has-post-thumbnail","7":"category-sport","8":"tag-eksklusivt","9":"tag-johannes-hosflot-klaebo","10":"tag-kjendis","11":"tag-no","12":"tag-norge","13":"tag-norway","14":"tag-sport","15":"tag-sports"},"share_on_mastodon":{"url":"https:\/\/pubeurope.com\/@no\/115496387489945119","error":""},"_links":{"self":[{"href":"https:\/\/www.europesays.com\/no\/wp-json\/wp\/v2\/posts\/78870","targetHints":{"allow":["GET"]}}],"collection":[{"href":"https:\/\/www.europesays.com\/no\/wp-json\/wp\/v2\/posts"}],"about":[{"href":"https:\/\/www.europesays.com\/no\/wp-json\/wp\/v2\/types\/post"}],"author":[{"embeddable":true,"href":"https:\/\/www.europesays.com\/no\/wp-json\/wp\/v2\/users\/2"}],"replies":[{"embeddable":true,"href":"https:\/\/www.europesays.com\/no\/wp-json\/wp\/v2\/comments?post=78870"}],"version-history":[{"count":0,"href":"https:\/\/www.europesays.com\/no\/wp-json\/wp\/v2\/posts\/78870\/revisions"}],"wp:featuredmedia":[{"embeddable":true,"href":"https:\/\/www.europesays.com\/no\/wp-json\/wp\/v2\/media\/78871"}],"wp:attachment":[{"href":"https:\/\/www.europesays.com\/no\/wp-json\/wp\/v2\/media?parent=78870"}],"wp:term":[{"taxonomy":"category","embeddable":true,"href":"https:\/\/www.europesays.com\/no\/wp-json\/wp\/v2\/categories?post=78870"},{"taxonomy":"post_tag","embeddable":true,"href":"https:\/\/www.europesays.com\/no\/wp-json\/wp\/v2\/tags?post=78870"}],"curies":[{"name":"wp","href":"https:\/\/api.w.org\/{rel}","templated":true}]}}