{"id":78872,"date":"2025-11-05T09:29:08","date_gmt":"2025-11-05T09:29:08","guid":{"rendered":"https:\/\/www.europesays.com\/no\/78872\/"},"modified":"2025-11-05T09:29:08","modified_gmt":"2025-11-05T09:29:08","slug":"lewis-capaldi-til-norge","status":"publish","type":"post","link":"https:\/\/www.europesays.com\/no\/78872\/","title":{"rendered":"Lewis Capaldi til Norge"},"content":{"rendered":"\n<p class=\"_lead_o9xde_2 _lead_xtcu6_50 layout-component text-serif-m layout-normal text-serif-l layout-component layout-wide layout-padded _wide_17hqh_1 layout-padded\">Skotske Lewis Capaldi (29) holder \u00e9n konsert i Norge i 2026 \u2013 og det skjer i Bergen.<\/p>\n<p><img alt=\"POPSTJERNE: Lewis Capaldi, neste \u00e5r skal han spille i Bergen. Foto: Scott Garfitt \/ AP\" class=\"_image_qp4xg_65 layout-component layout-wide\" data-fullscreen- data-track-element-type=\"Article image fullscreen\" data-track-name=\"ImageFullscreen\" fetchpriority=\"high\" decoding=\"sync\" loading=\"eager\" height=\"3733\" itemprop=\"image\"  src=\"https:\/\/www.europesays.com\/no\/wp-content\/uploads\/2025\/11\/2f9d70fc-9e12-411f-a862-0ec65d6b1d83\"  style=\"object-position:0% 0%\" width=\"4979\"\/>POPSTJERNE: Lewis Capaldi, neste \u00e5r skal han spille i Bergen. Foto: Scott Garfitt \/ AP<\/p>\n<ul aria-hidden=\"true\" class=\"_images_18f0k_111\">\n<li><a class=\"_link_18f0k_116\" href=\"https:\/\/www.vg.no\/forfatter\/catherine-gonsholt-ighanian\" style=\"z-index:1\" title=\"Catherine Gonsholt Ighanian\" rel=\"nofollow noopener\" target=\"_blank\"><img alt=\"Bilde av Catherine Gonsholt Ighanian\" class=\"_image_18f0k_93\" fetchpriority=\"low\" loading=\"lazy\" decoding=\"async\" itemprop=\"image\"  src=\"https:\/\/www.europesays.com\/no\/wp-content\/uploads\/2025\/11\/1762334948_866_72dca32d-ee6f-474c-a50e-72a9bb49f38a\"  width=\"480\"\/><\/a><\/li>\n<\/ul>\n<p> Oppdatert onsdag 5. november kl. 10:10    <\/p>\n<ul class=\"_list_o9xde_3 _list_64s2r_85 _unordered_o9xde_106 text-sans-m\">\n<li class=\"_item_o9xde_30\">Lewis Capaldi skal opptre p\u00e5 Bergenfest.<\/li>\n<li class=\"_item_o9xde_30\">Capaldi har gjort  comeback etter en to\u00e5rig pause p\u00e5 grunn av helseproblemer.<\/li>\n<li class=\"_item_o9xde_30\">Capaldi slipper mini-albumet \u00abSurvive\u00bb 14. november.<\/li>\n<\/ul>\n<p>Vis mer <\/p>\n<p class=\"_paragraph_o9xde_4 _paragraph_xtcu6_10 layout-component text-serif-m layout-normal text-serif-m layout-padded\">Superstjernen gjorde nylig <a href=\"https:\/\/www.vg.no\/rampelys\/i\/QMvwOq\/nervoes-lewis-capaldi-med-overraskende-comeback\" data-track-element-type=\"Link\" data-track-id=\"link:QMvwOq\" class=\"_link_o9xde_39\" rel=\"nofollow noopener\" target=\"_blank\">comeback<\/a> etter to \u00e5rs pause.<\/p>\n<p class=\"_paragraph_o9xde_4 _paragraph_xtcu6_10 layout-component text-serif-m layout-normal text-serif-m layout-padded\">N\u00e5 er han klar som f\u00f8rste artist for Bergenfest 2026. <\/p>\n<p class=\"_paragraph_o9xde_4 _paragraph_xtcu6_10 layout-component text-serif-m layout-normal text-serif-m layout-padded\">Skotten spiller sin eneste konsert her til lands som headliner under festivalen onsdag 10. juni, melder arrang\u00f8rene.<\/p>\n<p class=\"_paragraph_o9xde_4 _paragraph_xtcu6_10 layout-component text-serif-m layout-normal text-serif-m layout-padded\">Capaldi gjorde et spektakul\u00e6rt comeback <a href=\"https:\/\/www.vg.no\/rampelys\/i\/QMvwOq\/nervoes-lewis-capaldi-med-overraskende-comeback\" data-track-element-type=\"Link\" data-track-id=\"link:QMvwOq\" class=\"_link_o9xde_39\" rel=\"nofollow noopener\" target=\"_blank\">p\u00e5 Glastonbury-festivalen i sommer<\/a> \u2013 etter \u00e5 ha lagt turn\u00e9livet p\u00e5 pause p\u00e5 grunn av helsen.<\/p>\n<p class=\"_paragraph_o9xde_4 _paragraph_xtcu6_10 layout-component text-serif-m layout-normal text-serif-m layout-padded\">Den kommende arenaturn\u00e9en hans er allerede utsolgt, blant annet to kvelder i Hyde Park i London med 65.000 billetter hver dag.<\/p>\n<p class=\"_paragraph_o9xde_4 _paragraph_xtcu6_10 layout-component text-serif-m layout-normal text-serif-m layout-padded\">De nye l\u00e5tene \u00abSurvive\u00bb, \u00abSomething In The Heavens\u00bb og \u00abAlmost\u00bb er blitt godt mottatt av anmelderne, som mener de viser en mer s\u00e5rbar og moden Capaldi.<\/p>\n<p class=\"_paragraph_o9xde_4 _paragraph_xtcu6_10 layout-component text-serif-m layout-normal text-serif-m layout-padded\">Singelen \u00abAlmost\u00bb er den raskest selgende l\u00e5ten i Storbritannia i 2025 og 29-\u00e5ringens sjette nummer \u00e9n-hit. Det plasserer ham i samme liga som Beyonc\u00e9, Lady Gaga, Drake og Queen.<\/p>\n<p class=\"_paragraph_o9xde_4 _paragraph_xtcu6_10 layout-component text-serif-m layout-normal text-serif-m layout-padded\">Fredag 14. november slipper han mini-albumet \u00abSurvive\u00bb.<\/p>\n<p class=\"_paragraph_o9xde_4 _paragraph_xtcu6_10 layout-component text-serif-m layout-normal text-serif-m layout-padded\">Capaldi fikk sitt store gjennombrudd med debutalbumet i 2019.<\/p>\n<p class=\"_paragraph_o9xde_4 _paragraph_xtcu6_10 layout-component text-serif-m layout-normal text-serif-m layout-padded\">Artisten, som har Tourettes syndrom, m\u00e5tte avbryte sin forrige Glastonbury-opptreden i 2023.<\/p>\n<p class=\"_paragraph_o9xde_4 _paragraph_xtcu6_10 layout-component text-serif-m layout-normal text-serif-m layout-padded\">\u2013 De siste to \u00e5rene har ikke v\u00e6rt de beste. Det har v\u00e6rt vanskelig til tider. Jeg \u00f8nsket \u00e5 skrive en sang om \u00e5 overkomme disse tingene, sa han da han introduserte nettopp \u00abSurvive\u00bb p\u00e5 Glastonbury <a href=\"https:\/\/www.vg.no\/rampelys\/i\/QMvwOq\/nervoes-lewis-capaldi-med-overraskende-comeback\" data-track-element-type=\"Link\" data-track-id=\"link:QMvwOq\" class=\"_link_o9xde_39\" rel=\"nofollow noopener\" target=\"_blank\">for fire m\u00e5neder siden<\/a>.<\/p>\n<p class=\"_paragraph_o9xde_4 _paragraph_xtcu6_10 layout-component text-serif-m layout-normal text-serif-m layout-padded\">\u2013 Dette har v\u00e6rt m\u00e5let mitt, \u00e5 komme tilbake hit og gj\u00f8re dette.<\/p>\n<p class=\"_paragraph_o9xde_4 _paragraph_xtcu6_10 layout-component text-serif-m layout-normal text-serif-m layout-padded\">I fjor skrev Capaldi et langt brev til fansen via Instagram.<\/p>\n<p class=\"_paragraph_o9xde_4 _paragraph_xtcu6_10 layout-component text-serif-m layout-normal text-serif-m layout-padded\">\u00abJeg har savnet dere!\u00bb, skrev han og opplyste om at han fikk profesjonell hjelp til \u00e5 takle Tourettes og angst.<\/p>\n<p class=\"_paragraph_o9xde_4 _paragraph_xtcu6_10 layout-component text-serif-m layout-normal text-serif-m layout-padded\"><strong class=\"_strong_o9xde_25\">Tilbakeblikk p\u00e5 da publikum hjalp Capaldi med \u00e5 fullf\u00f8re en konsert i 2023:<\/strong><\/p>\n<p>Les ogs\u00e5<\/p>\n","protected":false},"excerpt":{"rendered":"Skotske Lewis Capaldi (29) holder \u00e9n konsert i Norge i 2026 \u2013 og det skjer i Bergen. POPSTJERNE:&hellip;\n","protected":false},"author":2,"featured_media":78873,"comment_status":"","ping_status":"","sticky":false,"template":"","format":"standard","meta":{"footnotes":""},"categories":[58],"tags":[10806,71,1977,221,30,28,29,72],"class_list":{"0":"post-78872","1":"post","2":"type-post","3":"status-publish","4":"format-standard","5":"has-post-thumbnail","7":"category-underholdning","8":"tag-bergenfest","9":"tag-entertainment","10":"tag-lewis-capaldi","11":"tag-musikk","12":"tag-no","13":"tag-norge","14":"tag-norway","15":"tag-underholdning"},"share_on_mastodon":{"url":"https:\/\/pubeurope.com\/@no\/115496390695640222","error":""},"_links":{"self":[{"href":"https:\/\/www.europesays.com\/no\/wp-json\/wp\/v2\/posts\/78872","targetHints":{"allow":["GET"]}}],"collection":[{"href":"https:\/\/www.europesays.com\/no\/wp-json\/wp\/v2\/posts"}],"about":[{"href":"https:\/\/www.europesays.com\/no\/wp-json\/wp\/v2\/types\/post"}],"author":[{"embeddable":true,"href":"https:\/\/www.europesays.com\/no\/wp-json\/wp\/v2\/users\/2"}],"replies":[{"embeddable":true,"href":"https:\/\/www.europesays.com\/no\/wp-json\/wp\/v2\/comments?post=78872"}],"version-history":[{"count":0,"href":"https:\/\/www.europesays.com\/no\/wp-json\/wp\/v2\/posts\/78872\/revisions"}],"wp:featuredmedia":[{"embeddable":true,"href":"https:\/\/www.europesays.com\/no\/wp-json\/wp\/v2\/media\/78873"}],"wp:attachment":[{"href":"https:\/\/www.europesays.com\/no\/wp-json\/wp\/v2\/media?parent=78872"}],"wp:term":[{"taxonomy":"category","embeddable":true,"href":"https:\/\/www.europesays.com\/no\/wp-json\/wp\/v2\/categories?post=78872"},{"taxonomy":"post_tag","embeddable":true,"href":"https:\/\/www.europesays.com\/no\/wp-json\/wp\/v2\/tags?post=78872"}],"curies":[{"name":"wp","href":"https:\/\/api.w.org\/{rel}","templated":true}]}}