{"id":78878,"date":"2025-11-05T09:36:07","date_gmt":"2025-11-05T09:36:07","guid":{"rendered":"https:\/\/www.europesays.com\/no\/78878\/"},"modified":"2025-11-05T09:36:07","modified_gmt":"2025-11-05T09:36:07","slug":"kritikerslakt-for-rettsdramaet-til-kardashian","status":"publish","type":"post","link":"https:\/\/www.europesays.com\/no\/78878\/","title":{"rendered":"Kritikerslakt for rettsdramaet til Kardashian"},"content":{"rendered":"<p> Dagen etter premieren p\u00e5 str\u00f8mmetjenesten til Disney sk\u00e5ret Ryan Murphys nye serie 0 p\u00e5 anmeldelsesoversikten til <a href=\"https:\/\/www.rottentomatoes.com\/tv\/alls_fair_2025\/s01\" rel=\"nofollow noopener\" target=\"_blank\">Rotten Tomatoes<\/a>. TV-titterne er mer forn\u00f8yd, og 48 prosent gir \u00abAll&#8217;s Fair\u00bb minst 3,5 stjerner.<\/p>\n<p><a href=\"https:\/\/www.hollywoodreporter.com\/tv\/tv-news\/alls-fair-review-roundup-critics-1236418315\/\" rel=\"nofollow noopener\" target=\"_blank\">Hollywood Reporter<\/a>s anmelder kalte den for \u00abhjerned\u00f8d\u00bb, med \u00absyltynne karakterer og svake historier\u00bb \u2013 og var ikke imponert over Kim Kardashians innsats, beskrevet som \u00abstiv og uttrykksl\u00f8s, uten et snev av ekte f\u00f8lelse\u00bb.<\/p>\n<p> \u00abJeg visste ikke at det fremdeles var mulig \u00e5 lage s\u00e5 d\u00e5rlig TV\u00bb, skriver <a href=\"https:\/\/www.theguardian.com\/tv-and-radio\/2025\/nov\/04\/alls-fair-review-kim-kardashian-divorce-drama-is-fascinatingly-existentially-terrible\" rel=\"nofollow noopener\" target=\"_blank\">The Guardian<\/a> i sin anmeldelse og kaller \u00abAll&#8217;s Fair\u00bb for \u00abfascinerende, ubegripelig og eksistensielt forferdelig\u00bb.\u00a0<\/p>\n<p><a href=\"https:\/\/www.thetimes.com\/culture\/tv-radio\/article\/alls-fair-review-this-may-be-the-worst-tv-drama-ever-xt6qbksmf\" rel=\"nofollow noopener\" target=\"_blank\">The Times<\/a> kaller serien for \u00abmuligens det verste TV-dramaet noensinne laget\u00bb, mens <a href=\"https:\/\/eu.usatoday.com\/story\/entertainment\/tv\/2025\/11\/04\/alls-fair-hulu-ryan-murphy-kim-kardashian-review\/86991523007\/\" rel=\"nofollow noopener\" target=\"_blank\">USA Today<\/a> n\u00f8yer seg med \u00e5 utrope det til \u00ab\u00e5rets verste\u00bb.<\/p>\n<p> \u00abKl\u00f8nete og nedlatende\u00bb lyder det fra bransjebibelen <a href=\"https:\/\/variety.com\/2025\/tv\/reviews\/alls-fair-review-kim-kardashian-ryan-murphy-1236569795\/\" rel=\"nofollow noopener\" target=\"_blank\">Variety<\/a>, som p\u00e5peker at serien som angivelig handler om sterke kvinner, har \u2013 med ett unntak \u2013 kun mannlige manusforfattere.<\/p>\n","protected":false},"excerpt":{"rendered":"Dagen etter premieren p\u00e5 str\u00f8mmetjenesten til Disney sk\u00e5ret Ryan Murphys nye serie 0 p\u00e5 anmeldelsesoversikten til Rotten Tomatoes.&hellip;\n","protected":false},"author":2,"featured_media":78879,"comment_status":"","ping_status":"","sticky":false,"template":"","format":"standard","meta":{"footnotes":""},"categories":[58],"tags":[71,30,28,29,72],"class_list":{"0":"post-78878","1":"post","2":"type-post","3":"status-publish","4":"format-standard","5":"has-post-thumbnail","7":"category-underholdning","8":"tag-entertainment","9":"tag-no","10":"tag-norge","11":"tag-norway","12":"tag-underholdning"},"share_on_mastodon":{"url":"https:\/\/pubeurope.com\/@no\/115496418248195234","error":""},"_links":{"self":[{"href":"https:\/\/www.europesays.com\/no\/wp-json\/wp\/v2\/posts\/78878","targetHints":{"allow":["GET"]}}],"collection":[{"href":"https:\/\/www.europesays.com\/no\/wp-json\/wp\/v2\/posts"}],"about":[{"href":"https:\/\/www.europesays.com\/no\/wp-json\/wp\/v2\/types\/post"}],"author":[{"embeddable":true,"href":"https:\/\/www.europesays.com\/no\/wp-json\/wp\/v2\/users\/2"}],"replies":[{"embeddable":true,"href":"https:\/\/www.europesays.com\/no\/wp-json\/wp\/v2\/comments?post=78878"}],"version-history":[{"count":0,"href":"https:\/\/www.europesays.com\/no\/wp-json\/wp\/v2\/posts\/78878\/revisions"}],"wp:featuredmedia":[{"embeddable":true,"href":"https:\/\/www.europesays.com\/no\/wp-json\/wp\/v2\/media\/78879"}],"wp:attachment":[{"href":"https:\/\/www.europesays.com\/no\/wp-json\/wp\/v2\/media?parent=78878"}],"wp:term":[{"taxonomy":"category","embeddable":true,"href":"https:\/\/www.europesays.com\/no\/wp-json\/wp\/v2\/categories?post=78878"},{"taxonomy":"post_tag","embeddable":true,"href":"https:\/\/www.europesays.com\/no\/wp-json\/wp\/v2\/tags?post=78878"}],"curies":[{"name":"wp","href":"https:\/\/api.w.org\/{rel}","templated":true}]}}