{"id":78891,"date":"2025-11-05T09:49:10","date_gmt":"2025-11-05T09:49:10","guid":{"rendered":"https:\/\/www.europesays.com\/no\/78891\/"},"modified":"2025-11-05T09:49:10","modified_gmt":"2025-11-05T09:49:10","slug":"jeg-ble-truet-av-hoyre","status":"publish","type":"post","link":"https:\/\/www.europesays.com\/no\/78891\/","title":{"rendered":"&#8211; Jeg ble truet av H\u00f8yre"},"content":{"rendered":"<p>  Gaute Gr\u00f8tta Grav hevder han er blitt truet med suspensjon fra Rauma H\u00f8yre dersom han ikke stemmer for konsekvensutredning av \u00abverdens lengste zipline\u00bb i Rauma.\u00a0<\/p>\n<p>\n    VIL IKKE HA ZIPLINE: Gaute Gr\u00f8tta Grav sitter i kommunestyret i Rauma for H\u00f8yre. Her fra partiets landsm\u00f8te i 2023. Foto: Alf Simensen \/ NTB\n  <\/p>\n<p>\u00abI dag har jeg f\u00e5tt to telefoner fra H\u00f8yre som truer med sanksjoner om jeg ikke stemmer FOR konsekvensutredning av zipline til Isfjorden &#8211; eller melder forfall til m\u00f8tet\u00a0i kommunestyret\u00bb, skrev TV-profil og lokalpolitiker Gaute Gr\u00f8tta Grav p\u00e5 Facebook i g\u00e5r.<\/p>\n<p class=\"font-weight-bold m-font-weight-bold\" data-lab-font_weight=\"font-weight-bold\">Striden dreier seg om lokale krefter som \u00f8nsker \u00e5 bygge verdens lengste zipline i Rauma.\u00a0<\/p>\n<p>En zipline er en st\u00e5lwire, der man hekter seg p\u00e5 i en ende og med tyngdekraftens hjelp \u00abzippe\u00bb til et annet, lavere punkt.\u00a0<\/p>\n<p>I Rauma er det selskapet Romsdalen AS som vil trekke en slik zipline 3,3 kilometer mellom fjelltoppen Nesaksla over vannet til Tokle i Isfjorden.\u00a0<\/p>\n<p>Utbyggerne mener installasjonen kan bli en turistatraksjon, men saken er blitt et stridstema lokalt i Rauma, der Gaute Gr\u00f8tta Grav sitter i kommunestyret for H\u00f8yre. <a href=\"https:\/\/www.nrk.no\/mr\/planar-om-verdas-lengste-zipline-skapar-splid-blant-folk-i-rauma-1.17634147\" rel=\"nofollow noopener\" target=\"_blank\">NRK har skrevet om konflikten<\/a>.\u00a0<\/p>\n<p>    <a itemprop=\"url\" href=\"https:\/\/www.dagbladet.no\/nyheter\/kjempesmell-for-ap\/83811352\" rel=\"nofollow noopener\" target=\"_blank\"><\/p>\n<p>      <img loading=\"lazy\" decoding=\"async\" src=\"https:\/\/www.europesays.com\/no\/wp-content\/uploads\/2025\/11\/83811382.webp\" width=\"980\" height=\"441\" title=\"Kjempesmell for Ap\" alt=\"\" class=\"lazyload\" style=\"--aspect-ratio-image: 2.22; \"\/><\/p>\n<p>        Kjempesmell for Ap <\/p>\n<p>    <\/a><\/p>\n<p>&#8211; Galskap\t<\/p>\n<p>Ogs\u00e5 innad i H\u00f8yre strides de: Partiet \u00f8nsker at representantene skal stemme for en konsekvensutredning av ziplinen. Men det \u00f8nsker ikke Gaute Gr\u00f8tta Grav.\u00a0<\/p>\n<p>&#8211; Rekka med argumenter er veldig lang. Jeg er ikke imot zipline i Rauma, det finnes allerede oppe i Romsdalen. Dette handler om lokalisering. \u00c5 dra en s\u00e5nn over en ikonisk fjord er galskap, b\u00e5de av hensyn til bolyst lokalt og natur. Landingsfeltet for denne ziplinen blir 30 meter fra et fuglereservat, sier Gaute Gr\u00f8tta Grav.\u00a0\u00a0<\/p>\n<p>&#8211; Jeg mener at vi som kommune m\u00e5 v\u00e6re forutsigbare. Av og til kommer det d\u00e5rlige ideer. Dette blir det nei til uansett, da er det like greit \u00e5 si nei allerede n\u00e5, for \u00e5 skape ro i bygda, sier han.\u00a0<\/p>\n<p>&#8211; Truet med suspensjon\t<\/p>\n<p>Men dette har if\u00f8lge Grav falt de lokale partikollegene tungt for brystet.\u00a0<\/p>\n<p>Han skriver at han i g\u00e5r fikk to henvendelser fra partiet, og at han ble truet med suspensjon dersom han ikke f\u00f8lger partilinja.\u00a0<\/p>\n<p>\u00abJeg m\u00e5 si rett ut at jeg synes det er uklokt &#8211; og lite i tr\u00e5d med H\u00f8yres egne verdier &#8211; \u00e5 bruke trusler om suspensjon eller sanksjoner fordi et medlem f\u00f8lger sin samvittighet i en sak som dette&#8230;N\u00e5r Rauma H\u00f8yre n\u00e5 sier at jeg kan suspenderes dersom jeg stemmer etter min overbevisning, sender det et farlig signal &#8211; ikke til meg, men til velgerne:\u00bb, skriver Grav.\u00a0<\/p>\n<p>    <a itemprop=\"url\" href=\"https:\/\/www.dagbladet.no\/nyheter\/fortsatt-taus-har-ingen-frist\/83808437\" rel=\"nofollow noopener\" target=\"_blank\"><\/p>\n<p>      <img loading=\"lazy\" decoding=\"async\" src=\"https:\/\/www.europesays.com\/no\/wp-content\/uploads\/2025\/11\/83808461.webp\" width=\"980\" height=\"441\" title=\"Fortsatt taus: Har ingen frist\" alt=\"\" class=\"lazyload\" style=\"--aspect-ratio-image: 2.22; \"\/><\/p>\n<p>        Fortsatt taus: Har ingen frist<\/p>\n<p>    <\/a><\/p>\n<p>Til Dagbladet sier han at henvendelsen kom fra lokale H\u00f8yre-folk.<\/p>\n<p>&#8211; Men s\u00e5 var det noe utvikling i g\u00e5r kveld. Sp\u00f8rsm\u00e5let er om de kan binde kommunestyregruppa i et sp\u00f8rsm\u00e5l som dette, sier Grav.\u00a0<\/p>\n<p>\u00a0&#8211; De valgte \u00e5 binde gruppa i forig\u00e5rs, men det er ikke greit. Det skal mye til \u00e5 binde lokalpolitiker til en sak.\u00a0H\u00f8yre har ikke g\u00e5tt til valg p\u00e5 dette, sier han.\u00a0<\/p>\n<p>&#8211; Har ikke truet ham\t<\/p>\n<p>Gruppeleder i Rauma H\u00f8yre, \u00d8yvind Hovde, er blant de som har snakket med Gaute Gr\u00f8tta Grav.\u00a0<\/p>\n<p>&#8211; Jeg har snakket med ham, ja. Jeg har orientert ham om at vi vil binde gruppa, og at vi forventer at alle som representerer H\u00f8yre stemmer for en utredning, sier Hovde til Dagbladet.\u00a0<\/p>\n<p>&#8211; Dette er en prinsipielt viktig sak. Det handler om n\u00e6ringsutvikling. \u00c5 skulle stoppe planer f\u00f8r utredning vil v\u00e6re en alvorlig feil, sier Hovde.\u00a0<\/p>\n<p class=\"italic m-italic\" data-lab-italic=\"italic\">&#8211; Gaute Gr\u00f8tta Grav sier han er blitt truet med suspensjon. Stemmer det?<\/p>\n<p>&#8211; Han er ikke blitt truet. Han er orientert om avgj\u00f8relsen og reglementet for medlemmer. Der st\u00e5r det ogs\u00e5 noe om suspensjon, sier Hovde.\u00a0<\/p>\n<p>Det skal stemmes over saken i Rauma i morgen, torsdag.\u00a0<\/p>\n<p>&#8211; Hva blir konsekvensen dersom han ikke stemmer i tr\u00e5d med partilinja her?<\/p>\n<p>&#8211; N\u00e5 h\u00e5per jeg f\u00f8rst og fremst at han tar til fornuften, s\u00e5 f\u00e5r vi ta den diskusjonen etterp\u00e5, sier Hovde.\u00a0<\/p>\n","protected":false},"excerpt":{"rendered":"Gaute Gr\u00f8tta Grav hevder han er blitt truet med suspensjon fra Rauma H\u00f8yre dersom han ikke stemmer for&hellip;\n","protected":false},"author":2,"featured_media":78892,"comment_status":"","ping_status":"","sticky":false,"template":"","format":"standard","meta":{"footnotes":""},"categories":[5],"tags":[20,21,24,25,5835,15,19,22,23,17,18,62,13,30,28,29,14,16,41,3763,26,27],"class_list":{"0":"post-78891","1":"post","2":"type-post","3":"status-publish","4":"format-standard","5":"has-post-thumbnail","7":"category-overskrifter","8":"tag-breaking-news","9":"tag-breakingnews","10":"tag-featured-news","11":"tag-featurednews","12":"tag-gaute-grotta-grav","13":"tag-headlines","14":"tag-hovedoppslag","15":"tag-latest-news","16":"tag-latestnews","17":"tag-main-news","18":"tag-mainnews","19":"tag-naeringsliv","20":"tag-news","21":"tag-no","22":"tag-norge","23":"tag-norway","24":"tag-nyheter","25":"tag-overskrifter","26":"tag-politikk","27":"tag-rauma","28":"tag-top-stories","29":"tag-topstories"},"share_on_mastodon":{"url":"https:\/\/pubeurope.com\/@no\/115496469577794493","error":""},"_links":{"self":[{"href":"https:\/\/www.europesays.com\/no\/wp-json\/wp\/v2\/posts\/78891","targetHints":{"allow":["GET"]}}],"collection":[{"href":"https:\/\/www.europesays.com\/no\/wp-json\/wp\/v2\/posts"}],"about":[{"href":"https:\/\/www.europesays.com\/no\/wp-json\/wp\/v2\/types\/post"}],"author":[{"embeddable":true,"href":"https:\/\/www.europesays.com\/no\/wp-json\/wp\/v2\/users\/2"}],"replies":[{"embeddable":true,"href":"https:\/\/www.europesays.com\/no\/wp-json\/wp\/v2\/comments?post=78891"}],"version-history":[{"count":0,"href":"https:\/\/www.europesays.com\/no\/wp-json\/wp\/v2\/posts\/78891\/revisions"}],"wp:featuredmedia":[{"embeddable":true,"href":"https:\/\/www.europesays.com\/no\/wp-json\/wp\/v2\/media\/78892"}],"wp:attachment":[{"href":"https:\/\/www.europesays.com\/no\/wp-json\/wp\/v2\/media?parent=78891"}],"wp:term":[{"taxonomy":"category","embeddable":true,"href":"https:\/\/www.europesays.com\/no\/wp-json\/wp\/v2\/categories?post=78891"},{"taxonomy":"post_tag","embeddable":true,"href":"https:\/\/www.europesays.com\/no\/wp-json\/wp\/v2\/tags?post=78891"}],"curies":[{"name":"wp","href":"https:\/\/api.w.org\/{rel}","templated":true}]}}