{"id":78903,"date":"2025-11-05T10:00:09","date_gmt":"2025-11-05T10:00:09","guid":{"rendered":"https:\/\/www.europesays.com\/no\/78903\/"},"modified":"2025-11-05T10:00:09","modified_gmt":"2025-11-05T10:00:09","slug":"stale-solbakken-om-guardiolas-utspill-om-oscar-bobb","status":"publish","type":"post","link":"https:\/\/www.europesays.com\/no\/78903\/","title":{"rendered":"St\u00e5le Solbakken om Guardiolas utspill om Oscar Bobb"},"content":{"rendered":"\n<p class=\"_lead_o9xde_2 _lead_xtcu6_50 layout-component text-serif-m layout-normal text-serif-l layout-component layout-wide layout-padded _wide_17hqh_1 layout-padded\">Manchester City-manager Pep Guardiola antyder det, landslagssjef St\u00e5le Solbakken sier det rett ut: Oscar Bobb (22) kan ta enda mer plass.<\/p>\n<p><img alt=\" Foto: Bj\u00f8rn S. Delebekk \/ VG\" class=\"_image_qp4xg_65 layout-component layout-wide\" data-fullscreen- data-track-element-type=\"Article image fullscreen\" data-track-name=\"ImageFullscreen\" fetchpriority=\"high\" decoding=\"sync\" loading=\"eager\" height=\"2560\" itemprop=\"image\"  src=\"https:\/\/www.europesays.com\/no\/wp-content\/uploads\/2025\/11\/d40a18cf-dbb7-4e04-9e2b-84d29ef7da64\"  style=\"object-position:0% 0%\" width=\"3840\"\/> Foto: Bj\u00f8rn S. Delebekk \/ VG<\/p>\n<ul aria-hidden=\"true\" class=\"_images_18f0k_111\">\n<li><a class=\"_link_18f0k_116\" href=\"https:\/\/www.vg.no\/forfatter\/oeyvind-herrebroeden\" style=\"z-index:1\" title=\"\u00d8yvind Herrebr\u00f8den\" rel=\"nofollow noopener\" target=\"_blank\"><img alt=\"Bilde av \u00d8yvind Herrebr\u00f8den\" class=\"_image_18f0k_93\" fetchpriority=\"low\" loading=\"lazy\" decoding=\"async\" itemprop=\"image\"  src=\"https:\/\/www.europesays.com\/no\/wp-content\/uploads\/2025\/11\/1762336809_950_8bb7c2c0-7083-4b77-a732-7b476449021f\"  width=\"480\"\/><\/a><\/li>\n<\/ul>\n<p> Oppdatert onsdag 5. november kl. 10:31    <\/p>\n<ul class=\"_list_o9xde_3 _list_64s2r_85 _unordered_o9xde_106 text-sans-m\">\n<li class=\"_item_o9xde_30\">St\u00e5le Solbakken etterlyser at Oscar Bobb tar mer plass og blir t\u00f8ffere; sist landskamp fikk han dommen \u00abhan mangler alt\u00bb.<\/li>\n<li class=\"_item_o9xde_30\">\u00d8degaard er ute med skade, og Bobb kan igjen f\u00e5 mye spilletid mot Estland og Italia.<\/li>\n<li class=\"_item_o9xde_30\">Norge er garantert VM med fire poeng; Thorstvedt og Thorsby er tilbake i troppen.<\/li>\n<\/ul>\n<p>Vis mer <\/p>\n<p class=\"_paragraph_o9xde_4 _paragraph_xtcu6_10 layout-component text-serif-m layout-normal text-serif-m layout-padded\">\u2013 Han er en beskjeden mann. B\u00e5de her og der. I City og hos oss kan han v\u00e6re enda mer r\u00f8ff mot seg selv, sier Solbakken til VG.<\/p>\n<p class=\"_paragraph_o9xde_4 _paragraph_xtcu6_10 layout-component text-serif-m layout-normal text-serif-m layout-padded\">Manchester City-offensiven var et naturlig navn da landslagssjefen leste opp hvem som er tatt ut til de to siste VM-kvalifiseringskampene: <\/p>\n<p class=\"_paragraph_o9xde_4 _paragraph_xtcu6_10 layout-component text-serif-m layout-normal text-serif-m layout-padded\">Mot Estland p\u00e5 Ullevaal 13. november og mot Italia i Milano 16. november. Norge er <strong class=\"_strong_o9xde_25\">garantert<\/strong> i VM med fire poeng i disse.<\/p>\n<p class=\"_paragraph_o9xde_4 _paragraph_xtcu6_10 layout-component text-serif-m layout-normal text-serif-m layout-padded\">Martin \u00d8degaard er ikke med mot Estland og Italia som f\u00f8lge av sin langtidsskade. Landslagskapteinen var heller ikke med sist, og da ble Oscar Bobb den direkte erstatteren. <\/p>\n<p class=\"_paragraph_o9xde_4 _paragraph_xtcu6_10 layout-component text-serif-m layout-normal text-serif-m layout-padded\">Men Bobb en relativt brutal dom av landslagssjefen etter privatkampen mot New Zealand (1\u20131).<\/p>\n<p class=\"_paragraph_o9xde_4 _paragraph_xtcu6_10 layout-component text-serif-m layout-normal text-serif-m layout-padded\">\u2013 Han mangler alt, konkluderte Solbakken overfor <a href=\"https:\/\/www.vg.no\/sport\/i\/25LxKy\/solbakken-feller-knallhard-bobb-dom-han-mangler-alt\" data-track-element-type=\"Link\" data-track-id=\"link:25LxKy\" class=\"_link_o9xde_39\" rel=\"nofollow noopener\" target=\"_blank\">VG<\/a> etter kampen for tre uker siden.<\/p>\n<p>Norge-troppen mot Estland og Italia<\/p>\n<p class=\"_paragraph_o9xde_4 _paragraph_xtcu6_10 _paragraph_16v91_10 layout-component text-serif-m layout-normal text-sans-m layout-padded\"><strong class=\"_strong_o9xde_25\">Keepere: <\/strong>\u00d8rjan Nyland (Sevilla), Mathias Dyngeland (Brann), Egil Selvik (Watford).<\/p>\n<p class=\"_paragraph_o9xde_4 _paragraph_xtcu6_10 _paragraph_16v91_10 layout-component text-serif-m layout-normal text-sans-m layout-padded\"><strong class=\"_strong_o9xde_25\">Forsvar:<\/strong> Kristoffer Ajer (Brentford), Fredrik Bj\u00f8rkan (Bod\u00f8\/Glimt), Torbj\u00f8rn Heggem (Bologna), Sondre Lang\u00e5s (Derby), Marcus Holmgren Pedersen (Torino), Julian Ryerson (Borussia Dortmund), David M\u00f8ller Wolfe (Wolverhampton), Leo Skiri \u00d8stig\u00e5rd (Genoa).<\/p>\n<p class=\"_paragraph_o9xde_4 _paragraph_xtcu6_10 _paragraph_16v91_10 layout-component text-serif-m layout-normal text-sans-m layout-padded\"><strong class=\"_strong_o9xde_25\">Midtbane:<\/strong> Kristian Malt Arnstad (AGF), Patrick Berg (Bod\u00f8\/Glimt), Sander Berge (Fulham), Oscar Bobb (Manchester City), Aron D\u00f8nnum (Toulouse), Antonio Nusa (RB Leipzig), Andreas Schjelderup (Benfica), Morten Thorsby (Genoa), Kristian Thorstvedt (Sassuolo), Thelo Aasgaard (Rangers).<\/p>\n<p class=\"_paragraph_o9xde_4 _paragraph_xtcu6_10 _paragraph_16v91_10 layout-component text-serif-m layout-normal text-sans-m layout-padded\"><strong class=\"_strong_o9xde_25\">Angrep:<\/strong> Erling Braut Haaland (Manchester City), J\u00f8rgen Strand Larsen (Wolverhampton), Alexander S\u00f8rloth (Atl\u00e9tico).<\/p>\n<p class=\"_paragraph_o9xde_4 _paragraph_xtcu6_10 _paragraph_16v91_10 layout-component text-serif-m layout-normal text-sans-m layout-padded\">Eivind Helland (Brann) \u2013 som fikk debuten sist \u2013 er denne gangen p\u00e5 U21-landslaget. Det samme er Sverre Nypan (Middlesbrough).<\/p>\n<p>Vis mer<\/p>\n<p class=\"_paragraph_o9xde_4 _paragraph_xtcu6_10 layout-component text-serif-m layout-normal text-serif-m layout-padded\">F\u00f8r helgens Premier League-kamp mot Bournemouth fikk Pep Guardiola, nordmannens sjef p\u00e5 klubblaget, sp\u00f8rsm\u00e5l om Bobbs sesongstart.<\/p>\n<p class=\"_paragraph_o9xde_4 _paragraph_xtcu6_10 layout-component text-serif-m layout-normal text-serif-m layout-padded\">\u2013 Det \u00f8yeblikket han begynner \u00e5 tro p\u00e5 hvor god han er selv, det er \u00f8yeblikket han tar det neste steget i sin karriere, fastslo Guardiola.<\/p>\n<p class=\"_paragraph_o9xde_4 _paragraph_xtcu6_10 layout-component text-serif-m layout-normal text-serif-m layout-padded\">\u2013 Det jeg tror han legger i det, er at han kanskje m\u00e5 bli litt t\u00f8ffere med seg selv og motstandere. Bli litt mer fandenivoldsk. Bli litt mer \u00abher kommer jeg!\u00bb. Stole enda mer p\u00e5 avslutningsegenskapene sine, at han har f\u00e5r fullf\u00f8rt \u00e9n-mot-\u00e9n-situasjonene med m\u00e5lgivende og m\u00e5l, sier Solbakken om Guardiola-utspillet.<\/p>\n<p class=\"_paragraph_o9xde_4 _paragraph_xtcu6_10 layout-component text-serif-m layout-normal text-serif-m layout-padded\">\u2013 Har du snakket med Guardiola om nettopp dette?<\/p>\n<p class=\"_paragraph_o9xde_4 _paragraph_xtcu6_10 layout-component text-serif-m layout-normal text-serif-m layout-padded\">\u2013 Vi har pratet mye om Oscar. Ikke akkurat det temaet der. Men det at han har mer inni seg.<\/p>\n<p class=\"_paragraph_o9xde_4 _paragraph_xtcu6_10 layout-component text-serif-m layout-normal text-serif-m layout-padded\">\u2013 Var det for \u00e5 vekke noe i ham at du ga ham s\u00e5pass t\u00f8ff vurdering sist?<\/p>\n<p class=\"_paragraph_o9xde_4 _paragraph_xtcu6_10 layout-component text-serif-m layout-normal text-serif-m layout-padded\">\u2013 Kanskje, svarer Solbakken \u2013 med et smil som antyder det.<\/p>\n<p class=\"_paragraph_o9xde_4 _paragraph_xtcu6_10 layout-component text-serif-m layout-normal text-serif-m layout-padded\">\u2013 Var du for t\u00f8ff?<\/p>\n<p class=\"_paragraph_o9xde_4 _paragraph_xtcu6_10 layout-component text-serif-m layout-normal text-serif-m layout-padded\">\u2013 Nei, jeg har snakket med Oscar. Han overlever det, sier landslagssjefen.<\/p>\n<p class=\"_paragraph_o9xde_4 _paragraph_xtcu6_10 layout-component text-serif-m layout-normal text-serif-m layout-padded\">Manchester City m\u00f8ter onsdag Borussia Dortmund hjemme p\u00e5 Etihad i Champions League.<\/p>\n<p class=\"_paragraph_o9xde_4 _paragraph_xtcu6_10 layout-component text-serif-m layout-normal text-serif-m layout-padded\">Ettersom \u00d8degaard er skadet, Branns Felix Horn Myhre har v\u00e6rt det samme og Sverre Nypan er degradert til U21-landslaget, er det gode muligheter for spilletid for Oscar Bobb ogs\u00e5 i de to kampene som avgj\u00f8r Norges VM-deltagelse neste sommer.<\/p>\n<p class=\"_paragraph_o9xde_4 _paragraph_xtcu6_10 layout-component text-serif-m layout-normal text-serif-m layout-padded\">\u2013 Vi har med ganske mange som kan spille indrel\u00f8pere. Det sp\u00f8rs litt hva vi velger av system \u2013 om det er \u00e9n eller to eller tre av dem, sier Solbakken.<\/p>\n<p class=\"_paragraph_o9xde_4 _paragraph_xtcu6_10 layout-component text-serif-m layout-normal text-serif-m layout-padded\">Fotballpodden diskuterte uttaket i episoden natt til onsdag:<\/p>\n<p class=\"_paragraph_o9xde_4 _paragraph_xtcu6_10 layout-component text-serif-m layout-normal text-serif-m layout-padded\">En gammel favoritt er en ny kandidat: St\u00e5le Solbakken hentet Kristian Thorstvedt inn i troppen. <\/p>\n<p class=\"_paragraph_o9xde_4 _paragraph_xtcu6_10 layout-component text-serif-m layout-normal text-serif-m layout-padded\">Han spilte sist for A-landslaget i november 2024 og har rukket b\u00e5de en operasjon og et opprykk siden den gang. <\/p>\n<p class=\"_paragraph_o9xde_4 _paragraph_xtcu6_10 layout-component text-serif-m layout-normal text-serif-m layout-padded\">N\u00e5 har han startet de fire siste kampene i Serie A for Sassuolo. <\/p>\n<p class=\"_paragraph_o9xde_4 _paragraph_xtcu6_10 layout-component text-serif-m layout-normal text-serif-m layout-padded\">Ogs\u00e5 Morten Thorsby er tilbake etter \u00e5 ha v\u00e6rt ute av forrige tropp som f\u00f8lge av manglende spilletid.<\/p>\n<p class=\"_paragraph_o9xde_4 _paragraph_xtcu6_10 layout-component text-serif-m layout-normal text-serif-m layout-padded\">\u2013 Dette er kamper som det blir et ok press rundt. Begge to har v\u00e6rt med mye f\u00f8r og vet hva det dreier seg om. Kristian har b\u00e5de m\u00e5lnese og defensive kvaliteter, begrunner Solbakken.<\/p>\n","protected":false},"excerpt":{"rendered":"Manchester City-manager Pep Guardiola antyder det, landslagssjef St\u00e5le Solbakken sier det rett ut: Oscar Bobb (22) kan ta&hellip;\n","protected":false},"author":2,"featured_media":78904,"comment_status":"","ping_status":"","sticky":false,"template":"","format":"standard","meta":{"footnotes":""},"categories":[59],"tags":[3163,671,30,28,29,1386,161,83,82],"class_list":{"0":"post-78903","1":"post","2":"type-post","3":"status-publish","4":"format-standard","5":"has-post-thumbnail","7":"category-sport","8":"tag-herrelandslaget-fotball","9":"tag-manchester-city","10":"tag-no","11":"tag-norge","12":"tag-norway","13":"tag-oscar-bobb","14":"tag-premier-league","15":"tag-sport","16":"tag-sports"},"share_on_mastodon":{"url":"https:\/\/pubeurope.com\/@no\/115496513061281039","error":""},"_links":{"self":[{"href":"https:\/\/www.europesays.com\/no\/wp-json\/wp\/v2\/posts\/78903","targetHints":{"allow":["GET"]}}],"collection":[{"href":"https:\/\/www.europesays.com\/no\/wp-json\/wp\/v2\/posts"}],"about":[{"href":"https:\/\/www.europesays.com\/no\/wp-json\/wp\/v2\/types\/post"}],"author":[{"embeddable":true,"href":"https:\/\/www.europesays.com\/no\/wp-json\/wp\/v2\/users\/2"}],"replies":[{"embeddable":true,"href":"https:\/\/www.europesays.com\/no\/wp-json\/wp\/v2\/comments?post=78903"}],"version-history":[{"count":0,"href":"https:\/\/www.europesays.com\/no\/wp-json\/wp\/v2\/posts\/78903\/revisions"}],"wp:featuredmedia":[{"embeddable":true,"href":"https:\/\/www.europesays.com\/no\/wp-json\/wp\/v2\/media\/78904"}],"wp:attachment":[{"href":"https:\/\/www.europesays.com\/no\/wp-json\/wp\/v2\/media?parent=78903"}],"wp:term":[{"taxonomy":"category","embeddable":true,"href":"https:\/\/www.europesays.com\/no\/wp-json\/wp\/v2\/categories?post=78903"},{"taxonomy":"post_tag","embeddable":true,"href":"https:\/\/www.europesays.com\/no\/wp-json\/wp\/v2\/tags?post=78903"}],"curies":[{"name":"wp","href":"https:\/\/api.w.org\/{rel}","templated":true}]}}