{"id":78913,"date":"2025-11-05T10:08:14","date_gmt":"2025-11-05T10:08:14","guid":{"rendered":"https:\/\/www.europesays.com\/no\/78913\/"},"modified":"2025-11-05T10:08:14","modified_gmt":"2025-11-05T10:08:14","slug":"norske-carl-festet-med-new-yorks-borgermester","status":"publish","type":"post","link":"https:\/\/www.europesays.com\/no\/78913\/","title":{"rendered":"Norske Carl festet med New Yorks borgermester"},"content":{"rendered":"\n<p class=\"_lead_o9xde_2 _lead_xtcu6_50 layout-component text-serif-m layout-normal text-serif-l layout-component layout-wide layout-padded _wide_17hqh_1 layout-padded\">Da Norske Carl Philip Dybwad og kollektivet holdt innflytningsfest tidligere i h\u00f8st dukket New Yorks nyvalgte borgermester Zohran Mamdani opp.<\/p>\n<p><img alt=\"Zohran Mamdani (t.v.) i stuen til norske Carl Philip Dybwad. Foto: Privat\" class=\"_image_qp4xg_65 layout-component layout-wide\" data-fullscreen- data-track-element-type=\"Article image fullscreen\" data-track-name=\"ImageFullscreen\" fetchpriority=\"high\" decoding=\"sync\" loading=\"eager\" height=\"3405\" itemprop=\"image\"  src=\"https:\/\/www.europesays.com\/no\/wp-content\/uploads\/2025\/11\/e9f14195-c445-4bc9-b9d1-fca2ffa1c6a8\"  style=\"object-position:0% 0%\" width=\"3024\"\/>Zohran Mamdani (t.v.) i stuen til norske Carl Philip Dybwad. Foto: Privat<\/p>\n<ul aria-hidden=\"true\" class=\"_images_18f0k_111\">\n<li><a class=\"_link_18f0k_116\" href=\"https:\/\/www.vg.no\/forfatter\/anne-sofie-roennfeldt\" style=\"z-index:1\" title=\"Anne Sofie R\u00f8nnfeldt\" rel=\"nofollow noopener\" target=\"_blank\"><img alt=\"Bilde av Anne Sofie R\u00f8nnfeldt\" class=\"_image_18f0k_93\" fetchpriority=\"low\" loading=\"lazy\" decoding=\"async\" itemprop=\"image\"  src=\"https:\/\/www.europesays.com\/no\/wp-content\/uploads\/2025\/11\/4634311d-064a-4086-be75-18a6e8a88835\"  width=\"480\"\/><\/a><\/li>\n<\/ul>\n<p> Oppdatert onsdag 5. november kl. 10:06     <\/p>\n<p class=\"_paragraph_o9xde_4 _paragraph_xtcu6_10 layout-component text-serif-m layout-normal text-serif-m layout-padded\">\u2013 Han er en skikkelig trivelig type, forteller Carl Philip Dybwad p\u00e5 telefon fra USA.<\/p>\n<p class=\"_paragraph_o9xde_4 _paragraph_xtcu6_10 layout-component text-serif-m layout-normal text-serif-m layout-padded\">Dybwad jobber i New York, og bor sammen med kommunikasjonssjefen til New York Citys nyvalgte borgermester <a href=\"https:\/\/www.vg.no\/tag\/zohran-mamdani?utm_source=vg-article&amp;utm_medium=auto-tagger&amp;utm_campaign=bm9gnA\" class=\"_link_o9xde_39\" rel=\"nofollow noopener\" target=\"_blank\">Zohran Mamdani<\/a>. <\/p>\n<p class=\"_paragraph_o9xde_4 _paragraph_xtcu6_10 layout-component text-serif-m layout-normal text-serif-m layout-padded\">Da kollektivet skulle holde innflytningsfest i slutten av september, kom Mamdani plutselig p\u00e5 bes\u00f8k.<\/p>\n<p class=\"_paragraph_o9xde_4 _paragraph_xtcu6_10 layout-component text-serif-m layout-normal text-serif-m layout-padded\">\u2013 Vi tulla med at han skulle komme. Plutselig s\u00e5 jeg at roomien min kom opp trappen med Zohran. Jeg hilste p\u00e5 han, og spurte hva han het. Men jeg visste jo \u00e5penbart hvem han var. <\/p>\n<p><img alt=\"Carl Philp Dybwad med venner p\u00e5 valgvake i New York natt til onsdag.   Foto: Privat\" class=\"_image_qp4xg_65 layout-component layout-normal\" data-fullscreen- data-track-element-type=\"Article image fullscreen\" data-track-name=\"ImageFullscreen\" decoding=\"async\" loading=\"lazy\" height=\"1282\" itemprop=\"image\"  src=\"https:\/\/www.europesays.com\/no\/wp-content\/uploads\/2025\/11\/c4ef9c24-57a9-436b-ba6d-22371cd66e93\"  style=\"object-position:0% 0%\" width=\"1709\"\/>Carl Philp Dybwad med venner p\u00e5 valgvake i New York natt til onsdag.   Foto: Privat<\/p>\n<p class=\"_paragraph_o9xde_4 _paragraph_xtcu6_10 layout-component text-serif-m layout-normal text-serif-m layout-padded\">Dybwad forteller at han er blodfan av Mamdani, og skrev ut til alle vennene sine som hadde meldt avbud til festen.<\/p>\n<p class=\"_paragraph_o9xde_4 _paragraph_xtcu6_10 layout-component text-serif-m layout-normal text-serif-m layout-padded\">\u2013 Jeg teksten dem at Zohran var i leiligheten. Da skrev alle at de kom likevel, sier Dybwad som forteller at de hadde demokraten p\u00e5 bes\u00f8k i rundt to timer. <\/p>\n<p class=\"_paragraph_o9xde_4 _paragraph_xtcu6_10 layout-component text-serif-m layout-normal text-serif-m layout-padded\">Det lyktes dessverre ikke blodfanen \u00e5 f\u00e5 en selfie med Mamdani, da demokraten ikke \u00f8nsket \u00e5 bli tatt bilder av. Dybwad s\u00f8rget likevel for \u00e5 sikre seg et bildebevis av bes\u00f8ket i stuen. <\/p>\n<p class=\"_paragraph_o9xde_4 _paragraph_xtcu6_10 layout-component text-serif-m layout-normal text-serif-m layout-padded\">\u2013 Det er sykt g\u00f8y at han vant! Jeg h\u00e5per \u00e5 se han igjen, sier nordmannen. <\/p>\n<ul class=\"_gallery_1qa3s_23\" tabindex=\"0\">\n<li class=\"_item_1qa3s_37\" data-index=\"0\"><img decoding=\"async\" class=\"_image_foru8_23 _articleGallery_foru8_39\" data-fullscreen- width=\"1536\" height=\"2048\" itemprop=\"image\" loading=\"lazy\"  src=\"https:\/\/www.europesays.com\/no\/wp-content\/uploads\/2025\/11\/c64df9fa-ddaa-4bd8-8f5f-71d4664ec4f4\"  style=\"object-position:50% 50%;aspect-ratio:var(--gallery-aspect-ratio, 16 \/ 9)\"\/>Lekha Sunder, kommunikasjonsdirekt\u00f8r for Zohran Mamdani Foto: Privat<\/li>\n<\/ul>\n<p>Lekha Sunder, kommunikasjonsdirekt\u00f8r for Zohran Mamdani Foto: Privat<\/p>\n<p> \u00abClean sweep\u00bb<\/p>\n<p class=\"_paragraph_o9xde_4 _paragraph_xtcu6_10 layout-component text-serif-m layout-normal text-serif-m layout-padded\">\u2013 Dette var f\u00f8rst og fremst en proteststemme mot Donald Trump, skriver Hilmar Mjelde i en e-post til VG. Han er professor i statsvitenskap ved H\u00f8gskulen p\u00e5 Vestlandet. <\/p>\n<p class=\"_paragraph_o9xde_4 _paragraph_xtcu6_10 layout-component text-serif-m layout-normal text-serif-m layout-padded\">\u2013 Demokratene gj\u00f8r det klart bedre enn forventet. Flere av disse valgene var ventet \u00e5 bli en del jevnere. Dette var jo en s\u00e5kalt \u2018clean sweep\u2019, alts\u00e5 suksess nasjonalt i ganske forskjellige typer valg.<\/p>\n<p class=\"_paragraph_o9xde_4 _paragraph_xtcu6_10 layout-component text-serif-m layout-normal text-serif-m layout-padded\">Dette er de tre demokratiske valgvinnerne:<\/p>\n<ul class=\"_list_o9xde_3 _list_xtcu6_9 _unordered_o9xde_106 layout-component text-serif-m layout-normal text-serif-m layout-padded\">\n<li class=\"_item_o9xde_30\">Zohran Mamdani, New York City (borgermestervalg)<\/li>\n<li class=\"_item_o9xde_30\">Abigail Spanberger, Virginia (guvern\u00f8rvalg)<\/li>\n<li class=\"_item_o9xde_30\">Mikie Sherrill, New Jersey (guvern\u00f8rvalg)<\/li>\n<\/ul>\n<ul class=\"_gallery_1qa3s_23\" tabindex=\"0\">\n<li class=\"_item_1qa3s_37\" data-index=\"0\"><img decoding=\"async\" class=\"_image_foru8_23 _articleGallery_foru8_39\" data-fullscreen- width=\"4800\" height=\"3201\" itemprop=\"image\" loading=\"lazy\"  src=\"https:\/\/www.europesays.com\/no\/wp-content\/uploads\/2025\/11\/c6904d06-9aa3-4101-a178-95e5fdda52bd\"  style=\"object-position:50% 50%;aspect-ratio:var(--gallery-aspect-ratio, 16 \/ 9)\"\/>Zohran Mamdani, New York City Foto: Thomas Nilsson \/ VG<\/li>\n<li class=\"_item_1qa3s_37\" data-index=\"1\"><img decoding=\"async\" class=\"_image_foru8_23 _articleGallery_foru8_39\" data-fullscreen- width=\"4562\" height=\"3041\" itemprop=\"image\" loading=\"lazy\"  src=\"https:\/\/www.europesays.com\/no\/wp-content\/uploads\/2025\/11\/12215ecf-ef3c-4188-8356-e4e7a2b4b6a7\"  style=\"object-position:50% 50%;aspect-ratio:var(--gallery-aspect-ratio, 16 \/ 9)\"\/>Mikie Sherrill, New Jersey Foto: EDUARDO MUNOZ ALVAREZ \/ AFP \/ NTB<\/li>\n<li class=\"_item_1qa3s_37\" data-index=\"2\"><img decoding=\"async\" class=\"_image_foru8_23 _articleGallery_foru8_39\" data-fullscreen- width=\"1969\" height=\"1313\" itemprop=\"image\" loading=\"lazy\"  src=\"https:\/\/www.europesays.com\/no\/wp-content\/uploads\/2025\/11\/8b71ebac-aaf6-4048-895c-13a63e6d9097\"  style=\"object-position:50% 50%;aspect-ratio:var(--gallery-aspect-ratio, 16 \/ 9)\"\/>Abigail Spanberger, Virginia Foto: Jay Paul \/ Reuters \/ NTB<\/li>\n<\/ul>\n<p>Zohran Mamdani, New York City Foto: Thomas Nilsson \/ VG<\/p>\n<p class=\"_paragraph_o9xde_4 _paragraph_xtcu6_10 layout-component text-serif-m layout-normal text-serif-m layout-padded\">I tillegg fikk Demokratene flertall i en folkeavstemning i California, som gjelder en omskriving av valgdistriktene. <\/p>\n<p class=\"_paragraph_o9xde_4 _paragraph_xtcu6_10 layout-component text-serif-m layout-normal text-serif-m layout-padded\">\u2013 Trump har v\u00e6rt langt mer radikal i sin andre periode enn det for flest er. <\/p>\n<p class=\"_paragraph_o9xde_4 _paragraph_xtcu6_10 layout-component text-serif-m layout-normal text-serif-m layout-padded\">Mjelde understreker at mens Trump ble valgt for \u00e5 forbedre den personlige \u00f8konomien til velgerne, har han fokusert p\u00e5 egne politiske og private interesser og utenrikspolitikk.<\/p>\n<p class=\"_paragraph_o9xde_4 _paragraph_xtcu6_10 layout-component text-serif-m layout-normal text-serif-m layout-padded\">\u2013 Velgerne sender et klart signal om at de ikke syns han leverer p\u00e5 sitt viktigste valgl\u00f8fte, som var \u00e5 gi folk bedre r\u00e5d.<\/p>\n<p><img decoding=\"async\" alt=\"Bilde av Hilmar Mjelde\" class=\"_image_ygndg_42\" height=\"40\" itemprop=\"image\" loading=\"lazy\"  src=\"https:\/\/www.europesays.com\/no\/wp-content\/uploads\/2025\/11\/41f74beb-0d2f-4486-8ba3-93b2330f0cb1\"  width=\"40\"\/><strong class=\"_name_ygndg_51 title-serif-xs\">Hilmar Mjelde<\/strong><\/p>\n<p class=\"_paragraph_o9xde_4 text-sans-m _description_ygndg_56\">Professor i statsvitenskap, H\u00f8gskulen p\u00e5 Vestlandet<\/p>\n<p class=\"_paragraph_o9xde_4 _paragraph_xtcu6_10 layout-component text-serif-m layout-normal text-serif-m layout-padded\">Eirik L\u00f8kke peker ogs\u00e5 p\u00e5 \u00f8konomi som en viktig ingrediens i Demokratenes suksessoppskrift. <\/p>\n<p class=\"_paragraph_o9xde_4 _paragraph_xtcu6_10 layout-component text-serif-m layout-normal text-serif-m layout-padded\">\u2013 Det har v\u00e6rt gjennomg\u00e5ende. Selv Mamdani fokuserte p\u00e5 levekostnader, og veldig lite p\u00e5 identitetspolitikk. Demokratene kj\u00f8rte p\u00e5 \u00f8konomisk politikk, og ble ikke lurt inn i kulturkrig og woke.<\/p>\n<p> \u2013 En perfekt konfliktlinje<\/p>\n<p class=\"_paragraph_o9xde_4 _paragraph_xtcu6_10 layout-component text-serif-m layout-normal text-serif-m layout-padded\">I forkant av valget truet Trump<a href=\"https:\/\/www.vg.no\/nyheter\/i\/8qeAo1\/new-york-kampen-som-trigger-trump?utm_source=sdrn%3Avg%3Aarticle%3APp63yX&amp;utm_medium=Link&amp;utm_content=link%3A8qeAo1\" data-track-element-type=\"Link\" data-track-id=\"link:8qeAo1\" class=\"_link_o9xde_39\" rel=\"nofollow noopener\" target=\"_blank\">\u00a0New York med \u00f8konomiske kutt<\/a>, dersom Mamdani skulle vinne. Tidlig onsdag morgen norsk tid kom presidenten med sin f\u00f8rste respons p\u00e5 valget:<\/p>\n<p class=\"_paragraph_o9xde_4 _paragraph_xtcu6_10 layout-component text-serif-m layout-normal text-serif-m layout-padded\">\u00ab &#8230; N\u00c5 STARTER DET!\u00bb.<\/p>\n<p><img alt=\"Skjermbilde tatt klokken 07:05 onsdag 5. november.  Foto: Skjermbilde\/Truth Social\" class=\"_image_qp4xg_65 layout-component layout-normal\" data-fullscreen- data-track-element-type=\"Article image fullscreen\" data-track-name=\"ImageFullscreen\" decoding=\"async\" loading=\"lazy\" height=\"167\" itemprop=\"image\"  src=\"https:\/\/www.europesays.com\/no\/wp-content\/uploads\/2025\/11\/f6954885-a3ad-4e75-94d6-4928c75da5db\"  style=\"object-position:0% 0%\" width=\"494\"\/>Skjermbilde tatt klokken 07:05 onsdag 5. november.  Foto: Skjermbilde\/Truth Social<\/p>\n<p class=\"_paragraph_o9xde_4 _paragraph_xtcu6_10 layout-component text-serif-m layout-normal text-serif-m layout-padded\">L\u00f8kke tror likevel at Trump er glad for at Mamdani vant.<\/p>\n<p class=\"_paragraph_o9xde_4 _paragraph_xtcu6_10 layout-component text-serif-m layout-normal text-serif-m layout-padded\">\u2013 Det gir Trump en perfekt konfliktlinje. Han kan portrettere Mamdani som Demokratenes ansikt utad, og bruke \u00abkommunisten i New York\u00bb til \u00e5 skremme velgere. <\/p>\n<p><img decoding=\"async\" alt=\"Bilde av Eirik L\u00f8kke\" class=\"_image_ygndg_42\" height=\"32\" itemprop=\"image\" loading=\"lazy\"  src=\"https:\/\/www.europesays.com\/no\/wp-content\/uploads\/2025\/11\/e7c9e365-a58d-4bbc-a412-8cdb6473128e\"  width=\"40\"\/><strong class=\"_name_ygndg_51 title-serif-xs\">Eirik L\u00f8kke<\/strong><\/p>\n<p class=\"_paragraph_o9xde_4 text-sans-m _description_ygndg_56\">R\u00e5dgiver, Civita<\/p>\n<p class=\"_paragraph_o9xde_4 _paragraph_xtcu6_10 layout-component text-serif-m layout-normal text-serif-m layout-padded\">Det er tre sv\u00e6rt ulike demokrater som gikk av med seieren i natt. Mamdani har erkl\u00e6rt seg selv som sosialistisk demokrat, mens de to sistnevnte er mer moderate. <\/p>\n<p class=\"_paragraph_o9xde_4 _paragraph_xtcu6_10 layout-component text-serif-m layout-normal text-serif-m layout-padded\">Det mener L\u00f8kke er positivt.<\/p>\n<p class=\"_paragraph_o9xde_4 _paragraph_xtcu6_10 layout-component text-serif-m layout-normal text-serif-m layout-padded\">\u2013 Demokratene trenger \u00e5 utvide feltet og gj\u00f8re alle velkomne. De trenger s\u00e5 mange som mulig for \u00e5 v\u00e6re i opposisjon til Trump. Et av Demokratenes problemer har v\u00e6rt at hvis man ikke er helt enig med deres linje, har man ikke funnet sin plass i partiet. <\/p>\n<p class=\"_paragraph_o9xde_4 _paragraph_xtcu6_10 layout-component text-serif-m layout-normal text-serif-m layout-padded\">N\u00e5r partiet n\u00e5 g\u00e5r i m\u00f8te med mellomvalg neste \u00e5r og presidentvalget i 2028, mener Mjelde likevel at partiet b\u00f8r styre mer mot midten. <\/p>\n<p class=\"_paragraph_o9xde_4 _paragraph_xtcu6_10 layout-component text-serif-m layout-normal text-serif-m layout-padded\">\u2013 De to nyvalgte guvern\u00f8rene er langt mer p\u00e5 linje med velgerne flest, noe Mamdani definitivt ikke er. Valget viser at om de nominerer normale demokrater, og pr\u00f8ver \u00e5 ha et moderat budskap, s\u00e5 ligger det godt an til et nasjonalt comeback i neste \u00e5rs kongressvalg.<\/p>\n","protected":false},"excerpt":{"rendered":"Da Norske Carl Philip Dybwad og kollektivet holdt innflytningsfest tidligere i h\u00f8st dukket New Yorks nyvalgte borgermester Zohran&hellip;\n","protected":false},"author":2,"featured_media":78914,"comment_status":"","ping_status":"","sticky":false,"template":"","format":"standard","meta":{"footnotes":""},"categories":[5],"tags":[20,21,24,25,15,19,22,23,17,18,97,13,30,28,29,14,16,26,27,50,5877],"class_list":{"0":"post-78913","1":"post","2":"type-post","3":"status-publish","4":"format-standard","5":"has-post-thumbnail","7":"category-overskrifter","8":"tag-breaking-news","9":"tag-breakingnews","10":"tag-featured-news","11":"tag-featurednews","12":"tag-headlines","13":"tag-hovedoppslag","14":"tag-latest-news","15":"tag-latestnews","16":"tag-main-news","17":"tag-mainnews","18":"tag-new-york","19":"tag-news","20":"tag-no","21":"tag-norge","22":"tag-norway","23":"tag-nyheter","24":"tag-overskrifter","25":"tag-top-stories","26":"tag-topstories","27":"tag-usa","28":"tag-zohran-mamdani"},"share_on_mastodon":{"url":"https:\/\/pubeurope.com\/@no\/115496544172054716","error":""},"_links":{"self":[{"href":"https:\/\/www.europesays.com\/no\/wp-json\/wp\/v2\/posts\/78913","targetHints":{"allow":["GET"]}}],"collection":[{"href":"https:\/\/www.europesays.com\/no\/wp-json\/wp\/v2\/posts"}],"about":[{"href":"https:\/\/www.europesays.com\/no\/wp-json\/wp\/v2\/types\/post"}],"author":[{"embeddable":true,"href":"https:\/\/www.europesays.com\/no\/wp-json\/wp\/v2\/users\/2"}],"replies":[{"embeddable":true,"href":"https:\/\/www.europesays.com\/no\/wp-json\/wp\/v2\/comments?post=78913"}],"version-history":[{"count":0,"href":"https:\/\/www.europesays.com\/no\/wp-json\/wp\/v2\/posts\/78913\/revisions"}],"wp:featuredmedia":[{"embeddable":true,"href":"https:\/\/www.europesays.com\/no\/wp-json\/wp\/v2\/media\/78914"}],"wp:attachment":[{"href":"https:\/\/www.europesays.com\/no\/wp-json\/wp\/v2\/media?parent=78913"}],"wp:term":[{"taxonomy":"category","embeddable":true,"href":"https:\/\/www.europesays.com\/no\/wp-json\/wp\/v2\/categories?post=78913"},{"taxonomy":"post_tag","embeddable":true,"href":"https:\/\/www.europesays.com\/no\/wp-json\/wp\/v2\/tags?post=78913"}],"curies":[{"name":"wp","href":"https:\/\/api.w.org\/{rel}","templated":true}]}}