{"id":78922,"date":"2025-11-05T10:20:52","date_gmt":"2025-11-05T10:20:52","guid":{"rendered":"https:\/\/www.europesays.com\/no\/78922\/"},"modified":"2025-11-05T10:20:52","modified_gmt":"2025-11-05T10:20:52","slug":"minneord-odd-martinsen-takk-for-alt-odd-en-bauta-for-skiidretten-har-gatt-bort","status":"publish","type":"post","link":"https:\/\/www.europesays.com\/no\/78922\/","title":{"rendered":"Minneord, Odd Martinsen | Takk for alt, Odd! En bauta for skiidretten har g\u00e5tt bort"},"content":{"rendered":"\n<p>Odd hadde store meritter \u2013 idrettslig, organisatorisk og forretningsmessig. Men for oss i Skigruppa var han f\u00f8rst og fremst Odd \u2013 han som stod p\u00e5 sent og tidlig for \u00e5 skape gode leke- og skimuligheter for barn og unge. En ildsjel som aldri gikk tom for energi og skaperlyst. Samtidig n\u00f8ktern, n\u00f8ysom, og helst i bakgrunnen, slik disse to historiene viser:<\/p>\n<p>P\u00e5 Skistua hang det et bilde av ham fra tiden han gikk for et annet idrettslag. Det tok han ned \u2013 bilder i Skistua skulle v\u00e6re av NIL-l\u00f8pere, sm\u00e5 eller store. Det hjalp ikke at han hadde medalje rundt halsen.<\/p>\n<p>P\u00e5 en lampeskjerm i Skistua hang det ulike typer ski, med en Fischer-ski p\u00e5 framsiden. Den flyttet Odd til baksiden \u2013 og hengte en Bl\u00e5-ski foran. Slik var Odd.<\/p>\n<p>Vi minnes en mann som, siden tidlig p\u00e5 90-tallet, brukte utallige timer og krefter for Skigruppa \u2013 alltid med m\u00e5l om \u00e5 skape muligheter for barn og unge.<\/p>\n<p>I 1968 ble han \u00e6resmedlem i NIL for sine idrettslige prestasjoner. Fra 1992 til 1995 var han leder i Skigruppa, en periode preget av stor utvikling. Rodesjefsordningen ble etablert, l\u00f8ypenettet ble utvidet (bl.a. 5-kilometeren, Sk\u00f8ytel\u00f8ypa og Lysl\u00f8ypa), og Skistua ble prosjektert og bygget fra 1995 til 1997 \u2013 med Odd som b\u00e5de byggekomit\u00e9leder og prosjektleder.<\/p>\n<p>Disse prosjektene la grunnlaget for \u00f8kt rekruttering utover 90- og 2000-tallet, og ga barn og unge enda flere muligheter til ski og lek. Odd var en mester i \u00e5 arrangere dugnader og f\u00e5 folk med seg, slik at det aller meste ble gjort p\u00e5 dugnad \u2013 noe som ogs\u00e5 bidro til en sunn \u00f8konomi for Skigruppa.<\/p>\n<p>Da Skistua skulle bygges ut i 2017, tok Odd igjen jobben som prosjektleder. Med gode hjelpere ble alt som kunne gj\u00f8res p\u00e5 dugnad, gjort p\u00e5 dugnad. Etter forslag fra Odd investerte vi i vannb\u00e5ren jordvarme \u2013 noe som med dagens str\u00f8mpriser viste seg \u00e5 v\u00e6re sv\u00e6rt klokt.<\/p>\n<p>Fra sesongen 2017 startet Skigruppa med sn\u00f8produksjon \u2013 ogs\u00e5 der bidro Odd aktivt.<\/p>\n<p>Da rulleskianlegget stod ferdig i 2022, var det etter mange \u00e5rs arbeid. Odd var sentral i oppstartsfasen, blant annet med bygging av bruer p\u00e5 S\u00f8rli. Han og kona Hanne bidro ogs\u00e5 \u00f8konomisk. P\u00e5 grunn av helsa fikk ikke Odd deltatt like mye som han \u00f8nsket, men det betydde mye for oss at Odd var med p\u00e5 den h\u00f8ytidelige \u00e5pningen og var snorklipper. Det var en glede for Skigruppa \u00e5 kunne gi 1-kilometeren navnet Martinsen-runden, et navn som allerede er godt innarbeidet.<\/p>\n<p>  <a href=\"https:\/\/www.varingen.no\/5-92-362182\" class=\"related-teaser default-story-teaser article--c-eRUmMG article--c-eRUmMG-jKCPdD-design-default article--c-eRUmMG-kpKLOW-cv\" rel=\"nofollow noopener\" target=\"_blank\"><\/p>\n<p>\n            Les ogs\u00e5<\/p>\n<p>              Odd \u00e5pnet Martinsen-runden\n        <\/p>\n<p>  <\/a><\/p>\n<p>Det kunne v\u00e6re krevende \u00e5 samarbeide med Odd, fordi han stilte krav. Men aldri h\u00f8yere enn kravene han stilte til seg selv. Odd var en lobbyist for idretten og frivilligheten. Noe vi alle kan nyte godt av i dag.<\/p>\n<p>Odd fikk tildelt ildsjelprisen fra langrennskomiteen i Norges Skiforbund p\u00e5 H\u00f8stm\u00f8tet i 2021 for sin uvurderlige innsats og betydningen han har hatt for Skigruppa i Nittedal IL.<\/p>\n<p>Odd fulgte med p\u00e5 aktivitetene i Skigruppa til det siste. Vi vet at han var spesielt interessert i den nye garasjen som n\u00e5 bygges, men han fikk dessverre ikke muligheten til \u00e5 se at den ble ferdigstilt.<\/p>\n<p>Vi takker Odd for den enorme innsatsen han har lagt ned for Skigruppa gjennom mange \u00e5r. Uten ham hadde vi ikke hatt v\u00e5r egen skistue og det flotte ski- og rulleskianlegget vi har i dag, til stor glede for den oppvoksende slekt av skil\u00f8pere i Nittedal.<\/p>\n<p>Tusen takk, Odd!<\/p>\n<p>En stor takk ogs\u00e5 til kona Hanne, for at hun har lagt til rette for at Odd kunne bidra s\u00e5 mye, men ogs\u00e5 for sin egen utrettelige innsats for Skigruppa.<\/p>\n<p>Vi lyser fred over Odd Martinsens minne.<\/p>\n<p>  <a href=\"https:\/\/www.varingen.no\/5-92-665022\" class=\"related-teaser has-image default-opinion-teaser article--c-eRUmMG article--c-eRUmMG-jKCPdD-design-default\" rel=\"nofollow noopener\" target=\"_blank\"><\/p>\n<p>    <img decoding=\"async\" loading=\"lazy\"  src=\"https:\/\/www.europesays.com\/no\/wp-content\/uploads\/2025\/11\/Odd+Martinsen.jpg\" alt=\"\" class=\"brick-c-cFOWSL\" style=\"\"\/><\/p>\n<p>\n            Les ogs\u00e5<\/p>\n<p>              \u2013 Det viktigste for Odd var \u00e5 f\u00e5 jobben gjort\n        <\/p>\n<p>  <\/a><\/p>\n","protected":false},"excerpt":{"rendered":"Odd hadde store meritter \u2013 idrettslig, organisatorisk og forretningsmessig. Men for oss i Skigruppa var han f\u00f8rst og&hellip;\n","protected":false},"author":2,"featured_media":78923,"comment_status":"","ping_status":"","sticky":false,"template":"","format":"standard","meta":{"footnotes":""},"categories":[59],"tags":[36,692,10810,30,28,29,9980,1533,83,82],"class_list":{"0":"post-78922","1":"post","2":"type-post","3":"status-publish","4":"format-standard","5":"has-post-thumbnail","7":"category-sport","8":"tag-art","9":"tag-minneord","10":"tag-nil-ski","11":"tag-no","12":"tag-norge","13":"tag-norway","14":"tag-odd-martinsen","15":"tag-opinion","16":"tag-sport","17":"tag-sports"},"share_on_mastodon":{"url":"https:\/\/pubeurope.com\/@no\/115496595207875786","error":""},"_links":{"self":[{"href":"https:\/\/www.europesays.com\/no\/wp-json\/wp\/v2\/posts\/78922","targetHints":{"allow":["GET"]}}],"collection":[{"href":"https:\/\/www.europesays.com\/no\/wp-json\/wp\/v2\/posts"}],"about":[{"href":"https:\/\/www.europesays.com\/no\/wp-json\/wp\/v2\/types\/post"}],"author":[{"embeddable":true,"href":"https:\/\/www.europesays.com\/no\/wp-json\/wp\/v2\/users\/2"}],"replies":[{"embeddable":true,"href":"https:\/\/www.europesays.com\/no\/wp-json\/wp\/v2\/comments?post=78922"}],"version-history":[{"count":0,"href":"https:\/\/www.europesays.com\/no\/wp-json\/wp\/v2\/posts\/78922\/revisions"}],"wp:featuredmedia":[{"embeddable":true,"href":"https:\/\/www.europesays.com\/no\/wp-json\/wp\/v2\/media\/78923"}],"wp:attachment":[{"href":"https:\/\/www.europesays.com\/no\/wp-json\/wp\/v2\/media?parent=78922"}],"wp:term":[{"taxonomy":"category","embeddable":true,"href":"https:\/\/www.europesays.com\/no\/wp-json\/wp\/v2\/categories?post=78922"},{"taxonomy":"post_tag","embeddable":true,"href":"https:\/\/www.europesays.com\/no\/wp-json\/wp\/v2\/tags?post=78922"}],"curies":[{"name":"wp","href":"https:\/\/api.w.org\/{rel}","templated":true}]}}