{"id":78931,"date":"2025-11-05T10:30:13","date_gmt":"2025-11-05T10:30:13","guid":{"rendered":"https:\/\/www.europesays.com\/no\/78931\/"},"modified":"2025-11-05T10:30:13","modified_gmt":"2025-11-05T10:30:13","slug":"nyheter-prisjakt-slar-alarm-om-salgsjuks-skremmende","status":"publish","type":"post","link":"https:\/\/www.europesays.com\/no\/78931\/","title":{"rendered":"Nyheter, Prisjakt | Sl\u00e5r alarm om salgsjuks: \u2013 Skremmende"},"content":{"rendered":"\n<p>November er her, og det betyr at en rekke butikker og kjeder snart vil reklamere med tilbudspriser.<\/p>\n<p>I 2023 ble butikkene p\u00e5lagt \u00e5 oppgi den laveste prisen produktet har hatt de siste 30 dagene.<\/p>\n<p>Hensikten er at forbrukerne skal kunne sammenligne tilbudsprisen med prisen f\u00f8r varen kom p\u00e5 salg.<\/p>\n<p>Men if\u00f8lge Prisjakt har prisene p\u00e5 flere hundre tusen varer \u00f8kt i oktober. <\/p>\n<p>\u2013 Det er skremmende. Det viser at salgsjukset dessverre fortsetter, sier Isabella Ahmadi, forbrukeranalytiker i Prisjakt, i en pressemelding.<\/p>\n<p>\u2013 Ikke vits \u00e5 handle p\u00e5 salg<\/p>\n<p>Hun mener loven om prismarkedsf\u00f8ring ikke har hatt \u00f8nsket effekt.<\/p>\n<p>\u2013 Det er ingen vits i \u00e5 handle p\u00e5 salg hvis salget viser seg \u00e5 v\u00e6re en d\u00e5rlig deal, sier Ahmadi.<\/p>\n<p>I \u00e5r har nesten hver tredje vare i norske nettbutikker overv\u00e5ket av Prisjakt \u00f8kt i pris i l\u00f8pet av oktober. Hele 14 prosent av prisene steg med 10 prosent eller mer. Den gjennomsnittlige \u00f8kningen for disse produktene var hele 37 prosent. Dette opplyser Prisjakt.<\/p>\n<p>Flest pris\u00f8kninger finner vi innen kategorien sko og st\u00f8vler, men ogs\u00e5 innen datamaskiner og tilbeh\u00f8r, skriver Prisjakt. <\/p>\n<p>Den gjennomsnittlige \u00f8kningen er st\u00f8rst blant gamingstoler, prosessorer og vaskemaskiner, opplyser prissammenligningstjenesten.<\/p>\n<p>Tar avstand<\/p>\n<p><a href=\"https:\/\/www.tek.no\/nyheter\/nyhet\/i\/739KpK\/nesten-hver-tredje-pris-har-oekt-i-oktober?utm_source=vgfront-personalized&amp;utm_content=hovedlopet_row8_pos1&amp;utm_term=niche_personalized_front-test-standard_niche_ranker-1-norman\" rel=\"Follow nofollow noopener\" target=\"_blank\">Tek.no<\/a>, som omtalte saken f\u00f8rst, har snakket med Elkj\u00f8p, NetOnNet og Komplett. De tar alle avstand fra \u00e5 \u00f8ke prisen f\u00f8r en kampanje.<\/p>\n<p>Komplett uttaler at de mener skylden ligger hos useri\u00f8se akt\u00f8rer, som bidrar til \u00e5 svekke tillitten til dem som faktisk f\u00f8lger regelverket. <\/p>\n<p>Forbrukerr\u00e5det er ogs\u00e5 kritisk til dagens regelverk, if\u00f8lge Tek.no. De foresl\u00e5r blant annet \u00e5 \u00f8ke f\u00f8rprisperioden fra 30 til 60 dager. <\/p>\n","protected":false},"excerpt":{"rendered":"November er her, og det betyr at en rekke butikker og kjeder snart vil reklamere med tilbudspriser. I&hellip;\n","protected":false},"author":2,"featured_media":78932,"comment_status":"","ping_status":"","sticky":false,"template":"","format":"standard","meta":{"footnotes":""},"categories":[56],"tags":[36,10785,60,61,823,62,30,28,29,14,904,253,10811,1510],"class_list":{"0":"post-78931","1":"post","2":"type-post","3":"status-publish","4":"format-standard","5":"has-post-thumbnail","7":"category-naeringsliv","8":"tag-art","9":"tag-black-friday","10":"tag-business","11":"tag-economy","12":"tag-forbruker","13":"tag-naeringsliv","14":"tag-no","15":"tag-norge","16":"tag-norway","17":"tag-nyheter","18":"tag-pris","19":"tag-priser","20":"tag-prisjakt","21":"tag-story"},"share_on_mastodon":{"url":"https:\/\/pubeurope.com\/@no\/115496630649026251","error":""},"_links":{"self":[{"href":"https:\/\/www.europesays.com\/no\/wp-json\/wp\/v2\/posts\/78931","targetHints":{"allow":["GET"]}}],"collection":[{"href":"https:\/\/www.europesays.com\/no\/wp-json\/wp\/v2\/posts"}],"about":[{"href":"https:\/\/www.europesays.com\/no\/wp-json\/wp\/v2\/types\/post"}],"author":[{"embeddable":true,"href":"https:\/\/www.europesays.com\/no\/wp-json\/wp\/v2\/users\/2"}],"replies":[{"embeddable":true,"href":"https:\/\/www.europesays.com\/no\/wp-json\/wp\/v2\/comments?post=78931"}],"version-history":[{"count":0,"href":"https:\/\/www.europesays.com\/no\/wp-json\/wp\/v2\/posts\/78931\/revisions"}],"wp:featuredmedia":[{"embeddable":true,"href":"https:\/\/www.europesays.com\/no\/wp-json\/wp\/v2\/media\/78932"}],"wp:attachment":[{"href":"https:\/\/www.europesays.com\/no\/wp-json\/wp\/v2\/media?parent=78931"}],"wp:term":[{"taxonomy":"category","embeddable":true,"href":"https:\/\/www.europesays.com\/no\/wp-json\/wp\/v2\/categories?post=78931"},{"taxonomy":"post_tag","embeddable":true,"href":"https:\/\/www.europesays.com\/no\/wp-json\/wp\/v2\/tags?post=78931"}],"curies":[{"name":"wp","href":"https:\/\/api.w.org\/{rel}","templated":true}]}}