{"id":78937,"date":"2025-11-05T10:33:13","date_gmt":"2025-11-05T10:33:13","guid":{"rendered":"https:\/\/www.europesays.com\/no\/78937\/"},"modified":"2025-11-05T10:33:13","modified_gmt":"2025-11-05T10:33:13","slug":"skal-kutte-90-prosent-innen-2040","status":"publish","type":"post","link":"https:\/\/www.europesays.com\/no\/78937\/","title":{"rendered":"Skal kutte 90 prosent innen 2040"},"content":{"rendered":"\n<p class=\"_lead_o9xde_2 _lead_xtcu6_50 layout-component text-serif-m layout-normal text-serif-l layout-component layout-wide layout-padded _wide_17hqh_1 layout-padded\">Landene \u00e5pner ogs\u00e5 for kj\u00f8p av klimakvoter for \u00e5 n\u00e5 m\u00e5let.  <\/p>\n<p><img alt=\"Her legger Danmarks klima- og energiminister Lars Aagaard og EUs klimaminister Wopke Hoekstr frem m\u00e5lene.  Foto: Yves Herman \/ Reuters \/ NTB\" class=\"_image_qp4xg_65 layout-component layout-wide\" data-fullscreen- data-track-element-type=\"Article image fullscreen\" data-track-name=\"ImageFullscreen\" fetchpriority=\"high\" decoding=\"sync\" loading=\"eager\" height=\"1443\" itemprop=\"image\"  src=\"https:\/\/www.europesays.com\/no\/wp-content\/uploads\/2025\/11\/22110cb4-09e4-4c10-8d5d-eb39412e2dde\"  style=\"object-position:0% 0%\" width=\"2187\"\/>Her legger Danmarks klima- og energiminister Lars Aagaard og EUs klimaminister Wopke Hoekstr frem m\u00e5lene.  Foto: Yves Herman \/ Reuters \/ NTB<\/p>\n<ul aria-hidden=\"true\" class=\"_images_18f0k_111\">\n<li><a class=\"_link_18f0k_116\" href=\"https:\/\/www.vg.no\/forfatter\/anja-ariel-toernes-brekke\" style=\"z-index:1\" title=\"Anja A. T. Brekke\" rel=\"nofollow noopener\" target=\"_blank\"><img alt=\"Bilde av Anja A. T. Brekke\" class=\"_image_18f0k_93\" fetchpriority=\"low\" loading=\"lazy\" decoding=\"async\" itemprop=\"image\"  src=\"https:\/\/www.europesays.com\/no\/wp-content\/uploads\/2025\/11\/1762338790_69_064db0a6-f784-4fee-a84a-81e3f5807bb6\"  width=\"480\"\/><\/a><\/li>\n<\/ul>\n<p> Oppdatert onsdag 5. november kl. 10:42     <\/p>\n<p class=\"_paragraph_o9xde_4 _paragraph_xtcu6_10 layout-component text-serif-m layout-normal text-serif-m layout-padded\"><a href=\"https:\/\/www.vg.no\/tag\/eu?utm_source=vg-article&amp;utm_medium=auto-tagger&amp;utm_campaign=25MB7x\" class=\"_link_o9xde_39\" rel=\"nofollow noopener\" target=\"_blank\">EUs<\/a> klimaministre vedtok onsdag et nytt klimam\u00e5l for 2040 om \u00e5 kutte utslippene med 90 prosent, melder Reuters. <\/p>\n<p class=\"_paragraph_o9xde_4 _paragraph_xtcu6_10 layout-component text-serif-m layout-normal text-serif-m layout-padded\">De ble ogs\u00e5 enige om at landene kan kj\u00f8pe utenlandske klimakvoter p\u00e5 inntil 5 prosent av utslippskuttene, opplyser Danmarks klimaminister Lars Aagaard, som ledet forhandlingene. <\/p>\n<p class=\"_paragraph_o9xde_4 _paragraph_xtcu6_10 layout-component text-serif-m layout-normal text-serif-m layout-padded\">Dette betyr i praksis at europeisk industri kun m\u00e5 kutte utslippene med 85 prosent. <\/p>\n<p class=\"_paragraph_o9xde_4 _paragraph_xtcu6_10 layout-component text-serif-m layout-normal text-serif-m layout-padded\">MDGs stortingsrepresentant Fr\u00f8ya Skjold Sjurs\u00e6ther kaller det et \u00abkvantesprang\u00bb i EUs klimapolitikk. <\/p>\n<p class=\"_paragraph_o9xde_4 _paragraph_xtcu6_10 layout-component text-serif-m layout-normal text-serif-m layout-padded\">\u2013 Det vil f\u00e5 enorme konsekvenser for Norge. Nesten all norsk olje og gass selges til europeiske land, og n\u00e5 er markedet i ferd med \u00e5 forsvinne, skriver Sjurs\u00e6ther i en e-post til VG. <\/p>\n<p><img alt=\"Foto: Hallgeir V\u00e5genes \/ VG\" class=\"_image_qp4xg_65 layout-component layout-normal\" data-fullscreen- data-track-element-type=\"Article image fullscreen\" data-track-name=\"ImageFullscreen\" decoding=\"async\" loading=\"lazy\" height=\"4000\" itemprop=\"image\"  src=\"https:\/\/www.europesays.com\/no\/wp-content\/uploads\/2025\/11\/ca94a431-b307-42d9-adf4-5a834338a641\"  style=\"object-position:0% 0%\" width=\"6000\"\/>Foto: Hallgeir V\u00e5genes \/ VG<\/p>\n<p class=\"_paragraph_o9xde_4 _paragraph_xtcu6_10 layout-component text-serif-m layout-normal text-serif-m layout-padded\">\u2013 Hvis EU n\u00e5r sitt 2040-m\u00e5l, vil ettersp\u00f8rselen etter norsk olje og gass stupe, og titusenvis av mennesker vil bli sendt ut i arbeidsl\u00f8shet hvis det ikke fins noen plan for omstilling, skriver hun videre. <\/p>\n<p>    <img decoding=\"async\" alt=\"Tips oss illustrasjon\" src=\"https:\/\/www.europesays.com\/no\/wp-content\/uploads\/2025\/10\/pssst-small.webp.webp\"\/>    <\/p>\n<p class=\"title-serif-s\">Har du tips?<\/p>\n<p class=\"text-sans-m\">Send oss informasjon, bilder eller video.<\/p>\n<p>  <a href=\"https:\/\/www.vg.no\/tips-oss\" rel=\"nofollow noopener\" target=\"_blank\"> Tips oss <\/a>      <\/p>\n","protected":false},"excerpt":{"rendered":"Landene \u00e5pner ogs\u00e5 for kj\u00f8p av klimakvoter for \u00e5 n\u00e5 m\u00e5let. Her legger Danmarks klima- og energiminister Lars&hellip;\n","protected":false},"author":2,"featured_media":78938,"comment_status":"","ping_status":"","sticky":false,"template":"","format":"standard","meta":{"footnotes":""},"categories":[5],"tags":[31,20,21,279,24,25,15,19,4828,22,23,17,18,13,30,28,29,14,16,26,27],"class_list":{"0":"post-78937","1":"post","2":"type-post","3":"status-publish","4":"format-standard","5":"has-post-thumbnail","7":"category-overskrifter","8":"tag-breaking","9":"tag-breaking-news","10":"tag-breakingnews","11":"tag-eu","12":"tag-featured-news","13":"tag-featurednews","14":"tag-headlines","15":"tag-hovedoppslag","16":"tag-klima-og-miljo","17":"tag-latest-news","18":"tag-latestnews","19":"tag-main-news","20":"tag-mainnews","21":"tag-news","22":"tag-no","23":"tag-norge","24":"tag-norway","25":"tag-nyheter","26":"tag-overskrifter","27":"tag-top-stories","28":"tag-topstories"},"share_on_mastodon":{"url":"https:\/\/pubeurope.com\/@no\/115496642795677909","error":""},"_links":{"self":[{"href":"https:\/\/www.europesays.com\/no\/wp-json\/wp\/v2\/posts\/78937","targetHints":{"allow":["GET"]}}],"collection":[{"href":"https:\/\/www.europesays.com\/no\/wp-json\/wp\/v2\/posts"}],"about":[{"href":"https:\/\/www.europesays.com\/no\/wp-json\/wp\/v2\/types\/post"}],"author":[{"embeddable":true,"href":"https:\/\/www.europesays.com\/no\/wp-json\/wp\/v2\/users\/2"}],"replies":[{"embeddable":true,"href":"https:\/\/www.europesays.com\/no\/wp-json\/wp\/v2\/comments?post=78937"}],"version-history":[{"count":0,"href":"https:\/\/www.europesays.com\/no\/wp-json\/wp\/v2\/posts\/78937\/revisions"}],"wp:featuredmedia":[{"embeddable":true,"href":"https:\/\/www.europesays.com\/no\/wp-json\/wp\/v2\/media\/78938"}],"wp:attachment":[{"href":"https:\/\/www.europesays.com\/no\/wp-json\/wp\/v2\/media?parent=78937"}],"wp:term":[{"taxonomy":"category","embeddable":true,"href":"https:\/\/www.europesays.com\/no\/wp-json\/wp\/v2\/categories?post=78937"},{"taxonomy":"post_tag","embeddable":true,"href":"https:\/\/www.europesays.com\/no\/wp-json\/wp\/v2\/tags?post=78937"}],"curies":[{"name":"wp","href":"https:\/\/api.w.org\/{rel}","templated":true}]}}