{"id":78955,"date":"2025-11-05T10:51:12","date_gmt":"2025-11-05T10:51:12","guid":{"rendered":"https:\/\/www.europesays.com\/no\/78955\/"},"modified":"2025-11-05T10:51:12","modified_gmt":"2025-11-05T10:51:12","slug":"dode-en-maned-etter-sjokkbeskjed","status":"publish","type":"post","link":"https:\/\/www.europesays.com\/no\/78955\/","title":{"rendered":"D\u00f8de \u00e9n m\u00e5ned etter sjokkbeskjed"},"content":{"rendered":"<p>  Sm\u00e5barnsfaren Mikael (37) klaget over magesmerter &#8211; noen m\u00e5neder senere d\u00f8de han. N\u00e5 \u00f8nsker kona \u00e5 advare andre, og forteller om de f\u00f8rste tegnene: &#8211;\u00a0Du tror aldri det vil skje med deg. Men det kan skje \u2013 og det kan skje veldig fort.<\/p>\n<p>\n    GIKK BORT: Familien er fortsatt i sjokk etter at Mikael gikk bort. N\u00e5 \u00f8nsker kona \u00e5 advare andre. Foto: Privat\n  <\/p>\n<p>De m\u00f8ttes ute p\u00e5 byen, en kveld i Falun i Sverige, i 2011.<\/p>\n<p>Etter bare ett \u00e5r ble Fredrika Eriksson og Mikael Arnberg samboere. Like etterp\u00e5 forlovet de seg. For fem \u00e5r siden fikk de s\u00f8nnen Sune.<\/p>\n<p>&#8211; Vi var aldri veldig romantiske av oss. Han fridde til meg p\u00e5 badet, rett f\u00f8r vi skulle p\u00e5 fest. Litt typisk ham. Jeg sa \u00abja\u00bb med en gang, uten \u00e5 n\u00f8le. Men vi rakk aldri \u00e5 gifte oss, forteller Fredrika (35).<\/p>\n<p>Det f\u00f8rste tegnet p\u00e5 at noe var galt med Mikaels helse kom ikke f\u00f8r i slutten av mai i \u00e5r.<\/p>\n<p>&#8211; Han klagde litt over magesmerter, luft i magen og sure oppst\u00f8t, forteller hun.<\/p>\n<p>Under et legebes\u00f8k fikk Mikael beskjed om at det sannsynligvis var forstoppelse. Han fikk med seg medisiner fra apoteket som skulle hjelpe.<\/p>\n<p>          <img loading=\"lazy\" decoding=\"async\" src=\"https:\/\/www.europesays.com\/no\/wp-content\/uploads\/2025\/11\/83809520.webp\" width=\"686\" height=\"515\" title=\"ADVARER ANDRE: Fredrika, her med s\u00f8nnen, \u00f8nsker n\u00e5 \u00e5 advare andre. Foto: Privat\" alt=\"\" class=\"\" style=\"--aspect-ratio-image: 1.33; \"\/><\/p>\n<p>\n          ADVARER ANDRE: Fredrika, her med s\u00f8nnen, \u00f8nsker n\u00e5 \u00e5 advare andre. Foto: Privat\n      <\/p>\n<p>Men bare noen dager senere ble smertene verre. Etter en ny unders\u00f8kelse mente legene at det kunne dreie seg om en infeksjon eller betennelse i magen. De bestilte derfor en koloskopi som skulle utf\u00f8res om to uker.<\/p>\n<p>Allerede dagen etter legebes\u00f8ket begynte magen hans \u00e5 hovne opp, og smertene ble intense \u2013 ogs\u00e5 i ryggen.<\/p>\n<p>If\u00f8lge Fredrika klarte han ikke engang \u00e5 st\u00e5 opp.<\/p>\n<p>&#8211; Da sa jeg: \u00abDu kan ikke vente i to uker p\u00e5 en koloskopi.\u00bb Etter nok en telefon til helsesenteret fikk han time med en gang \u2013 innen 20 minutter, forteller hun.<\/p>\n<p>Resultatene kom som et sjokk:<\/p>\n<p>    Magekreft: Symptomer, risikofaktorer og overlevelsesprognose<\/p>\n<p>Magekreft, ogs\u00e5 kalt magekreft, er en ondartet svulst som oppst\u00e5r fra mageslimhinnen. Den vanligste typen er adenokarsinom.<\/p>\n<p>Symptomer:<\/p>\n<p>\u2022Tap av matlyst.<\/p>\n<p>\u2022Tidlig metthetsf\u00f8lelse.<\/p>\n<p>\u2022Magesmerter\/ubehag.<\/p>\n<p>\u2022Vekttap.<\/p>\n<p>\u2022Kvalme, noen ganger oppkast.<\/p>\n<p>\u2022Anemi og tretthet.<\/p>\n<p>Prognose og overlevelse:<\/p>\n<p>\u2022Oppdages ofte sent, noe som forverrer prognosen.<\/p>\n<p>\u2022Fem\u00e5rsoverlevelsesraten er rundt 25 prosent totalt sett, men betydelig h\u00f8yere ved tidlig oppdagelse.<\/p>\n<p>Behandling:<\/p>\n<p>\u2022Kirurgi ved tidlig sykdom.<\/p>\n<p>\u2022Cytostatika (kjemoterapi) og noen ganger immunterapi eller str\u00e5lebehandling.<\/p>\n<p>\u2022Risikofaktorer:<\/p>\n<p>\u2022Helicobacter pylori-infeksjon \u2013 en infeksjon i mageslimhinnen.<\/p>\n<p>\u2022R\u00f8yking.<\/p>\n<p>\u2022Salt\/r\u00f8kt mat.<\/p>\n<p>\u2022Arvelighet.<\/p>\n<p>\u00a0<\/p>\n<p>Kilder:\u00a0<a href=\"https:\/\/www.cancerfonden.se\/stod-oss\/bli-manadsgivare?custom_campaign=G_|_Brand_|_Core&amp;custom_source=google&amp;custom_medium=cpc&amp;gad_source=1&amp;gad_campaignid=859513375&amp;gclid=EAIaIQobChMIo7i11tHQjwMVH0SRBR3iVQmFEAAYASAAEgIKCvD_BwE\" rel=\"nofollow noopener\" target=\"_blank\">Svenska kreftforeningen<\/a>\u00a0,\u00a0<a href=\"https:\/\/www.socialstyrelsen.se\/\" rel=\"nofollow noopener\" target=\"_blank\">Socialstyrelsen<\/a>\u00a0og\u00a0<a href=\"https:\/\/cancercentrum.se\/\" rel=\"nofollow noopener\" target=\"_blank\">regionale kreftsentre<\/a>\u00a0<\/p>\n<p>      Vis mer<br \/>\n      Vis mindre<\/p>\n<p class=\"font-weight-bold m-font-weight-bold\" data-lab-font_weight=\"font-weight-bold\">Mikael hadde magekreft.<\/p>\n<p>Legene fant en svulst som allerede hadde spredt seg til bukhinnen, der organer som tynntarmen og deler av tykktarmen befinner seg.<\/p>\n<p>If\u00f8lge en ny studie fra Karolinska Institutet f\u00e5r tre ganger s\u00e5 mange personer under 50 \u00e5r i Sverige n\u00e5 diagnosen tykktarmskreft, sammenlignet med tidlig p\u00e5 1990-tallet. Studien viser ogs\u00e5 at d\u00f8deligheten er forh\u00f8yet i opptil ti \u00e5r etter diagnosen.<\/p>\n<p>For endetarmskreft har antallet nye tilfeller blant yngre \u00f8kt med 2,04 prosent per \u00e5r, og for venstre- og h\u00f8yresidig tykktarmskreft med henholdsvis 2,41 og 2,64 prosent. Totalt sett har sykdommen blitt to til tre ganger vanligere blant yngre i denne perioden.<\/p>\n<p>Legene tok en biopsi fra magen, som bekreftet mistankene:<\/p>\n<p>Dette var ondartede kreftceller.<\/p>\n<p>&#8211; Vi fikk beskjed om at kreften hadde spredt seg til lungene, lymfeknutene og tykktarmen. Det eneste de kunne gj\u00f8re, var \u00e5 fors\u00f8ke \u00e5 gi Mikael mer tid med cellegiftbehandling.<\/p>\n<p>Behandlingen skulle egentlig starte mandag 14. juli \u2013 men da var det allerede for sent.<\/p>\n<p>Noen dager f\u00f8r ble Mikael d\u00e5rligere. Moren hans satt ved sykesengen, mens Fredrika var hjemme med s\u00f8nnen deres.<\/p>\n<p>    <a itemprop=\"url\" href=\"https:\/\/www.dagbladet.no\/tema\/advarer-ryggsmertene-du-aldri-ma-ignorere\/83783721\" rel=\"nofollow noopener\" target=\"_blank\"><\/p>\n<p>      <img loading=\"lazy\" decoding=\"async\" src=\"https:\/\/www.europesays.com\/no\/wp-content\/uploads\/2025\/11\/83784885.webp\" width=\"980\" height=\"441\" title=\"Advarer: Ryggsmertene du aldri m\u00e5 ignorere\" alt=\"\" class=\"lazyload\" style=\"--aspect-ratio-image: 2.22; \"\/><\/p>\n<p>        Advarer: Ryggsmertene du aldri m\u00e5 ignorere<\/p>\n<p>    <\/a><\/p>\n<p>&#8211; Da jeg kom inn p\u00e5 rommet hans s\u00f8ndag morgen, inns\u00e5 jeg at det var over. Kroppen hans orket ikke mer.<\/p>\n<p>Klokken kvart p\u00e5 elleve mandag formiddag, 14. juli, sovnet Mikael stille inn. Han ble 37 \u00e5r gammel.<\/p>\n<p>&#8211; Det var p\u00e5 en m\u00e5te en lettelse, for jeg hadde sett lidelsen hans og hvor mye verre han hadde blitt. Samtidig var det et sjokk \u2013 alt skjedde s\u00e5 fort, sier Fredrika.<\/p>\n<p>Fra kreften ble oppdaget til Mikael d\u00f8de, gikk det bare \u00e9n m\u00e5ned.<\/p>\n<p>\u00a0Fredag 13. juni fikk han diagnosen. Mandag 14. juli d\u00f8de han.<\/p>\n<p>Fredrika beskriver Mikael som omsorgsfull og energisk. Han var opprinnelig snekker, men jobbet som kalkulasjonsingeni\u00f8r. Han var ogs\u00e5 jaktguide og likte \u00e5 fiske. Hjemme i kjelleren pusset han opp en gammel jeep.<\/p>\n<p>          <img loading=\"lazy\" decoding=\"async\" src=\"https:\/\/www.europesays.com\/no\/wp-content\/uploads\/2025\/11\/83809528.webp\" width=\"686\" height=\"522\" title=\"SUPERPAPPA: Mikael elsket friluftsliv, her p\u00e5 fisketur sammen med s\u00f8nnen. Foto: Privat\" alt=\"\" class=\"\" style=\"--aspect-ratio-image: 1.31; \"\/><\/p>\n<p>\n          SUPERPAPPA: Mikael elsket friluftsliv, her p\u00e5 fisketur sammen med s\u00f8nnen. Foto: Privat\n      <\/p>\n<p>Etter Mikaels d\u00f8d har Fredrika fors\u00f8kt \u00e5 holde familien samlet. Hun har f\u00e5tt mye st\u00f8tte fra venner og familie.<\/p>\n<p>S\u00f8nnen Sune, som bare er fem \u00e5r gammel, har naturlig nok hatt problemer med \u00e5 forst\u00e5 hva som skjedde med faren:<\/p>\n<p>&#8211; Han sp\u00f8r noen ganger om jeg ogs\u00e5 skal d\u00f8, og han vil ikke leke \u00abmamma, pappa, barn\u00bb i barnehagen, forteller hun.<\/p>\n<p>I h\u00e5p om \u00e5 \u00f8ke bevisstheten rundt kreft og vage symptomer \u00f8nsker Fredrika \u00e5 dele historien sin:<\/p>\n<p>&#8211; Hvis du f\u00f8ler at noe er galt, spesielt hvis du f\u00e5r nye magesymptomer, b\u00f8r du opps\u00f8ke lege og v\u00e6re vedvarende. Spesielt hvis du er ung \u2013 da er det lett \u00e5 bli avvist.<\/p>\n<p>Hun h\u00e5per ogs\u00e5 at helsevesenet vil ta unge pasienter mer p\u00e5 alvor, selv om symptomene virker diffuse.<\/p>\n<p>&#8211; Du tror aldri det vil skje med deg. Men det kan skje \u2013 og det kan skje veldig fort.<\/p>\n<p>Denne artikkelen sto f\u00f8rst i Expressen, Dagbladets svenske samarbeidsavis.\u00a0<\/p>\n","protected":false},"excerpt":{"rendered":"Sm\u00e5barnsfaren Mikael (37) klaget over magesmerter &#8211; noen m\u00e5neder senere d\u00f8de han. N\u00e5 \u00f8nsker kona \u00e5 advare andre,&hellip;\n","protected":false},"author":2,"featured_media":78956,"comment_status":"","ping_status":"","sticky":false,"template":"","format":"standard","meta":{"footnotes":""},"categories":[12],"tags":[20,21,10222,24,25,15,10812,1401,22,23,13,30,28,29,14,16,218,10813,4408,26,27,42,43,44,45],"class_list":{"0":"post-78955","1":"post","2":"type-post","3":"status-publish","4":"format-standard","5":"has-post-thumbnail","7":"category-verden","8":"tag-breaking-news","9":"tag-breakingnews","10":"tag-expressen","11":"tag-featured-news","12":"tag-featurednews","13":"tag-headlines","14":"tag-historier-som-berorer","15":"tag-kreft","16":"tag-latest-news","17":"tag-latestnews","18":"tag-news","19":"tag-no","20":"tag-norge","21":"tag-norway","22":"tag-nyheter","23":"tag-overskrifter","24":"tag-pluss","25":"tag-skjebne","26":"tag-tema","27":"tag-top-stories","28":"tag-topstories","29":"tag-verden","30":"tag-world","31":"tag-world-news","32":"tag-worldnews"},"share_on_mastodon":{"url":"https:\/\/pubeurope.com\/@no\/115496713336647531","error":""},"_links":{"self":[{"href":"https:\/\/www.europesays.com\/no\/wp-json\/wp\/v2\/posts\/78955","targetHints":{"allow":["GET"]}}],"collection":[{"href":"https:\/\/www.europesays.com\/no\/wp-json\/wp\/v2\/posts"}],"about":[{"href":"https:\/\/www.europesays.com\/no\/wp-json\/wp\/v2\/types\/post"}],"author":[{"embeddable":true,"href":"https:\/\/www.europesays.com\/no\/wp-json\/wp\/v2\/users\/2"}],"replies":[{"embeddable":true,"href":"https:\/\/www.europesays.com\/no\/wp-json\/wp\/v2\/comments?post=78955"}],"version-history":[{"count":0,"href":"https:\/\/www.europesays.com\/no\/wp-json\/wp\/v2\/posts\/78955\/revisions"}],"wp:featuredmedia":[{"embeddable":true,"href":"https:\/\/www.europesays.com\/no\/wp-json\/wp\/v2\/media\/78956"}],"wp:attachment":[{"href":"https:\/\/www.europesays.com\/no\/wp-json\/wp\/v2\/media?parent=78955"}],"wp:term":[{"taxonomy":"category","embeddable":true,"href":"https:\/\/www.europesays.com\/no\/wp-json\/wp\/v2\/categories?post=78955"},{"taxonomy":"post_tag","embeddable":true,"href":"https:\/\/www.europesays.com\/no\/wp-json\/wp\/v2\/tags?post=78955"}],"curies":[{"name":"wp","href":"https:\/\/api.w.org\/{rel}","templated":true}]}}