{"id":78970,"date":"2025-11-05T11:11:09","date_gmt":"2025-11-05T11:11:09","guid":{"rendered":"https:\/\/www.europesays.com\/no\/78970\/"},"modified":"2025-11-05T11:11:09","modified_gmt":"2025-11-05T11:11:09","slug":"mork-tilbake-i-ny-rolle","status":"publish","type":"post","link":"https:\/\/www.europesays.com\/no\/78970\/","title":{"rendered":"M\u00f8rk tilbake i ny rolle"},"content":{"rendered":"\n<p class=\"_lead_o9xde_2 _lead_xtcu6_50 layout-component text-serif-m layout-normal text-serif-l layout-component layout-wide layout-padded _wide_17hqh_1 layout-padded\">Her er landslagssjefens 18 utvalgte til mesterskapet i Nederland og Tyskland.<\/p>\n<p><img alt=\" Foto: Ole Berg-Rusten \/ NTB\" class=\"_image_qp4xg_65 layout-component layout-wide\" data-fullscreen- data-track-element-type=\"Article image fullscreen\" data-track-name=\"ImageFullscreen\" fetchpriority=\"high\" decoding=\"sync\" loading=\"eager\" height=\"4160\" itemprop=\"image\"  src=\"https:\/\/www.europesays.com\/no\/wp-content\/uploads\/2025\/11\/11f8bfd1-08cc-4be7-a42e-207c9340bf43\"  style=\"object-position:0% 0%\" width=\"6240\"\/> Foto: Ole Berg-Rusten \/ NTB<\/p>\n<ul aria-hidden=\"true\" class=\"_images_18f0k_111\">\n<li><a class=\"_link_18f0k_116\" href=\"https:\/\/www.vg.no\/forfatter\/jostein-overvik\" style=\"z-index:2\" title=\"Jostein Overvik\" rel=\"nofollow noopener\" target=\"_blank\"><img alt=\"Bilde av Jostein Overvik\" class=\"_image_18f0k_93\" fetchpriority=\"low\" loading=\"lazy\" decoding=\"async\" itemprop=\"image\"  src=\"https:\/\/www.europesays.com\/no\/wp-content\/uploads\/2025\/11\/1762341068_520_9167fa6a-7320-4d6f-b3c9-6c4ecb8beb8c\"  width=\"480\"\/><\/a><\/li>\n<li><a class=\"_link_18f0k_116\" href=\"https:\/\/www.vg.no\/forfatter\/synne-sofie-christiansen-2\" style=\"z-index:1\" title=\"Synne Sofie Christiansen\" rel=\"nofollow noopener\" target=\"_blank\"><img alt=\"Bilde av Synne Sofie Christiansen\" class=\"_image_18f0k_93\" fetchpriority=\"low\" loading=\"lazy\" decoding=\"async\" itemprop=\"image\"  src=\"https:\/\/www.europesays.com\/no\/wp-content\/uploads\/2025\/11\/1762341068_724_8d683f6f-f2ba-47ca-8bcc-2db625b33cb1\"  width=\"480\"\/><\/a><\/li>\n<\/ul>\n<p> Oppdatert onsdag 5. november kl. 11:45     <\/p>\n<p class=\"_paragraph_o9xde_4 _paragraph_xtcu6_10 layout-component text-serif-m layout-normal text-serif-m layout-padded\">For f\u00f8rste gang p\u00e5 25 \u00e5r tar Norge ut en tropp til mesterskap uten at Thorir HergeirssonThorir HergeirssonLandslagssjef 2009-2024. Assistent for Marit Breivik 2001-2009. (61) er involvert. Ole Gustav Gjekstad (57) leder h\u00e5ndballjentene i VM-\u00e5pningen mot S\u00f8r-Korea 27. november. <\/p>\n<p class=\"_paragraph_o9xde_4 _paragraph_xtcu6_10 layout-component text-serif-m layout-normal text-serif-m layout-padded\">Nora M\u00f8rk er tilbake i mesterskap etter \u00e5 ha st\u00e5tt over fjor\u00e5rets EM p\u00e5 grunn av graviditet.<a href=\"https:\/\/www.vg.no\/sport\/i\/o3jmJa\/moerk-klar-for-comeback-frykter-vm-ryker-etter-passtroebbel\" data-track-element-type=\"Link\" data-track-id=\"link:o3jmJa\" class=\"_link_o9xde_39\" rel=\"nofollow noopener\" target=\"_blank\"> Datteren Tyra har manglet pass, men dette skal n\u00e5 v\u00e6re i orden.<\/a> Hun blir med mamma til VM. <\/p>\n<p class=\"_paragraph_o9xde_4 _paragraph_xtcu6_10 layout-component text-serif-m layout-normal text-serif-m layout-padded\">N\u00e5 r\u00f8per Gjekstad at M\u00f8rk vil f\u00e5 en litt annen rolle i dette mesterskapet. <\/p>\n<p class=\"_paragraph_o9xde_4 _paragraph_xtcu6_10 layout-component text-serif-m layout-normal text-serif-m layout-padded\">\u2013 Vi kommer til \u00e5 v\u00e6re forsiktige med Nora inn i dette mesterskapet. Hun blir litt periodespiller, slik at vi klarer \u00e5 holde henne frisk gjennom mesterskapet, sier Gjekstad p\u00e5 pressekonferansen. <\/p>\n<p><img alt=\"Foto: Fredrik Varfjell \/ NTB\" class=\"_image_qp4xg_65 layout-component layout-normal\" data-fullscreen- data-track-element-type=\"Article image fullscreen\" data-track-name=\"ImageFullscreen\" decoding=\"async\" loading=\"lazy\" height=\"3845\" itemprop=\"image\"  src=\"https:\/\/www.europesays.com\/no\/wp-content\/uploads\/2025\/11\/5527b182-69b5-4748-adaa-318f3df95afc\"  style=\"object-position:0% 0%\" width=\"5767\"\/>Foto: Fredrik Varfjell \/ NTB<\/p>\n<p class=\"_paragraph_o9xde_4 _paragraph_xtcu6_10 layout-component text-serif-m layout-normal text-serif-m layout-padded\">En av de st\u00f8rste forskjellene fra tidligere er at det bare er tatt ut \u00e9n venstrekant denne gangen, Anniken Wollik. <\/p>\n<p class=\"_paragraph_o9xde_4 _paragraph_xtcu6_10 layout-component text-serif-m layout-normal text-serif-m layout-padded\">Camilla Herrem har gitt seg p\u00e5 landslaget og Silje Solberg-\u00d8sthassel er gravid.  <\/p>\n<p class=\"_paragraph_o9xde_4 _paragraph_xtcu6_10 layout-component text-serif-m layout-normal text-serif-m layout-padded\">\u2013 Det er helt klart s\u00e5nn at n\u00e5r to internasjonale toppspillere blir borte, s\u00e5 \u00e5pner det noen nye muligheter. Det er mye som skal fylle de skoene, sier Gjekstad til VG.<\/p>\n<p class=\"_paragraph_o9xde_4 _paragraph_xtcu6_10 layout-component text-serif-m layout-normal text-serif-m layout-padded\">Han fortsetter: <\/p>\n<p class=\"_paragraph_o9xde_4 _paragraph_xtcu6_10 layout-component text-serif-m layout-normal text-serif-m layout-padded\">\u2013 Anniken er en meget god kontring- og forsvarsspiller, men selvsagt ikke med samme rutine. Vi har mange v\u00e5pen der ute og kommer ikke til \u00e5 legge alt trykket p\u00e5 den venstrekanten. <\/p>\n<p>Dette er troppen <\/p>\n<p class=\"_paragraph_o9xde_4 _paragraph_xtcu6_10 _paragraph_16v91_10 layout-component text-serif-m layout-normal text-sans-m layout-padded\">M\u00e5lvakter:<\/p>\n<p class=\"_paragraph_o9xde_4 _paragraph_xtcu6_10 _paragraph_16v91_10 layout-component text-serif-m layout-normal text-sans-m layout-padded\">Katrine Lunde (R\u00f8de Stjerne), June Cecilie Krogh (Storhamar), Eli Marie Raasok (Storhamar).<\/p>\n<p class=\"_paragraph_o9xde_4 _paragraph_xtcu6_10 _paragraph_16v91_10 layout-component text-serif-m layout-normal text-sans-m layout-padded\">Utespillere:<\/p>\n<p class=\"_paragraph_o9xde_4 _paragraph_xtcu6_10 _paragraph_16v91_10 layout-component text-serif-m layout-normal text-sans-m layout-padded\">Veronica Kristiansen (Gy\u00f6r), Stine Ruscetta Skogrand (Ikast), Live Rushfeldt Deila (Team Esbjerg), Nora M\u00f8rk (Team Esbjerg), Kristine Breist\u00f8l (Gy\u00f6r), Ingvild Kristiansen Bakkerud (Odense), Henny Ella Reistad (Team Esbjerg), Anniken Obaidli (Storhamar), Thale Rushfeldt Deila (Odense), Malin Aune (Storhamar), Emilie Margrethe Hovden (Gy\u00f6r), Anniken Wollik (SCM Ramnicu), Maren Aardahl (Odense), Vilde Mortensen Ingstad (FTC Hungaria), Selma Henriksen (Sola).<\/p>\n<p>Vis mer<\/p>\n<p class=\"_paragraph_o9xde_4 _paragraph_xtcu6_10 layout-component text-serif-m layout-normal text-serif-m layout-padded\">En annen gledelig nyhet er at Veronica Kristiansen er tilbake etter graviditet. Hun tok OL-gull fire m\u00e5neder p\u00e5 vei, men er for lengst tilbake p\u00e5 banen etter at Odin ble f\u00f8dt i januar.<\/p>\n<p class=\"_paragraph_o9xde_4 _paragraph_xtcu6_10 layout-component text-serif-m layout-normal text-serif-m layout-padded\">Vilde Ingstad p\u00e5dro seg en korsb\u00e5ndskade i OL for 15 m\u00e5neder siden og gj\u00f8r n\u00e5 comeback i mesterskap.<\/p>\n<p class=\"_paragraph_o9xde_4 _paragraph_xtcu6_10 layout-component text-serif-m layout-normal text-serif-m layout-padded\">Men flere meriterte landslagsspillere mangler p\u00e5 grunn av familiefor\u00f8kelse.<\/p>\n<ul class=\"_list_o9xde_3 _list_xtcu6_9 _unordered_o9xde_106 layout-component text-serif-m layout-normal text-serif-m layout-padded\">\n<li class=\"_item_o9xde_30\">Keeper Silje Solberg-\u00d8sthassel ble i oktober mamma til sitt andre barn.<\/li>\n<li class=\"_item_o9xde_30\">H\u00f8yrekant Marit R\u00f8sberg Jacobsen fikk i august barn og er uaktuell.<\/li>\n<li class=\"_item_o9xde_30\">Venstrekant Sanna Solberg-Isaksen er gravid og spiller ikke VM.<\/li>\n<li class=\"_item_o9xde_30\">Strekspiller Kari Brattset Dale venter sitt andre barn og spiller ikke mesterskap.<\/li>\n<\/ul>\n<p class=\"_paragraph_o9xde_4 _paragraph_xtcu6_10 layout-component text-serif-m layout-normal text-serif-m layout-padded\">Dessuten mangler Camilla Herrem. Hun sa takk for seg p\u00e5 landslaget etter OL- og EM-gull i 2024.<\/p>\n<p class=\"_paragraph_o9xde_4 _paragraph_xtcu6_10 layout-component text-serif-m layout-normal text-serif-m layout-padded\">Norge kj\u00f8rer opp til VM i Sotra Arena utenfor Bergen. Der er Spania, Ungarn og Serbia motstandere i Posten Cup 20. til 23. november.<\/p>\n<p class=\"_paragraph_o9xde_4 _paragraph_xtcu6_10 layout-component text-serif-m layout-normal text-serif-m layout-padded\">Gjekstad &amp; co. spiller VMs gruppespill i tyske Trier. Etter \u00e5pningskampen mot koreanerne venter Kasakhstan og Angola. Hovedrunden og kvartfinalen spilles i Dortmund. VM-avslutningen foreg\u00e5r i Rotterdam.<\/p>\n<p class=\"_paragraph_o9xde_4 _paragraph_xtcu6_10 layout-component text-serif-m layout-normal text-serif-m layout-padded\">VM-finalen spilles s\u00f8ndag 14. desember.<\/p>\n","protected":false},"excerpt":{"rendered":"Her er landslagssjefens 18 utvalgte til mesterskapet i Nederland og Tyskland. Foto: Ole Berg-Rusten \/ NTB Oppdatert onsdag&hellip;\n","protected":false},"author":2,"featured_media":78971,"comment_status":"","ping_status":"","sticky":false,"template":"","format":"standard","meta":{"footnotes":""},"categories":[59],"tags":[105,9443,1528,30,28,29,1527,83,82],"class_list":{"0":"post-78970","1":"post","2":"type-post","3":"status-publish","4":"format-standard","5":"has-post-thumbnail","7":"category-sport","8":"tag-handball","9":"tag-handball-vm","10":"tag-kvinnelandslaget-handball","11":"tag-no","12":"tag-norge","13":"tag-norway","14":"tag-ole-gustav-gjekstad","15":"tag-sport","16":"tag-sports"},"share_on_mastodon":{"url":"https:\/\/pubeurope.com\/@no\/115496791819727394","error":""},"_links":{"self":[{"href":"https:\/\/www.europesays.com\/no\/wp-json\/wp\/v2\/posts\/78970","targetHints":{"allow":["GET"]}}],"collection":[{"href":"https:\/\/www.europesays.com\/no\/wp-json\/wp\/v2\/posts"}],"about":[{"href":"https:\/\/www.europesays.com\/no\/wp-json\/wp\/v2\/types\/post"}],"author":[{"embeddable":true,"href":"https:\/\/www.europesays.com\/no\/wp-json\/wp\/v2\/users\/2"}],"replies":[{"embeddable":true,"href":"https:\/\/www.europesays.com\/no\/wp-json\/wp\/v2\/comments?post=78970"}],"version-history":[{"count":0,"href":"https:\/\/www.europesays.com\/no\/wp-json\/wp\/v2\/posts\/78970\/revisions"}],"wp:featuredmedia":[{"embeddable":true,"href":"https:\/\/www.europesays.com\/no\/wp-json\/wp\/v2\/media\/78971"}],"wp:attachment":[{"href":"https:\/\/www.europesays.com\/no\/wp-json\/wp\/v2\/media?parent=78970"}],"wp:term":[{"taxonomy":"category","embeddable":true,"href":"https:\/\/www.europesays.com\/no\/wp-json\/wp\/v2\/categories?post=78970"},{"taxonomy":"post_tag","embeddable":true,"href":"https:\/\/www.europesays.com\/no\/wp-json\/wp\/v2\/tags?post=78970"}],"curies":[{"name":"wp","href":"https:\/\/api.w.org\/{rel}","templated":true}]}}