{"id":79057,"date":"2025-11-05T12:34:07","date_gmt":"2025-11-05T12:34:07","guid":{"rendered":"https:\/\/www.europesays.com\/no\/79057\/"},"modified":"2025-11-05T12:34:07","modified_gmt":"2025-11-05T12:34:07","slug":"black-ops-7-beenox-og-treyarch-avslorer-kravene","status":"publish","type":"post","link":"https:\/\/www.europesays.com\/no\/79057\/","title":{"rendered":"Black Ops 7? Beenox og Treyarch avsl\u00f8rer kravene"},"content":{"rendered":"<p>Vi er ti dager unna \u00e5rets kanskje st\u00f8rste Microsoft-spillansering, med utgivelsen av Call of Duty: Black Ops 7. Et spill som for f\u00f8rste gang p\u00e5 mange \u00e5r kommer til \u00e5 f\u00e5 alvorlig konkurranse p\u00e5 sitt felt, ettersom Battlefield 6 ser ut til \u00e5 ha samlet nok tropper i sitt omr\u00e5de til at Activision har begynt \u00e5 flytte artilleriet tidlig, og <a href=\"https:\/\/www.gamereactor.no\/call-of-duty-black-ops-7-lanseringstraileren-har-kommet-ti-dager-for-spillet-faktisk-har-premiere-1906303\/\" title=\"Call of Duty: Black Ops 7 sin lanseringstrailer byr p\u00e5 action og drama\" rel=\"nofollow noopener\" target=\"_blank\">avduket lanseringstraileren i dag<\/a>, som du har nedenfor.<\/p>\n<p>Og i tillegg til denne videoen har PC-versjonsstudioet Beenox og Treyarch delt minimums- og anbefalte krav for \u00e5 spille tittelen p\u00e5 PC, og det er litt overraskende at selv brukere med en PC med grafikkomponenter fra flere generasjoner siden vil kunne kj\u00f8re den uten store problemer. Sjekk dem ut nedenfor :<\/p>\n<p>Minimumsspesifikasjoner som trengs for \u00e5 spille Call of Duty: Black Ops 7 <\/p>\n<ul><\/p>\n<li>Operativsystem: Windows 10 64-bit (siste oppdatering)<\/li>\n<p><\/p>\n<li>Prosessor: AMD Ryzen 5 1400 eller Intel Core i5-6600<\/li>\n<p><\/p>\n<li>RAM: 8 GB<\/li>\n<p><\/p>\n<li>Grafikkort: AMD Radeon RX 470, NVIDIA GeForce GTX 970\/1060 eller Intel Arc A580<\/li>\n<p><\/p>\n<li>Videominne: 3 GB<\/li>\n<p><\/p>\n<li>Lagringsplass: SSD med 115 GB plass tilgjengelig ved lansering<\/li>\n<p><\/ul>\n<p>Anbefalte spesifikasjoner for \u00e5 kj\u00f8re Call of Duty: Black Ops 7 med 60 FPS i de fleste situasjoner med alle alternativer satt til High<\/p>\n<ul><\/p>\n<li>Operativsystem: Windows 11 64-bit (siste oppdatering)<\/li>\n<p><\/p>\n<li>PROSESSOR: AMD Ryzen 5 1600X eller Intel Core i7-6700K<\/li>\n<p><\/p>\n<li>RAM: 12 GB<\/li>\n<p><\/p>\n<li>Grafikkort: AMD Radeon RX 6600XT, NVIDIA GeForce RTX 3060 eller Intel Arc B580<\/li>\n<p><\/p>\n<li>Videominne: 8 GB<\/li>\n<p><\/p>\n<li>Lagringsplass: SSD med 115 GB plass tilgjengelig ved lansering<\/li>\n<p><\/ul>\n<p>Konkurransedyktige spesifikasjoner for Call of Duty: Black Ops 7 med spilling med h\u00f8y FPS i kombinasjon med en skjerm med h\u00f8y oppdateringsfrekvens, og ultraspesifikasjoner for spilling med h\u00f8y FPS i 4K-oppl\u00f8sning<\/p>\n<ul><\/p>\n<li>Operativsystem: Windows 11 64-bit (siste oppdatering)<\/li>\n<p><\/p>\n<li>PROSESSOR: AMD Ryzen 5 5600X eller Intel Core i7-10700K<\/li>\n<p><\/p>\n<li>RAM: 16 GB<\/li>\n<p><\/p>\n<li>Grafikkort: AMD Radeon RX 9070XT eller NVIDIA GeForce RTX 4080\/5070<\/li>\n<p><\/p>\n<li>Videominne: 16 GB<\/li>\n<p><\/p>\n<li>Lagringsplass: SSD med 115 GB tilgjengelig plass ved lansering<\/li>\n<p><\/ul>\n","protected":false},"excerpt":{"rendered":"Vi er ti dager unna \u00e5rets kanskje st\u00f8rste Microsoft-spillansering, med utgivelsen av Call of Duty: Black Ops 7.&hellip;\n","protected":false},"author":2,"featured_media":79058,"comment_status":"","ping_status":"","sticky":false,"template":"","format":"standard","meta":{"footnotes":""},"categories":[57],"tags":[30,28,29,65,63,64,66,70,69,67,68],"class_list":{"0":"post-79057","1":"post","2":"type-post","3":"status-publish","4":"format-standard","5":"has-post-thumbnail","7":"category-vitenskap-og-teknologi","8":"tag-no","9":"tag-norge","10":"tag-norway","11":"tag-science","12":"tag-science-and-technology","13":"tag-scienceandtechnology","14":"tag-technology","15":"tag-teknologi","16":"tag-vitenskap","17":"tag-vitenskap-og-teknologi","18":"tag-vitenskapteknologi"},"share_on_mastodon":{"url":"https:\/\/pubeurope.com\/@no\/115497118156688011","error":""},"_links":{"self":[{"href":"https:\/\/www.europesays.com\/no\/wp-json\/wp\/v2\/posts\/79057","targetHints":{"allow":["GET"]}}],"collection":[{"href":"https:\/\/www.europesays.com\/no\/wp-json\/wp\/v2\/posts"}],"about":[{"href":"https:\/\/www.europesays.com\/no\/wp-json\/wp\/v2\/types\/post"}],"author":[{"embeddable":true,"href":"https:\/\/www.europesays.com\/no\/wp-json\/wp\/v2\/users\/2"}],"replies":[{"embeddable":true,"href":"https:\/\/www.europesays.com\/no\/wp-json\/wp\/v2\/comments?post=79057"}],"version-history":[{"count":0,"href":"https:\/\/www.europesays.com\/no\/wp-json\/wp\/v2\/posts\/79057\/revisions"}],"wp:featuredmedia":[{"embeddable":true,"href":"https:\/\/www.europesays.com\/no\/wp-json\/wp\/v2\/media\/79058"}],"wp:attachment":[{"href":"https:\/\/www.europesays.com\/no\/wp-json\/wp\/v2\/media?parent=79057"}],"wp:term":[{"taxonomy":"category","embeddable":true,"href":"https:\/\/www.europesays.com\/no\/wp-json\/wp\/v2\/categories?post=79057"},{"taxonomy":"post_tag","embeddable":true,"href":"https:\/\/www.europesays.com\/no\/wp-json\/wp\/v2\/tags?post=79057"}],"curies":[{"name":"wp","href":"https:\/\/api.w.org\/{rel}","templated":true}]}}