{"id":79089,"date":"2025-11-05T13:14:09","date_gmt":"2025-11-05T13:14:09","guid":{"rendered":"https:\/\/www.europesays.com\/no\/79089\/"},"modified":"2025-11-05T13:14:09","modified_gmt":"2025-11-05T13:14:09","slug":"simen-wangberg-blir-ny-lagleder-i-rosenborg","status":"publish","type":"post","link":"https:\/\/www.europesays.com\/no\/79089\/","title":{"rendered":"Simen Wangberg blir ny lagleder i Rosenborg"},"content":{"rendered":"\n<p class=\"_lead_o9xde_2 _lead_xtcu6_50 layout-component text-serif-m layout-normal text-serif-l layout-component layout-wide layout-padded _wide_17hqh_1 layout-padded\">Simen Wangberg er ansatt i en rolle som lagleder for Rosenborgs A-lag i fotball. Han gir seg dermed i Stab\u00e6k.<\/p>\n<p><img alt=\"Simen Wangberg g\u00e5r til RBK.  Foto: Frederik Ringnes \/ NTB\" class=\"_image_qp4xg_65 layout-component layout-wide\" data-fullscreen- data-track-element-type=\"Article image fullscreen\" data-track-name=\"ImageFullscreen\" fetchpriority=\"high\" decoding=\"sync\" loading=\"eager\" height=\"3648\" itemprop=\"image\"  src=\"https:\/\/www.europesays.com\/no\/wp-content\/uploads\/2025\/11\/e6e5bfb3-e3e4-4e84-9cb3-bd05c71e660e\"  style=\"object-position:0% 0%\" width=\"5472\"\/>Simen Wangberg g\u00e5r til RBK.  Foto: Frederik Ringnes \/ NTB<\/p>\n<ul aria-hidden=\"true\" class=\"_images_18f0k_111\">\n<li><a class=\"_link_18f0k_116\" href=\"https:\/\/www.vg.no\/forfatter\/ntb\" style=\"z-index:1\" title=\"NTB\" rel=\"nofollow noopener\" target=\"_blank\"><img alt=\"Bilde av NTB\" class=\"_image_18f0k_93\" fetchpriority=\"low\" loading=\"lazy\" decoding=\"async\" itemprop=\"image\"  src=\"https:\/\/www.europesays.com\/no\/wp-content\/uploads\/2025\/11\/1762348449_242_c33980b0-5d07-4027-84a1-813f90a7c8d6\"  width=\"480\"\/><\/a><\/li>\n<\/ul>\n<p> Oppdatert onsdag 5. november kl. 13:46     <\/p>\n<p class=\"_paragraph_o9xde_4 _paragraph_xtcu6_10 layout-component text-serif-m layout-normal text-serif-m layout-padded\">De to klubbene opplyser begge om Wangbergs beslutning onsdag. <\/p>\n<p class=\"_paragraph_o9xde_4 _paragraph_xtcu6_10 layout-component text-serif-m layout-normal text-serif-m layout-padded\">34-\u00e5ringen starter i jobben i RBK allerede mandag i neste uke.<\/p>\n<p class=\"_paragraph_o9xde_4 _paragraph_xtcu6_10 layout-component text-serif-m layout-normal text-serif-m layout-padded\">Wangberg har de siste to \u00e5rene v\u00e6rt sportslig koordinator i Stab\u00e6k. F\u00f8r det var han spiller i b\u00e6rumsklubben.<\/p>\n<p class=\"_paragraph_o9xde_4 _paragraph_xtcu6_10 layout-component text-serif-m layout-normal text-serif-m layout-padded\">N\u00e5 flytter tr\u00f8nderen hjem.<\/p>\n<p class=\"_paragraph_o9xde_4 _paragraph_xtcu6_10 layout-component text-serif-m layout-normal text-serif-m layout-padded\">\u2013 Den f\u00f8rste dr\u00f8mmen jeg hadde som ung gutt var \u00e5 spille for Rosenborg. Den ble oppfylt. N\u00e5 som jeg har blitt \u00abvoksen\u00bb, har jeg alltid hatt lyst \u00e5 jobbe i Rosenborg. Jeg ser virkelig fram til \u00e5 ta fatt p\u00e5 oppgaven, sier Wangberg om sin nye rolle. <\/p>\n<p class=\"_paragraph_o9xde_4 _paragraph_xtcu6_10 layout-component text-serif-m layout-normal text-serif-m layout-padded\">Wangberg har spilt 42 kamper for Rosenborg og ble seriemester med klubben i 2009 og 2010. <\/p>\n<p class=\"_paragraph_o9xde_4 _paragraph_xtcu6_10 layout-component text-serif-m layout-normal text-serif-m layout-padded\">\u2013 Jeg tror denne jobben passer meg veldig godt og at timing var god akkurat n\u00e5. Jeg kjenner b\u00e5de spillere, folk i st\u00f8tteapparatet og i administrasjonen fra tidligere og gleder meg til \u00e5 bidra til \u00e5 utvikle Rosenborg videre, sier han.<\/p>\n<p class=\"_paragraph_o9xde_4 _paragraph_xtcu6_10 layout-component text-serif-m layout-normal text-serif-m layout-padded\">Wangberg har ogs\u00e5 spilt for Ranheim, Brann og Troms\u00f8 i l\u00f8pet av en innholdsrik karriere som spiller.<\/p>\n","protected":false},"excerpt":{"rendered":"Simen Wangberg er ansatt i en rolle som lagleder for Rosenborgs A-lag i fotball. Han gir seg dermed&hellip;\n","protected":false},"author":2,"featured_media":79090,"comment_status":"","ping_status":"","sticky":false,"template":"","format":"standard","meta":{"footnotes":""},"categories":[59],"tags":[134,30,28,29,10820,10819,83,82],"class_list":{"0":"post-79089","1":"post","2":"type-post","3":"status-publish","4":"format-standard","5":"has-post-thumbnail","7":"category-sport","8":"tag-eliteserien","9":"tag-no","10":"tag-norge","11":"tag-norway","12":"tag-rosenberg","13":"tag-simen-wangberg","14":"tag-sport","15":"tag-sports"},"share_on_mastodon":{"url":"https:\/\/pubeurope.com\/@no\/115497275537510921","error":""},"_links":{"self":[{"href":"https:\/\/www.europesays.com\/no\/wp-json\/wp\/v2\/posts\/79089","targetHints":{"allow":["GET"]}}],"collection":[{"href":"https:\/\/www.europesays.com\/no\/wp-json\/wp\/v2\/posts"}],"about":[{"href":"https:\/\/www.europesays.com\/no\/wp-json\/wp\/v2\/types\/post"}],"author":[{"embeddable":true,"href":"https:\/\/www.europesays.com\/no\/wp-json\/wp\/v2\/users\/2"}],"replies":[{"embeddable":true,"href":"https:\/\/www.europesays.com\/no\/wp-json\/wp\/v2\/comments?post=79089"}],"version-history":[{"count":0,"href":"https:\/\/www.europesays.com\/no\/wp-json\/wp\/v2\/posts\/79089\/revisions"}],"wp:featuredmedia":[{"embeddable":true,"href":"https:\/\/www.europesays.com\/no\/wp-json\/wp\/v2\/media\/79090"}],"wp:attachment":[{"href":"https:\/\/www.europesays.com\/no\/wp-json\/wp\/v2\/media?parent=79089"}],"wp:term":[{"taxonomy":"category","embeddable":true,"href":"https:\/\/www.europesays.com\/no\/wp-json\/wp\/v2\/categories?post=79089"},{"taxonomy":"post_tag","embeddable":true,"href":"https:\/\/www.europesays.com\/no\/wp-json\/wp\/v2\/tags?post=79089"}],"curies":[{"name":"wp","href":"https:\/\/api.w.org\/{rel}","templated":true}]}}