{"id":79107,"date":"2025-11-05T13:30:12","date_gmt":"2025-11-05T13:30:12","guid":{"rendered":"https:\/\/www.europesays.com\/no\/79107\/"},"modified":"2025-11-05T13:30:12","modified_gmt":"2025-11-05T13:30:12","slug":"zara-larsson-apner-opp-om-adhd-diagnosen-og-hverdagsutfordringer","status":"publish","type":"post","link":"https:\/\/www.europesays.com\/no\/79107\/","title":{"rendered":"Zara Larsson \u00e5pner opp om ADHD-diagnosen og hverdagsutfordringer"},"content":{"rendered":"<p class=\"kicker \" style=\"\">Zara Larsson:\u00a0<\/p>\n<p>  Den svenske artisten deler \u00e5penhjertig om diagnosen, og hvordan den p\u00e5virker livet hennes.\u00a0<\/p>\n<p>\n    DELER \u00c6RLIG: Zara Larsson deler \u00e5penhjertig hvordan diagnosen p\u00e5virker hverdagen hennes. Foto: Instagram \/ @zaralarsson\n  <\/p>\n<p>Den svenske artisten <a href=\"https:\/\/www.dagbladet.no\/kjendis\/vekker-oppsikt\/80833044\" rel=\"nofollow noopener\" target=\"_blank\">Zara Larsson (27)<\/a>, som denne m\u00e5neden kommer til Norge, har tidligere v\u00e6rt \u00e5pen om at hun allerede som barn slet med \u00e5 kontrollere hum\u00f8ret og sin egen impulskontroll.\u00a0<\/p>\n<p>    <a itemprop=\"url\" href=\"https:\/\/www.dagbladet.no\/kjendis\/vekker-oppsikt\/80833044\" rel=\"nofollow noopener\" target=\"_blank\"><\/p>\n<p>      <img loading=\"lazy\" decoding=\"async\" src=\"https:\/\/www.europesays.com\/no\/wp-content\/uploads\/2025\/11\/80833048.webp\" width=\"147\" height=\"98\" title=\"Vekker oppsikt\" alt=\"\" class=\"lazyload\" style=\"--aspect-ratio-image: 1.50; \"\/><\/p>\n<p>        Vekker oppsikt<\/p>\n<p>    <\/a><\/p>\n<p>&#8211; Akkurat n\u00e5 g\u00e5r jeg gjennom en utredning for ADHD, som jeg f\u00f8ler skulle skjedd for kanskje 15 \u00e5r siden, fortalte Larsson i 2021 da hun medvirket i musikkprogrammet\u00a0\u00abPSL\u00bb p\u00e5 SVT, if\u00f8lge svenske <a href=\"https:\/\/www.elle.se\/noje\/zara-larsson-utreds-for-adhd-osexigt-att-inte-ha-koll\/8116145\" rel=\"nofollow noopener\" target=\"_blank\">ELLE<\/a>.\u00a0<\/p>\n<p>        \u00c5PEN: I en tidligere episode av \u00abEn kveld hos Kloppen\u00bb, avsl\u00f8rte TV-personlighet og skuespiller H\u00e5vard Lilleheie at han fikk ADHD-diagnosen i voksen alder. Foto: TV 2<\/p>\n<p>Etter utredningen fikk hun bekreftet diagnosen.\u00a0<\/p>\n<p>N\u00e5 \u00e5pner popstjerna opp i podkasten <a href=\"https:\/\/xn--vrvet-gra.se\/allmant\/zara-larsson-fran-barnstjarna-till-bolagsboss\/\" rel=\"nofollow noopener\" target=\"_blank\">\u00abV\u00e4rvet\u00bb<\/a> om hvordan diagnosen p\u00e5virker hverdagen hennes. Hun forteller at hun noen ganger, p\u00e5 de verste dagene, kan bli liggende i senga i dagevis.\u00a0<\/p>\n<p>          <img loading=\"lazy\" decoding=\"async\" src=\"https:\/\/www.europesays.com\/no\/wp-content\/uploads\/2025\/11\/83812970.webp\" width=\"686\" height=\"913\" title=\"SLITER: Den svenske artisten kan ligge i senga i dagevis hvis hun ikke tar ADHD-medisinen. Foto: Jorge Estrellado \/ Image Press Agency \/ Splash News \/ NTB\" alt=\"\" class=\"\" style=\"--aspect-ratio-image: 0.75; \"\/><\/p>\n<p>\n          SLITER: Den svenske artisten kan ligge i senga i dagevis hvis hun ikke tar ADHD-medisinen. Foto: Jorge Estrellado \/ Image Press Agency \/ Splash News \/ NTB\n      <\/p>\n<p>27-\u00e5ringen innr\u00f8mmer at det er medisinen som har v\u00e6rt redningen.\u00a0<\/p>\n<p class=\"font-weight-bold m-font-weight-bold\" data-lab-font_weight=\"font-weight-bold\">&#8211; Jeg kommer ikke opp av senga hvis jeg ikke har tatt ADHD-medisinen min. Den har faktisk hjulpet meg utrolig mye. At det finnes motivasjon, det er r\u00e5tt, deler hun \u00e6rlig.<\/p>\n<p>    <a itemprop=\"url\" href=\"https:\/\/www.dagbladet.no\/kjendis\/bekrefter-brudd\/83811325\" rel=\"nofollow noopener\" target=\"_blank\"><\/p>\n<p>      <img loading=\"lazy\" decoding=\"async\" src=\"https:\/\/www.europesays.com\/no\/wp-content\/uploads\/2025\/11\/83811361.webp\" width=\"147\" height=\"98\" title=\"Bekrefter brudd\" alt=\"\" class=\"lazyload\" style=\"--aspect-ratio-image: 1.50; \"\/><\/p>\n<p>        Bekrefter brudd<\/p>\n<p>    <\/a><\/p>\n<p>Hun p\u00e5peker at hun har mange folk rundt seg som hjelper henne med \u00e5 gj\u00f8re hverdagen enklere.\u00a0<\/p>\n<p>    Hva er ADHD?<\/p>\n<ul>\n<li>ADHD st\u00e5r for Attention Deficit Hyperactivity Disorder (oppmerksomshets- og hyperaktivitets forstyrrelse).<\/li>\n<li>Symptomene kan i de fleste tilfeller forst\u00e5s som en nevrologisk forstyrrelse som inneb\u00e6rer \u00f8kt uro, impulsivitet og vansker med oppmerksomhet.<\/li>\n<li>ADHD omtales som en tilstand, og ikke en sykdom.<\/li>\n<li>ADHD er arvelig, noe som betyr at flere i en familie kan ha tilstanden. Arv er hoved\u00e5rsaken til at man f\u00e5r ADHD, men f\u00f8dselsskader og andre skader i hjernen kan ogs\u00e5 gi ADHD-symptomer. Alvorlige belastninger i oppvekstmilj\u00f8et kan gi symptomer som minner om ADHD.<\/li>\n<li>Tallene for hvor mange som fortsetter \u00e5 oppfylle kriterier for diagosen i voksen alder varierer. Symptomene fortsetter over i voksen alder hos de fleste, og omtrent to-tredeler fortsetter \u00e5 ha funksjonsvansker som voksne.<\/li>\n<\/ul>\n<p>      Vis mer<br \/>\n      Vis mindre<\/p>\n<p>Men er det noe \u00abLush Life\u00bb-sangeren spesielt sliter med, s\u00e5 er det at hun glemmer ting umiddelbart.\u00a0<\/p>\n<p class=\"font-weight-bold m-font-weight-bold\" data-lab-font_weight=\"font-weight-bold\">&#8211; Jeg glemmer ting p\u00e5 sekundet. Hvis noe g\u00e5r d\u00e5rlig, eller ikke blir som jeg ville, g\u00e5r jeg bare videre. Hvis du er vennen min, kan du fortelle den samme historien fem ganger, og jeg kommer til \u00e5 svare: \u00abNei, seri\u00f8st! Er det sant?\u00bb. Jeg har liksom glemt det.<\/p>\n<p>          <img loading=\"lazy\" decoding=\"async\" src=\"https:\/\/www.europesays.com\/no\/wp-content\/uploads\/2025\/11\/83812954.webp\" width=\"686\" height=\"460\" title=\"NORGESAKTUELL: Zara Larsson skal holde konsert i Norge p\u00e5 Unity Arena 21. november. Foto: Sachin Jethwa \/ Shutterstock \/ NTB\" alt=\"\" class=\"\" style=\"--aspect-ratio-image: 1.49; \"\/><\/p>\n<p>\n          NORGESAKTUELL: Zara Larsson skal holde konsert i Norge p\u00e5 Unity Arena 21. november. Foto: Sachin Jethwa \/ Shutterstock \/ NTB\n      <\/p>\n<p>Avslutningsvis forklarer Larsson at hun sliter med \u00e5 starte og fullf\u00f8re ting, og at hun tror diagnosen er en \u00e5rsak til at hun er avhengig av mobilen, samt at hun ikke liker \u00e5 endre p\u00e5 ting.\u00a0<\/p>\n<p>&#8211; Noen ganger vil jeg ikke drikke vann, fordi jeg ikke vil endre hvordan det f\u00f8les i munnen min. Det er sm\u00e5ting som er veldig rare.<\/p>\n","protected":false},"excerpt":{"rendered":"Zara Larsson:\u00a0 Den svenske artisten deler \u00e5penhjertig om diagnosen, og hvordan den p\u00e5virker livet hennes.\u00a0 DELER \u00c6RLIG: Zara&hellip;\n","protected":false},"author":2,"featured_media":79108,"comment_status":"","ping_status":"","sticky":false,"template":"","format":"standard","meta":{"footnotes":""},"categories":[5],"tags":[6689,4982,2694,20,21,4981,24,25,15,19,479,22,23,17,18,13,30,28,29,14,16,26,27,10821],"class_list":{"0":"post-79107","1":"post","2":"type-post","3":"status-publish","4":"format-standard","5":"has-post-thumbnail","7":"category-overskrifter","8":"tag-adhd","9":"tag-apner-opp","10":"tag-artist","11":"tag-breaking-news","12":"tag-breakingnews","13":"tag-diagnose","14":"tag-featured-news","15":"tag-featurednews","16":"tag-headlines","17":"tag-hovedoppslag","18":"tag-kjendis","19":"tag-latest-news","20":"tag-latestnews","21":"tag-main-news","22":"tag-mainnews","23":"tag-news","24":"tag-no","25":"tag-norge","26":"tag-norway","27":"tag-nyheter","28":"tag-overskrifter","29":"tag-top-stories","30":"tag-topstories","31":"tag-zara-larsson"},"share_on_mastodon":{"url":"https:\/\/pubeurope.com\/@no\/115497338658404443","error":""},"_links":{"self":[{"href":"https:\/\/www.europesays.com\/no\/wp-json\/wp\/v2\/posts\/79107","targetHints":{"allow":["GET"]}}],"collection":[{"href":"https:\/\/www.europesays.com\/no\/wp-json\/wp\/v2\/posts"}],"about":[{"href":"https:\/\/www.europesays.com\/no\/wp-json\/wp\/v2\/types\/post"}],"author":[{"embeddable":true,"href":"https:\/\/www.europesays.com\/no\/wp-json\/wp\/v2\/users\/2"}],"replies":[{"embeddable":true,"href":"https:\/\/www.europesays.com\/no\/wp-json\/wp\/v2\/comments?post=79107"}],"version-history":[{"count":0,"href":"https:\/\/www.europesays.com\/no\/wp-json\/wp\/v2\/posts\/79107\/revisions"}],"wp:featuredmedia":[{"embeddable":true,"href":"https:\/\/www.europesays.com\/no\/wp-json\/wp\/v2\/media\/79108"}],"wp:attachment":[{"href":"https:\/\/www.europesays.com\/no\/wp-json\/wp\/v2\/media?parent=79107"}],"wp:term":[{"taxonomy":"category","embeddable":true,"href":"https:\/\/www.europesays.com\/no\/wp-json\/wp\/v2\/categories?post=79107"},{"taxonomy":"post_tag","embeddable":true,"href":"https:\/\/www.europesays.com\/no\/wp-json\/wp\/v2\/tags?post=79107"}],"curies":[{"name":"wp","href":"https:\/\/api.w.org\/{rel}","templated":true}]}}