{"id":7926,"date":"2025-08-14T12:37:10","date_gmt":"2025-08-14T12:37:10","guid":{"rendered":"https:\/\/www.europesays.com\/no\/7926\/"},"modified":"2025-08-14T12:37:10","modified_gmt":"2025-08-14T12:37:10","slug":"mon-ami-ost-tilbakekalles","status":"publish","type":"post","link":"https:\/\/www.europesays.com\/no\/7926\/","title":{"rendered":"Mon Ami ost tilbakekalles"},"content":{"rendered":"\n<p class=\"_lead_1bvmi_2 _lead_xtcu6_50 layout-component text-serif-m layout-normal text-serif-l layout-component layout-wide layout-padded _wide_17hqh_1 layout-padded\">En brie og en camembert tilbakekalles i Norge, Sverige og Danmark,  melder svenske TT.<\/p>\n<p><img alt=\" Foto: Magnar Kirknes \/ VG\" class=\"_image_qp4xg_65 layout-component layout-wide\" data-fullscreen- data-track-element-type=\"Article image fullscreen\" data-track-name=\"ImageFullscreen\" fetchpriority=\"high\" decoding=\"sync\" loading=\"eager\" height=\"3840\" itemprop=\"image\"  src=\"https:\/\/www.europesays.com\/no\/wp-content\/uploads\/2025\/08\/c776c045-3395-4cb8-8bc5-d5a8466a813b\"  style=\"object-position:0% 0%\" width=\"5760\"\/> Foto: Magnar Kirknes \/ VG<\/p>\n<ul aria-hidden=\"true\" class=\"_images_1y6fe_106\">\n<li><a class=\"_link_1y6fe_111\" href=\"https:\/\/www.vg.no\/forfatter\/vilde-elgaaen\" style=\"z-index:1\" title=\"Vilde Elgaaen\" rel=\"nofollow noopener\" target=\"_blank\"><img alt=\"Bilde av Vilde Elgaaen\" class=\"_image_1y6fe_88\" fetchpriority=\"low\" loading=\"lazy\" decoding=\"async\" itemprop=\"image\"  src=\"https:\/\/www.europesays.com\/no\/wp-content\/uploads\/2025\/08\/1755175029_453_d7abc11e-e453-4b15-b473-933209ff5fea\"  width=\"480\"\/><\/a><\/li>\n<\/ul>\n<p> Oppdatert torsdag 14. august kl. 14:31     <\/p>\n<p class=\"_paragraph_1bvmi_4 _paragraph_xtcu6_10 layout-component text-serif-m layout-normal text-serif-m layout-padded\">Tilbakekallingen skjer p\u00e5 grunn av mistanke om listeria-smitte, skriver det danske selskapet Uhrenholt i en pressemelding.<\/p>\n<p class=\"_paragraph_1bvmi_4 _paragraph_xtcu6_10 layout-component text-serif-m layout-normal text-serif-m layout-padded\">Det if\u00f8lge nyhetsbyr\u00e5et Ritzau, skriver Expressen.<\/p>\n<p class=\"_paragraph_1bvmi_4 _paragraph_xtcu6_10 layout-component text-serif-m layout-normal text-serif-m layout-padded\">Ostene det er snakk om, selges under merkenavnet Mon Ami og produseres av selskapet Chavegrand. En rekke av deres produkter er allerede kalt tilbake i Frankrike. <\/p>\n<p class=\"_paragraph_1bvmi_4 _paragraph_xtcu6_10 layout-component text-serif-m layout-normal text-serif-m layout-padded\">To personer d\u00f8de og minst 19 ble smittet av listeria i Frankrike tidligere denne uken.<\/p>\n<p class=\"_paragraph_1bvmi_4 _paragraph_xtcu6_10 layout-component text-serif-m layout-normal text-serif-m layout-padded\">Det franske helsedepartementet unders\u00f8ker om det er sammenheng mellom d\u00f8dsfallene, sykdomstilfellene, og ostene som er tilbakekalt. <\/p>\n<p class=\"_paragraph_1bvmi_4 _paragraph_xtcu6_10 layout-component text-serif-m layout-normal layout-padded\"><a href=\"https:\/\/www.vg.no\/nyheter\/i\/wgWk8L\/listeriasmitte-i-frankrike-to-doedsfall-knyttes-til-ostespising\" data-track-element-type=\"Link\" data-track-id=\"link:wgWk8L\" class=\"_link_1bvmi_39\" rel=\"nofollow noopener\" target=\"_blank\">Listeriasmitte i Frankrike \u2013 to d\u00f8dsfall knyttes til ostespising<\/a><\/p>\n<p class=\"_paragraph_1bvmi_4 _paragraph_xtcu6_10 layout-component text-serif-m layout-normal text-serif-m layout-padded\">Samtlige produkter fra produsenten som er laget f\u00f8r 23. juni kalles n\u00e5 tilbake i Norge, Sverige og Danmark. <\/p>\n<p class=\"_paragraph_1bvmi_4 _paragraph_xtcu6_10 layout-component text-serif-m layout-normal text-serif-m layout-padded\">Chavegrand har stengt en produksjonslinje der ostene som kobles til utbruddet, ble produsert. Selskapet sier ogs\u00e5 at oster som n\u00e5 er i hyllene, er trygge.<\/p>\n<p class=\"_paragraph_1bvmi_4 _paragraph_xtcu6_10 layout-component text-serif-m layout-normal text-serif-m layout-padded\">Listeriose er en sykdom som skyldes listeriabakterien. Symptomene er influensalignende, med blant annet kvalme og diar\u00e9. Nyf\u00f8dte, gravide, eldre og andre med svekket immunforsvar er mer utsatt for alvorlige sykdomsforl\u00f8p.<\/p>\n<p class=\"_paragraph_1bvmi_4 _paragraph_xtcu6_10 layout-component text-serif-m layout-normal text-serif-m layout-padded\">Det f\u00f8rste tilfellet ble registrert i juni. De smittede er mellom 34 og 95 \u00e5r. Den ene av de to d\u00f8de hadde underliggende helseutfordringer, if\u00f8lge helsedepartementet.<\/p>\n<p>    <img decoding=\"async\" alt=\"Tips oss illustrasjon\" width=\"62px\" height=\"auto\" src=\"https:\/\/www.europesays.com\/no\/wp-content\/uploads\/2025\/08\/1754784428_95_W9avJzE.png\"\/>    <\/p>\n<p class=\"title-serif-s\">Har du tips til oss?<\/p>\n<p class=\"text-sans-m\">Send oss informasjon, bilder eller video<\/p>\n<p>  <a href=\"https:\/\/www.vg.no\/tips-oss\" rel=\"nofollow noopener\" target=\"_blank\"> Tips oss <\/a>      <\/p>\n","protected":false},"excerpt":{"rendered":"En brie og en camembert tilbakekalles i Norge, Sverige og Danmark, melder svenske TT. Foto: Magnar Kirknes \/&hellip;\n","protected":false},"author":2,"featured_media":7927,"comment_status":"","ping_status":"","sticky":false,"template":"","format":"standard","meta":{"footnotes":""},"categories":[10],"tags":[31,20,21,24,25,15,22,23,13,30,28,29,14,16,1729,26,27],"class_list":{"0":"post-7926","1":"post","2":"type-post","3":"status-publish","4":"format-standard","5":"has-post-thumbnail","7":"category-norge","8":"tag-breaking","9":"tag-breaking-news","10":"tag-breakingnews","11":"tag-featured-news","12":"tag-featurednews","13":"tag-headlines","14":"tag-latest-news","15":"tag-latestnews","16":"tag-news","17":"tag-no","18":"tag-norge","19":"tag-norway","20":"tag-nyheter","21":"tag-overskrifter","22":"tag-tilbakekallinger","23":"tag-top-stories","24":"tag-topstories"},"share_on_mastodon":{"url":"","error":""},"_links":{"self":[{"href":"https:\/\/www.europesays.com\/no\/wp-json\/wp\/v2\/posts\/7926","targetHints":{"allow":["GET"]}}],"collection":[{"href":"https:\/\/www.europesays.com\/no\/wp-json\/wp\/v2\/posts"}],"about":[{"href":"https:\/\/www.europesays.com\/no\/wp-json\/wp\/v2\/types\/post"}],"author":[{"embeddable":true,"href":"https:\/\/www.europesays.com\/no\/wp-json\/wp\/v2\/users\/2"}],"replies":[{"embeddable":true,"href":"https:\/\/www.europesays.com\/no\/wp-json\/wp\/v2\/comments?post=7926"}],"version-history":[{"count":0,"href":"https:\/\/www.europesays.com\/no\/wp-json\/wp\/v2\/posts\/7926\/revisions"}],"wp:featuredmedia":[{"embeddable":true,"href":"https:\/\/www.europesays.com\/no\/wp-json\/wp\/v2\/media\/7927"}],"wp:attachment":[{"href":"https:\/\/www.europesays.com\/no\/wp-json\/wp\/v2\/media?parent=7926"}],"wp:term":[{"taxonomy":"category","embeddable":true,"href":"https:\/\/www.europesays.com\/no\/wp-json\/wp\/v2\/categories?post=7926"},{"taxonomy":"post_tag","embeddable":true,"href":"https:\/\/www.europesays.com\/no\/wp-json\/wp\/v2\/tags?post=7926"}],"curies":[{"name":"wp","href":"https:\/\/api.w.org\/{rel}","templated":true}]}}