{"id":79318,"date":"2025-11-05T17:24:19","date_gmt":"2025-11-05T17:24:19","guid":{"rendered":"https:\/\/www.europesays.com\/no\/79318\/"},"modified":"2025-11-05T17:24:19","modified_gmt":"2025-11-05T17:24:19","slug":"skjer-skremmende-fort","status":"publish","type":"post","link":"https:\/\/www.europesays.com\/no\/79318\/","title":{"rendered":"&#8211; Skjer skremmende fort"},"content":{"rendered":"<p>  En antarktisk isbre har trukket seg tilbake i rekordfart &#8211; men hva som er \u00e5rsaken splitter forskerne.<\/p>\n<p>\n    SMELTER: Hektoria-breen under feltarbeid i februar 2024. Store isblokker kalver fortsatt fra brefronten, som har trukket seg flere kilometer tilbake. Foto: Naomi Ochwat \/ University of Colorado Boulder\n  <\/p>\n<p>Hektoria-breen p\u00e5 den antarktiske halv\u00f8ya rykket \u00e5tte kilometer tilbake p\u00e5 bare to m\u00e5neder i 2022 &#8211; en dramatisk endring forskere beskriver som den raskeste som noen gang er observert i moderne tid.<\/p>\n<p>If\u00f8lge en ny studie, publisert i <a href=\"https:\/\/www.nature.com\/articles\/s41561-025-01802-4.epdf?sharing_token=tboZnX1NXVzJChJ9KuotCtRgN0jAjWel9jnR3ZoTv0Pi0xTreI9SKd_jnOit5h41B-cBOufTXNbwr7f5M5Am5T-Rm_zAcrwkOIqURLKfCkgk5uLraJ5wKXxOsejjzQlVG5zKujas0vSWBnfC5aRH6r3SVSNiE_0mEAgbCFy9ugC5Hr_4ZETOyeIeRLXnCiTuifsYliiFW1rguhunPmk9l7XpLt4HNx58yY62rsWWp4xrJaEoSYUJtB6DZaxjauET&amp;tracking_referrer=www.bbc.com\" target=\"_blank\" rel=\"nofollow noopener\">Nature Geoscience<\/a>, kan Hektoria v\u00e6re det f\u00f8rste moderne eksemplet p\u00e5 at en brefront som hviler p\u00e5 havbunnen plutselig l\u00f8sner og trekker seg raskt tilbake.<\/p>\n<p>&#8211; Dette er forbl\u00f8ffende &#8211; hastigheten p\u00e5 tilbaketrekningen er rett og slett vanvittig, sier Ted Scambos, seniorforsker ved University of Colorado Boulder og medforfatter av studien, til <a href=\"https:\/\/edition.cnn.com\/2025\/11\/03\/climate\/antarctic-glacier-hektoria-rapid-melt-sea-level\" target=\"_blank\" rel=\"nofollow noopener\">CNN<\/a>.<\/p>\n<p>    <a itemprop=\"url\" href=\"https:\/\/www.dagbladet.no\/nyheter\/advarer-en-stor-risiko\/83778698\" rel=\"nofollow noopener\" target=\"_blank\"><\/p>\n<p>      <img loading=\"lazy\" decoding=\"async\" src=\"https:\/\/www.europesays.com\/no\/wp-content\/uploads\/2025\/11\/83779483.webp\" width=\"980\" height=\"441\" title=\"Advarer: - En stor risiko\" alt=\"\" class=\"lazyload\" style=\"--aspect-ratio-image: 2.22; \"\/><\/p>\n<p>        Advarer: &#8211; En stor risiko<\/p>\n<p>    <\/a><\/p>\n<p>Isbre-forskerne forklarer at bresystemer som Hektoria normalt beveger seg noen hundre meter i \u00e5ret. Denne gangen trakk breen seg om lag \u00e5tte kilometer tilbake p\u00e5 under to m\u00e5neder.<\/p>\n<p>&#8211; Isbreer pleier ikke \u00e5 bevege seg s\u00e5 fort. Dette viser hva som kan skje andre steder i Antarktis n\u00e5r sj\u00f8isen mister grepet, sier professor Adrian Luckman ved Swansea University til <a href=\"https:\/\/www.bbc.com\/news\/articles\/c04gq00xyeeo\" target=\"_blank\" rel=\"nofollow noopener\">BBC<\/a>.\u00a0<\/p>\n<p>Kan ramme \u00abdommedagsbreen\u00bb\t<\/p>\n<p>Forskerne mener utviklingen startet da det stabile beltet av sj\u00f8is foran breen &#8211; s\u00e5kalt \u00abfastis\u00bb &#8211; br\u00f8t opp i 2022. Det gjorde at varmt havvann fikk tilgang til isfronten, som raskt begynte \u00e5 kollapse.<\/p>\n<p>Hektoria hviler p\u00e5 en s\u00e5kalt is-slette, et flatt omr\u00e5de p\u00e5 havbunnen der isen glir over l\u00f8st sediment. N\u00e5r breen tynnes, kan vann trenge inn under isen og l\u00f8fte den opp, slik at store blokker brekker l\u00f8s i kjedereaksjon.<\/p>\n<p>    <a itemprop=\"url\" href=\"https:\/\/www.dagbladet.no\/nyheter\/roper-matvarsko-oker-risikoen\/83793410\" rel=\"nofollow noopener\" target=\"_blank\"><\/p>\n<p>      <img loading=\"lazy\" decoding=\"async\" src=\"https:\/\/www.europesays.com\/no\/wp-content\/uploads\/2025\/11\/1762363458_473_83793522.webp\" width=\"980\" height=\"441\" title=\"Roper matvarsko: - \u00d8ker risikoen\" alt=\"\" class=\"lazyload\" style=\"--aspect-ratio-image: 2.22; \"\/><\/p>\n<p>        Roper matvarsko: &#8211; \u00d8ker risikoen<\/p>\n<p>    <\/a><\/p>\n<p>Scambos sammenligner prosessen med \u00abdominobrikker som faller bakover, \u00e9n etter \u00e9n\u00bb, if\u00f8lge CNN.<\/p>\n<p>&#8211; Det vi ser ved Hektoria er en liten isbre, men dersom det samme skjer i st\u00f8rre omr\u00e5der kan det f\u00e5 betydning for havniv\u00e5et, sier hovedforfatter Naomi Ochwat ved University of Innsbruck til mediet.<\/p>\n<p>Hun p\u00e5peker at mekanismen kan gjenta seg andre steder i Antarktis, blant annet ved den s\u00e5kalte \u00abdommedagsbreen\u00bb Thwaites &#8211; en ismasse stor nok til \u00e5 heve verdenshavene med over en halv meter dersom den kollapser.<\/p>\n<p>Bekymrer ekspertene\t<\/p>\n<p>Flere forskere er likevel skeptiske til konklusjonen i studien. De mener fronten av Hektoria allerede kan ha v\u00e6rt flytende da ismassene l\u00f8snet.<\/p>\n<p>&#8211; Det er betydelig uenighet om hvor breen faktisk mistet kontakten med havbunnen. Hvis delen som l\u00f8snet allerede fl\u00f8t, er endringen mindre oppsiktsvekkende, sier glasiolog Frazer Christie ved Airbus Defence and Space til BBC.<\/p>\n<p>    <a itemprop=\"url\" href=\"https:\/\/www.dagbladet.no\/nyheter\/det-var-helt-sprott\/83805493\" rel=\"nofollow noopener\" target=\"_blank\"><\/p>\n<p>      <img loading=\"lazy\" decoding=\"async\" src=\"https:\/\/www.europesays.com\/no\/wp-content\/uploads\/2025\/11\/1762363459_61_83805750.webp\" width=\"980\" height=\"441\" title=\"- Det var helt spr\u00f8tt\" alt=\"\" class=\"lazyload\" style=\"--aspect-ratio-image: 2.22; \"\/><\/p>\n<p>        &#8211; Det var helt spr\u00f8tt<\/p>\n<p>    <\/a><\/p>\n<p>Andre eksperter mener prosessen forskerne beskriver er plausibel, men ikke tilstrekkelig dokumentert ved Hektoria.<\/p>\n<p>Selv om forskerne er uenige om detaljene, er de samstemte i bekymringen for tempoet i endringene som n\u00e5 observeres i Antarktis.<\/p>\n<p>&#8211; Vi ser forandringer i polaromr\u00e5dene som skjer skremmende fort &#8211; raskere enn vi trodde for bare ti \u00e5r siden, sier professor Anna Hogg ved University of Leeds til BBC.<\/p>\n","protected":false},"excerpt":{"rendered":"En antarktisk isbre har trukket seg tilbake i rekordfart &#8211; men hva som er \u00e5rsaken splitter forskerne. SMELTER:&hellip;\n","protected":false},"author":2,"featured_media":79319,"comment_status":"","ping_status":"","sticky":false,"template":"","format":"standard","meta":{"footnotes":""},"categories":[5],"tags":[20,21,24,25,2885,15,19,10843,4351,22,23,17,18,13,30,28,29,14,16,4005,26,27],"class_list":{"0":"post-79318","1":"post","2":"type-post","3":"status-publish","4":"format-standard","5":"has-post-thumbnail","7":"category-overskrifter","8":"tag-breaking-news","9":"tag-breakingnews","10":"tag-featured-news","11":"tag-featurednews","12":"tag-forskning","13":"tag-headlines","14":"tag-hovedoppslag","15":"tag-isbre","16":"tag-klimaendringer","17":"tag-latest-news","18":"tag-latestnews","19":"tag-main-news","20":"tag-mainnews","21":"tag-news","22":"tag-no","23":"tag-norge","24":"tag-norway","25":"tag-nyheter","26":"tag-overskrifter","27":"tag-some","28":"tag-top-stories","29":"tag-topstories"},"share_on_mastodon":{"url":"https:\/\/pubeurope.com\/@no\/115498258728925482","error":""},"_links":{"self":[{"href":"https:\/\/www.europesays.com\/no\/wp-json\/wp\/v2\/posts\/79318","targetHints":{"allow":["GET"]}}],"collection":[{"href":"https:\/\/www.europesays.com\/no\/wp-json\/wp\/v2\/posts"}],"about":[{"href":"https:\/\/www.europesays.com\/no\/wp-json\/wp\/v2\/types\/post"}],"author":[{"embeddable":true,"href":"https:\/\/www.europesays.com\/no\/wp-json\/wp\/v2\/users\/2"}],"replies":[{"embeddable":true,"href":"https:\/\/www.europesays.com\/no\/wp-json\/wp\/v2\/comments?post=79318"}],"version-history":[{"count":0,"href":"https:\/\/www.europesays.com\/no\/wp-json\/wp\/v2\/posts\/79318\/revisions"}],"wp:featuredmedia":[{"embeddable":true,"href":"https:\/\/www.europesays.com\/no\/wp-json\/wp\/v2\/media\/79319"}],"wp:attachment":[{"href":"https:\/\/www.europesays.com\/no\/wp-json\/wp\/v2\/media?parent=79318"}],"wp:term":[{"taxonomy":"category","embeddable":true,"href":"https:\/\/www.europesays.com\/no\/wp-json\/wp\/v2\/categories?post=79318"},{"taxonomy":"post_tag","embeddable":true,"href":"https:\/\/www.europesays.com\/no\/wp-json\/wp\/v2\/tags?post=79318"}],"curies":[{"name":"wp","href":"https:\/\/api.w.org\/{rel}","templated":true}]}}