{"id":79373,"date":"2025-11-05T18:28:09","date_gmt":"2025-11-05T18:28:09","guid":{"rendered":"https:\/\/www.europesays.com\/no\/79373\/"},"modified":"2025-11-05T18:28:09","modified_gmt":"2025-11-05T18:28:09","slug":"den-mest-ettertraktede-samsung-telefonen-far-allerede-en-oppfolger-her-er-alt-du-bor-vite","status":"publish","type":"post","link":"https:\/\/www.europesays.com\/no\/79373\/","title":{"rendered":"Den mest ettertraktede Samsung-telefonen f\u00e5r allerede en oppf\u00f8lger: Her er alt du b\u00f8r vite"},"content":{"rendered":"<p>Samsung Galaxy A56 har v\u00e6rt en av \u00e5rets mest popul\u00e6re mobiltelefoner. N\u00e5 viser nye opplysninger at produsenten allerede er godt i gang med neste modell. <\/p>\n<p>Den kommende Galaxy A57 er nemlig oppdaget p\u00e5 Samsungs egne testservere, der den ser ut til \u00e5 v\u00e6re under intern utpr\u00f8ving.<\/p>\n<p>Galaxy A57 under utvikling<\/p>\n<p>If\u00f8lge flere kilder har Samsung registrert en ny firmwareversjon som peker direkte mot A57-modellen. <\/p>\n<p>Det betyr at utviklingen er langt p\u00e5 vei, og mye tyder p\u00e5 at lanseringen vil skje i l\u00f8pet av v\u00e5ren 2026 \u2013 trolig i mars eller april, slik selskapet vanligvis gj\u00f8r med sin A-serie.<\/p>\n<p>Forel\u00f8pig er det f\u00e5 detaljer som er bekreftet, men de f\u00f8rste tekniske lekkasjene gir et tydelig bilde av hva man kan forvente.<\/p>\n<p>Det skriver mediet <a href=\"https:\/\/4gnews.pt\/o-telemovel-mais-procurado-da-samsung-ja-tem-sucessor-a-caminho\/\" target=\"_blank\" rel=\"noopener nofollow\">4gnews<\/a>.<\/p>\n<p>Ny prosessor og raskere skjerm<\/p>\n<p>If\u00f8lge informasjon publisert av Gizmochina f\u00e5r Galaxy A57 en ny Exynos 1680-prosessor, som erstatter forgjengerens Exynos 1480. <\/p>\n<p>Den nye brikken skal gi bedre ytelse og lavere str\u00f8mforbruk, noe som er viktig i denne prisklassen.<\/p>\n<p>Telefonen ventes ogs\u00e5 \u00e5 f\u00e5 en AMOLED-skjerm med 120 Hz oppdateringsfrekvens, noe som gir en merkbart jevnere opplevelse b\u00e5de under spilling og daglig bruk. <\/p>\n<p>Designet blir trolig ganske likt A56, men med enkelte justeringer av kameramodulen.<\/p>\n<p>Samme batteri \u2013 raskere lading<\/p>\n<p>Galaxy A57 ser ut til \u00e5 beholde et 5.000 mAh-batteri, som er standard i mellomklassen. <\/p>\n<p>Kapasiteten er tilstrekkelig til en hel dags bruk, men flere konkurrenter har allerede begynt \u00e5 tilby st\u00f8rre batterier.<\/p>\n<p>Der A57 derimot kan f\u00e5 et l\u00f8ft, er p\u00e5 ladehastighet. Den ventes \u00e5 st\u00f8tte 45 W hurtiglading, noe som betyr at batteriet kan lades fullt p\u00e5 omtrent \u00e9n time.<\/p>\n<p>Lansering til v\u00e5ren<\/p>\n<p>Selv om Samsung enn\u00e5 ikke har bekreftet modellen offisielt, peker det meste p\u00e5 at Galaxy A57 blir en naturlig arvtaker til A56. <\/p>\n<p>Den nye modellen vil trolig bygge videre p\u00e5 suksessen med solid ytelse, god skjerm og et velkjent design som allerede har gjort serien til en bestselger.<\/p>\n<p>Frem til lanseringen finner sted, er Galaxy A56 fortsatt et trygt valg for dem som \u00f8nsker en balansert og p\u00e5litelig Samsung-telefon i mellomklassen.<\/p>\n","protected":false},"excerpt":{"rendered":"Samsung Galaxy A56 har v\u00e6rt en av \u00e5rets mest popul\u00e6re mobiltelefoner. N\u00e5 viser nye opplysninger at produsenten allerede&hellip;\n","protected":false},"author":2,"featured_media":79374,"comment_status":"","ping_status":"","sticky":false,"template":"","format":"standard","meta":{"footnotes":""},"categories":[57],"tags":[30,28,29,65,63,64,66,70,69,67,68],"class_list":{"0":"post-79373","1":"post","2":"type-post","3":"status-publish","4":"format-standard","5":"has-post-thumbnail","7":"category-vitenskap-og-teknologi","8":"tag-no","9":"tag-norge","10":"tag-norway","11":"tag-science","12":"tag-science-and-technology","13":"tag-scienceandtechnology","14":"tag-technology","15":"tag-teknologi","16":"tag-vitenskap","17":"tag-vitenskap-og-teknologi","18":"tag-vitenskapteknologi"},"share_on_mastodon":{"url":"https:\/\/pubeurope.com\/@no\/115498510204160543","error":""},"_links":{"self":[{"href":"https:\/\/www.europesays.com\/no\/wp-json\/wp\/v2\/posts\/79373","targetHints":{"allow":["GET"]}}],"collection":[{"href":"https:\/\/www.europesays.com\/no\/wp-json\/wp\/v2\/posts"}],"about":[{"href":"https:\/\/www.europesays.com\/no\/wp-json\/wp\/v2\/types\/post"}],"author":[{"embeddable":true,"href":"https:\/\/www.europesays.com\/no\/wp-json\/wp\/v2\/users\/2"}],"replies":[{"embeddable":true,"href":"https:\/\/www.europesays.com\/no\/wp-json\/wp\/v2\/comments?post=79373"}],"version-history":[{"count":0,"href":"https:\/\/www.europesays.com\/no\/wp-json\/wp\/v2\/posts\/79373\/revisions"}],"wp:featuredmedia":[{"embeddable":true,"href":"https:\/\/www.europesays.com\/no\/wp-json\/wp\/v2\/media\/79374"}],"wp:attachment":[{"href":"https:\/\/www.europesays.com\/no\/wp-json\/wp\/v2\/media?parent=79373"}],"wp:term":[{"taxonomy":"category","embeddable":true,"href":"https:\/\/www.europesays.com\/no\/wp-json\/wp\/v2\/categories?post=79373"},{"taxonomy":"post_tag","embeddable":true,"href":"https:\/\/www.europesays.com\/no\/wp-json\/wp\/v2\/tags?post=79373"}],"curies":[{"name":"wp","href":"https:\/\/api.w.org\/{rel}","templated":true}]}}