{"id":79434,"date":"2025-11-05T20:14:09","date_gmt":"2025-11-05T20:14:09","guid":{"rendered":"https:\/\/www.europesays.com\/no\/79434\/"},"modified":"2025-11-05T20:14:09","modified_gmt":"2025-11-05T20:14:09","slug":"den-siste-apache-tyveri-av-en-sykkelindustri","status":"publish","type":"post","link":"https:\/\/www.europesays.com\/no\/79434\/","title":{"rendered":"Den siste Apache \u2013 Tyveri av en sykkelindustri"},"content":{"rendered":"<p class=\"extendedContent hyperion-css-hxzb59\" data-test-tag=\"lead-text\">Den nye dokumentarserien \u00abDen siste Apache \u2013 Tyveri av en sykkelindustri\u00bb forteller historien om hvordan ikoner som Apache, Tempo, DBS og Cubus ble skapt i Sandnes, og hvordan et helt industrieventyr forsvant.<\/p>\n<p><img decoding=\"async\" class=\"image-asset hyperion-css-u06ts1\" data-test-tag=\"image-asset\" src=\"https:\/\/www.europesays.com\/no\/wp-content\/uploads\/2025\/11\/c7293721-20eb-4186-8db0-4987dcceae4d\"  alt=\"Fire sentrale personer i den nye dokumentarserien: Beate \u00d8gl\u00e6nd, Livar H\u00f8lland, Odd Henning Gilje og Jan Erik Holmen. Foran: En utgave av Apache-sykkelen, laget i 1974.\"  loading=\"eager\" fetchpriority=\"high\" style=\"aspect-ratio:1900 \/ 995\"\/>Fire sentrale personer i den nye dokumentarserien: Beate \u00d8gl\u00e6nd, Livar H\u00f8lland, Odd Henning Gilje og Jan Erik Holmen. Foran: En utgave av Apache-sykkelen, laget i 1974. Foto: Jarle AaslandPublisert: Publisert: <\/p>\n<p>For mindre enn 1 time siden<\/p>\n<p class=\"hyperion-css-1qm9e9t\">Les hele saken med abonnement<\/p>\n<p>Allerede abonnent? Logg inn<\/p>\n","protected":false},"excerpt":{"rendered":"Den nye dokumentarserien \u00abDen siste Apache \u2013 Tyveri av en sykkelindustri\u00bb forteller historien om hvordan ikoner som Apache,&hellip;\n","protected":false},"author":2,"featured_media":79435,"comment_status":"","ping_status":"","sticky":false,"template":"","format":"standard","meta":{"footnotes":""},"categories":[58],"tags":[71,30,28,29,72],"class_list":{"0":"post-79434","1":"post","2":"type-post","3":"status-publish","4":"format-standard","5":"has-post-thumbnail","7":"category-underholdning","8":"tag-entertainment","9":"tag-no","10":"tag-norge","11":"tag-norway","12":"tag-underholdning"},"share_on_mastodon":{"url":"https:\/\/pubeurope.com\/@no\/115498927026076558","error":""},"_links":{"self":[{"href":"https:\/\/www.europesays.com\/no\/wp-json\/wp\/v2\/posts\/79434","targetHints":{"allow":["GET"]}}],"collection":[{"href":"https:\/\/www.europesays.com\/no\/wp-json\/wp\/v2\/posts"}],"about":[{"href":"https:\/\/www.europesays.com\/no\/wp-json\/wp\/v2\/types\/post"}],"author":[{"embeddable":true,"href":"https:\/\/www.europesays.com\/no\/wp-json\/wp\/v2\/users\/2"}],"replies":[{"embeddable":true,"href":"https:\/\/www.europesays.com\/no\/wp-json\/wp\/v2\/comments?post=79434"}],"version-history":[{"count":0,"href":"https:\/\/www.europesays.com\/no\/wp-json\/wp\/v2\/posts\/79434\/revisions"}],"wp:featuredmedia":[{"embeddable":true,"href":"https:\/\/www.europesays.com\/no\/wp-json\/wp\/v2\/media\/79435"}],"wp:attachment":[{"href":"https:\/\/www.europesays.com\/no\/wp-json\/wp\/v2\/media?parent=79434"}],"wp:term":[{"taxonomy":"category","embeddable":true,"href":"https:\/\/www.europesays.com\/no\/wp-json\/wp\/v2\/categories?post=79434"},{"taxonomy":"post_tag","embeddable":true,"href":"https:\/\/www.europesays.com\/no\/wp-json\/wp\/v2\/tags?post=79434"}],"curies":[{"name":"wp","href":"https:\/\/api.w.org\/{rel}","templated":true}]}}