{"id":79479,"date":"2025-11-05T21:13:42","date_gmt":"2025-11-05T21:13:42","guid":{"rendered":"https:\/\/www.europesays.com\/no\/79479\/"},"modified":"2025-11-05T21:13:42","modified_gmt":"2025-11-05T21:13:42","slug":"fifa-oppretter-egen-fredspris-deles-ut-under-vm-trekningen","status":"publish","type":"post","link":"https:\/\/www.europesays.com\/no\/79479\/","title":{"rendered":"Fifa oppretter egen fredspris \u2013 deles ut under VM-trekningen"},"content":{"rendered":"\n<p class=\"_lead_o9xde_2 _lead_xtcu6_50 layout-component text-serif-m layout-normal text-serif-l layout-component layout-wide layout-padded _wide_17hqh_1 layout-padded\">Det internasjonale fotballforbundet (Fifa) skal \u00e5rlig dele ut en pris til personer som aktivt jobber for \u00e5 fremme fred.<\/p>\n<p><img alt=\"Fifa-president Gianni Infantino skal framover dele ut en \u00e5rlig fredspris. Blir f\u00f8rste mottaker USAs president Donald Trump?  Foto: Yoan Valat \/ Pool \/ AP \/ NTB\" class=\"_image_qp4xg_65 layout-component layout-wide\" data-fullscreen- data-track-element-type=\"Article image fullscreen\" data-track-name=\"ImageFullscreen\" fetchpriority=\"high\" decoding=\"sync\" loading=\"eager\" height=\"3659\" itemprop=\"image\"  src=\"https:\/\/www.europesays.com\/no\/wp-content\/uploads\/2025\/11\/59374b34-fc72-4638-b216-60d6dee2d2b6\"  style=\"object-position:0% 0%\" width=\"5489\"\/>Fifa-president Gianni Infantino skal framover dele ut en \u00e5rlig fredspris. Blir f\u00f8rste mottaker USAs president Donald Trump?  Foto: Yoan Valat \/ Pool \/ AP \/ NTB<\/p>\n<ul aria-hidden=\"true\" class=\"_images_18f0k_111\">\n<li><a class=\"_link_18f0k_116\" href=\"https:\/\/www.vg.no\/forfatter\/ntb\" style=\"z-index:1\" title=\"NTB\" rel=\"nofollow noopener\" target=\"_blank\"><img alt=\"Bilde av NTB\" class=\"_image_18f0k_93\" fetchpriority=\"low\" loading=\"lazy\" decoding=\"async\" itemprop=\"image\"  src=\"https:\/\/www.europesays.com\/no\/wp-content\/uploads\/2025\/11\/1762377222_111_c33980b0-5d07-4027-84a1-813f90a7c8d6\"  width=\"480\"\/><\/a><\/li>\n<\/ul>\n<p> Oppdatert onsdag 5. november kl. 17:03     <\/p>\n<p class=\"_paragraph_o9xde_4 _paragraph_xtcu6_10 layout-component text-serif-m layout-normal text-serif-m layout-padded\">Den f\u00f8rste vinneren av \u00ab<a href=\"https:\/\/www.vg.no\/tag\/fifa?utm_source=vg-article&amp;utm_medium=auto-tagger&amp;utm_campaign=XjGM9o\" class=\"_link_o9xde_39\" rel=\"nofollow noopener\" target=\"_blank\">Fifas<\/a> fredspris \u2013 fotball forener verden\u00bb blir k\u00e5ret i forbindelse med VM-trekningen i Washington DC 5. desember. Prisen skal personlig deles ut av Fifa-president Gianni Infantino.<\/p>\n<p class=\"_paragraph_o9xde_4 _paragraph_xtcu6_10 layout-component text-serif-m layout-normal text-serif-m layout-padded\"> \u2013 I en stadig mer urolig og splittet verden er det viktig \u00e5 anerkjenne enest\u00e5ende bidrag fra dem som jobber hardt for \u00e5 avslutte konflikter og bringe mennesker sammen i en \u00e5nd av fred, sier Infantino i en <a href=\"https:\/\/inside.fifa.com\/organisation\/media-releases\/peace-prize-award-football-unites-the-world-infantino\" class=\"_link_o9xde_39\" rel=\"nofollow noopener\" target=\"_blank\">uttalelse<\/a> og fortsetter:<\/p>\n<p class=\"_paragraph_o9xde_4 _paragraph_xtcu6_10 layout-component text-serif-m layout-normal text-serif-m layout-padded\">\u2013 Fotball st\u00e5r for fred, og p\u00e5 vegne av hele det globale fotballmilj\u00f8et vil Fifas fredspris anerkjenne den enorme innsatsen til de individene som forener mennesker og bringer h\u00e5p for fremtidige generasjoner.<\/p>\n<p class=\"_paragraph_o9xde_4 _paragraph_xtcu6_10 layout-component text-serif-m layout-normal text-serif-m layout-padded\">Det vil v\u00e6re lav odds p\u00e5 at f\u00f8rste prismottaker blir Donald Trump. Infantino har flere ganger hyllet den amerikanske presidentens fredsinnsats. Trump selv har ofte uttalt at han har l\u00f8st mange v\u00e6pnende konflikter i 2025 og v\u00e6rt tydelig p\u00e5 at han burde ha vunnet \u00e5rets Nobels fredspris.<\/p>\n<p class=\"_paragraph_o9xde_4 _paragraph_xtcu6_10 layout-component text-serif-m layout-normal text-serif-m layout-padded\">Nylig var Infantino til stede da Trump samlet verdensledere til et Gaza-toppm\u00f8te i Egypt. Fifa-sjefen er ofte blitt sett rundt USAs president siden Trump ble innsatt i januar.<\/p>\n<p class=\"_paragraph_o9xde_4 _paragraph_xtcu6_10 layout-component text-serif-m layout-normal text-serif-m layout-padded\">Neste \u00e5rs fotball-VM for menn arrangeres i USA, Canada og Mexico. <\/p>\n","protected":false},"excerpt":{"rendered":"Det internasjonale fotballforbundet (Fifa) skal \u00e5rlig dele ut en pris til personer som aktivt jobber for \u00e5 fremme&hellip;\n","protected":false},"author":2,"featured_media":79480,"comment_status":"","ping_status":"","sticky":false,"template":"","format":"standard","meta":{"footnotes":""},"categories":[12],"tags":[20,21,24,25,2326,4472,15,22,23,13,30,28,29,14,16,26,27,42,43,44,45],"class_list":{"0":"post-79479","1":"post","2":"type-post","3":"status-publish","4":"format-standard","5":"has-post-thumbnail","7":"category-verden","8":"tag-breaking-news","9":"tag-breakingnews","10":"tag-featured-news","11":"tag-featurednews","12":"tag-fifa","13":"tag-fotball-vm","14":"tag-headlines","15":"tag-latest-news","16":"tag-latestnews","17":"tag-news","18":"tag-no","19":"tag-norge","20":"tag-norway","21":"tag-nyheter","22":"tag-overskrifter","23":"tag-top-stories","24":"tag-topstories","25":"tag-verden","26":"tag-world","27":"tag-world-news","28":"tag-worldnews"},"share_on_mastodon":{"url":"https:\/\/pubeurope.com\/@no\/115499159282370043","error":""},"_links":{"self":[{"href":"https:\/\/www.europesays.com\/no\/wp-json\/wp\/v2\/posts\/79479","targetHints":{"allow":["GET"]}}],"collection":[{"href":"https:\/\/www.europesays.com\/no\/wp-json\/wp\/v2\/posts"}],"about":[{"href":"https:\/\/www.europesays.com\/no\/wp-json\/wp\/v2\/types\/post"}],"author":[{"embeddable":true,"href":"https:\/\/www.europesays.com\/no\/wp-json\/wp\/v2\/users\/2"}],"replies":[{"embeddable":true,"href":"https:\/\/www.europesays.com\/no\/wp-json\/wp\/v2\/comments?post=79479"}],"version-history":[{"count":0,"href":"https:\/\/www.europesays.com\/no\/wp-json\/wp\/v2\/posts\/79479\/revisions"}],"wp:featuredmedia":[{"embeddable":true,"href":"https:\/\/www.europesays.com\/no\/wp-json\/wp\/v2\/media\/79480"}],"wp:attachment":[{"href":"https:\/\/www.europesays.com\/no\/wp-json\/wp\/v2\/media?parent=79479"}],"wp:term":[{"taxonomy":"category","embeddable":true,"href":"https:\/\/www.europesays.com\/no\/wp-json\/wp\/v2\/categories?post=79479"},{"taxonomy":"post_tag","embeddable":true,"href":"https:\/\/www.europesays.com\/no\/wp-json\/wp\/v2\/tags?post=79479"}],"curies":[{"name":"wp","href":"https:\/\/api.w.org\/{rel}","templated":true}]}}