{"id":79663,"date":"2025-11-06T04:32:09","date_gmt":"2025-11-06T04:32:09","guid":{"rendered":"https:\/\/www.europesays.com\/no\/79663\/"},"modified":"2025-11-06T04:32:09","modified_gmt":"2025-11-06T04:32:09","slug":"ytring-gimle-skole-er-fem-millioner-virkelig-prisen-pa-et-godt-naermiljo","status":"publish","type":"post","link":"https:\/\/www.europesays.com\/no\/79663\/","title":{"rendered":"Ytring, Gimle skole | Er fem millioner virkelig prisen p\u00e5 et godt n\u00e6rmilj\u00f8?"},"content":{"rendered":"\n<p>Kommunen st\u00e5r overfor et valg som vil f\u00e5 konsekvenser langt utover neste budsjett\u00e5r. Skal vi spare noen lusne fem millioner kroner ved \u00e5 legge ned en skole \u2013 eller skal vi tenke p\u00e5 det som faktisk betyr noe for barn, familier og lokalsamfunn?<\/p>\n<p>For hvem er denne nedleggelsen egentlig god for? Ikke for elevene. Ikke for foreldrene. Og slett ikke for et n\u00e6rmilj\u00f8 som mister et av sine viktigste samlingspunkter. Skolen er mer enn et bygg. Den er et sted hvor barn finner trygghet, vennskap, tilh\u00f8righet \u2013 en arena som bygger samfunn, ikke bare karakterer.<\/p>\n<p>N\u00e5r en skole forsvinner, \u00f8ker skoleveien for mange barn betydelig. Noen m\u00e5 krysse farlige veier eller bruke uforholdsmessig lang tid p\u00e5 transport. Andre m\u00e5 forlate klassekamerater og l\u00e6rere de kjenner godt. Er dette virkelig en pris vi er villige til \u00e5 betale? Skal vi gi barna s\u00f8nvl\u00f8se netter, vanskelige nye valg, kanskje ensomhet ved den nye skolen. Nye elever i en gammel klasse har alltid store utfordringer med \u00e5 finne nye venner, nytt kammeratskap. Det blir mye ensomhet, g\u00e5 alene hjem fra skolen osv. Jeg snakker av erfaring fra egen familie. Er de sparte 5 millioner verdt dette?<\/p>\n<p>Har vi som kommune virkelig r\u00e5d til \u00e5 gj\u00f8re barnas hverdag d\u00e5rligere \u2013 for \u00e5 spare en sum som knapt utgj\u00f8r en promille av det totale budsjettet? Det er lett \u00e5 kutte i det som ikke kan protestere h\u00f8yt nok. Men barnas behov m\u00e5 ikke undervurderes bare fordi de ikke sitter ved forhandlingsbordet.<\/p>\n<p>Det er p\u00e5 tide at vi sp\u00f8r oss selv: Hvilket lokalsamfunn \u00f8nsker vi \u00e5 v\u00e6re? Et som setter tall i et regneark foran kvaliteten p\u00e5 barns oppvekstmilj\u00f8? Eller et som tar ansvar for at v\u00e5re unge f\u00e5r trygge rammer, korte skoleveier og et n\u00e6rt og levende n\u00e6rmilj\u00f8?<\/p>\n<p>Vi m\u00e5 kreve at politikerne ser helheten \u2013 ikke bare budsjetttallene. Fem millioner kan spares p\u00e5 tusen andre m\u00e5ter. En skole kan ikke erstattes.<\/p>\n<p>La oss velge barna. Alltid.<\/p>\n","protected":false},"excerpt":{"rendered":"Kommunen st\u00e5r overfor et valg som vil f\u00e5 konsekvenser langt utover neste budsjett\u00e5r. Skal vi spare noen lusne&hellip;\n","protected":false},"author":2,"featured_media":2080,"comment_status":"","ping_status":"","sticky":false,"template":"","format":"standard","meta":{"footnotes":""},"categories":[10],"tags":[36,20,21,24,25,10868,15,22,23,13,30,28,29,14,1533,16,6779,26,27,963],"class_list":{"0":"post-79663","1":"post","2":"type-post","3":"status-publish","4":"format-standard","5":"has-post-thumbnail","7":"category-norge","8":"tag-art","9":"tag-breaking-news","10":"tag-breakingnews","11":"tag-featured-news","12":"tag-featurednews","13":"tag-gimle-skole","14":"tag-headlines","15":"tag-latest-news","16":"tag-latestnews","17":"tag-news","18":"tag-no","19":"tag-norge","20":"tag-norway","21":"tag-nyheter","22":"tag-opinion","23":"tag-overskrifter","24":"tag-skolestruktur","25":"tag-top-stories","26":"tag-topstories","27":"tag-ytring"},"share_on_mastodon":{"url":"https:\/\/pubeurope.com\/@no\/115500885148509269","error":""},"_links":{"self":[{"href":"https:\/\/www.europesays.com\/no\/wp-json\/wp\/v2\/posts\/79663","targetHints":{"allow":["GET"]}}],"collection":[{"href":"https:\/\/www.europesays.com\/no\/wp-json\/wp\/v2\/posts"}],"about":[{"href":"https:\/\/www.europesays.com\/no\/wp-json\/wp\/v2\/types\/post"}],"author":[{"embeddable":true,"href":"https:\/\/www.europesays.com\/no\/wp-json\/wp\/v2\/users\/2"}],"replies":[{"embeddable":true,"href":"https:\/\/www.europesays.com\/no\/wp-json\/wp\/v2\/comments?post=79663"}],"version-history":[{"count":0,"href":"https:\/\/www.europesays.com\/no\/wp-json\/wp\/v2\/posts\/79663\/revisions"}],"wp:featuredmedia":[{"embeddable":true,"href":"https:\/\/www.europesays.com\/no\/wp-json\/wp\/v2\/media\/2080"}],"wp:attachment":[{"href":"https:\/\/www.europesays.com\/no\/wp-json\/wp\/v2\/media?parent=79663"}],"wp:term":[{"taxonomy":"category","embeddable":true,"href":"https:\/\/www.europesays.com\/no\/wp-json\/wp\/v2\/categories?post=79663"},{"taxonomy":"post_tag","embeddable":true,"href":"https:\/\/www.europesays.com\/no\/wp-json\/wp\/v2\/tags?post=79663"}],"curies":[{"name":"wp","href":"https:\/\/api.w.org\/{rel}","templated":true}]}}