{"id":79750,"date":"2025-11-06T07:19:09","date_gmt":"2025-11-06T07:19:09","guid":{"rendered":"https:\/\/www.europesays.com\/no\/79750\/"},"modified":"2025-11-06T07:19:09","modified_gmt":"2025-11-06T07:19:09","slug":"apples-etterlengtede-billige-macbook-kan-drives-av-en-iphone-brikke-her-er-6-ting-du-kan-vente-deg","status":"publish","type":"post","link":"https:\/\/www.europesays.com\/no\/79750\/","title":{"rendered":"Apples etterlengtede billige MacBook kan drives av en iPhone-brikke \u2013 her er 6 ting du kan vente deg"},"content":{"rendered":"<ul id=\"dbb3ba91-d1e3-4c99-9033-86e0a1a97b7c\">\n<li><strong>Apple jobber med en laptop, hevder en ny rapport<\/strong><\/li>\n<li><strong>Enheten vil drives av en iPhone-brikke og ha en mindre skjerm<\/strong><\/li>\n<li><strong>Prisen kan bli p\u00e5 rundt 600 dollar, noe som gj\u00f8r den til Apples billigste b\u00e6rbare PC.<\/strong><\/li>\n<\/ul>\n<p id=\"971e97be-78be-4b43-89de-4dcbc7cdc676\">Apples <a data-analytics-id=\"inline-link\" href=\"https:\/\/www.techradar.com\/news\/computing\/apple\/mac-buyer-s-guide-2015-1295725\" target=\"_blank\" rel=\"nofollow noopener\">beste MacBook-maskiner<\/a> er kjent for sine h\u00f8ye priser. Du m\u00e5 punge ut med minst 13 990 for en ny Air-modell, med den forst\u00e5else at du f\u00e5r en enhet av h\u00f8y kvalitet p\u00e5 nesten alle m\u00e5ter. <a data-analytics-id=\"inline-link\" href=\"https:\/\/global.techradar.com\/no-no\/tag\/apple\" data-auto-tag-linker=\"true\" data-url=\"https:\/\/global.techradar.com\/no-no\/tag\/apple\" data-hl-processed=\"none\" data-before-rewrite-localise=\"https:\/\/global.techradar.com\/no-no\/tag\/apple\" rel=\"nofollow noopener\" target=\"_blank\">Apple<\/a> har lenge holdt fast ved den formelen, men en ny rapport hevder at de er i ferd med \u00e5 rive opp skriptet med en budsjettb\u00e6rbar PC som kan konkurrere mot alle <a data-analytics-id=\"inline-link\" href=\"https:\/\/global.techradar.com\/no-no\/best\/billig-laptop\" target=\"_blank\" data-url=\"https:\/\/global.techradar.com\/no-no\/best\/billig-laptop\" data-hl-processed=\"none\" data-before-rewrite-localise=\"https:\/\/global.techradar.com\/no-no\/best\/billig-laptop\" rel=\"nofollow noopener\">de beste billige laptopene<\/a>.<\/p>\n<p>I <a data-analytics-id=\"inline-link\" href=\"https:\/\/www.bloomberg.com\/news\/articles\/2025-11-04\/apple-readies-a-low-cost-laptop-to-rival-chromebooks-and-windows-pcs\" target=\"_blank\" data-url=\"https:\/\/www.bloomberg.com\/news\/articles\/2025-11-04\/apple-readies-a-low-cost-laptop-to-rival-chromebooks-and-windows-pcs\" referrerpolicy=\"no-referrer-when-downgrade\" data-hl-processed=\"none\" rel=\"nofollow noopener\">en nylig publisert artikkel<\/a> hevder Bloomberg-reporter Mark Gurman at denne rimelige MacBook-en kan komme s\u00e5 tidlig som \u00abf\u00f8rste halvdel av neste \u00e5r\u00bb. Den forventede ankomstdatoen betyr at den sannsynligvis vil v\u00e6re i salg samtidig med Apples nyeste serie med <a data-analytics-id=\"inline-link\" href=\"https:\/\/www.techradar.com\/computing\/macbooks\/the-macbook-pro-14-m5-has-fixed-my-biggest-macbook-problem-and-im-never-going-back\" target=\"_blank\" rel=\"nofollow noopener\">M5 Mac-er<\/a>.<\/p>\n<p><a id=\"elk-seasonal\" class=\"paywall\" aria-hidden=\"true\" data-url=\"\" href=\"\" target=\"_blank\" referrerpolicy=\"no-referrer-when-downgrade\" data-hl-processed=\"none\"\/><\/p>\n<p id=\"971e97be-78be-4b43-89de-4dcbc7cdc676-2\">Men ikke regn med at budsjett-MacBook-en vil bli utstyrt med den samme <a data-analytics-id=\"inline-link\" href=\"https:\/\/www.techradar.com\/pro\/the-ai-tsunami-apples-m5-chip-delivers-a-12x-performance-leap-heres-what-the-neural-accelerators-mean-for-your-mac\" target=\"_blank\" rel=\"nofollow noopener\">M5-brikken<\/a>. Det andre du kan forvente, if\u00f8lge Gurman, er at enheten vil \u00abavhengige av en iPhone-prosessor\u00bb.<\/p>\n<p>Du liker kanskje<\/p>\n<p>Vi vet enn\u00e5 ikke n\u00f8yaktig hvilken brikke det blir, men Gurman sier at Apples \u00abinterne tester har vist at smarttelefonbrikken kan yte bedre enn den Mac-optimaliserte M1 som ble brukt i laptoper s\u00e5 sent som for noen f\u00e5 \u00e5r siden.\u00bb<\/p>\n<p>Det kan berolige brukere som kanskje blir skremt av tanken p\u00e5 en iPhone-brikke i en Mac.<\/p>\n<p><a id=\"elk-bd511ba2-e17f-4512-b59d-a265138cc237\" class=\"paywall\" aria-hidden=\"true\" data-url=\"\" href=\"\" target=\"_blank\" referrerpolicy=\"no-referrer-when-downgrade\" data-hl-processed=\"none\"\/>Kostnadsbesparende tiltak<\/p>\n<p class=\"vanilla-image-block\" style=\"padding-top:56.25%;\">\n<p><img decoding=\"async\" src=\"https:\/\/www.europesays.com\/no\/wp-content\/uploads\/2025\/11\/9bc2da16c194ea1481da8e57b420e7c3.jpg\" alt=\"En 12-tommers MacBook p&amp;aring; en hekk.\"   loading=\"lazy\" data-new-v2-image=\"true\" data-original-mos=\"https:\/\/www.europesays.com\/no\/wp-content\/uploads\/2025\/11\/9bc2da16c194ea1481da8e57b420e7c3.jpg\" data-pin-media=\"https:\/\/www.europesays.com\/no\/wp-content\/uploads\/2025\/11\/9bc2da16c194ea1481da8e57b420e7c3.jpg\"\/>\n<\/p>\n<p>(Image credit: Future)<\/p>\n<p id=\"83799e41-ac3a-48a0-8f87-401f16a11b13\">For det tredje skal det visstnok komme et nytt kostnadsbesparende trekk n\u00e5r det gjelder skjermen. Her hevder Gurman at Apple vil bruke en \u00abLCD-skjerm i lavere prisklasse\u00bb.<\/p>\n<p>Dette vil v\u00e6re \u00abden minste av alle n\u00e5v\u00e6rende Mac-er, litt under 13,6-tommers skjerm som brukes i MacBook Air\u00bb. For det fjerde hentyder Gurman ogs\u00e5 til produktets \u00abhelt nye design\u00bb, selv om han ikke deler flere detaljer om hvordan det kan se ut.<\/p>\n<p class=\"newsletter-form__strapline\">Registrer deg for siste nytt, anmeldelser, meninger, toppteknologiske tilbud og mer.<\/p>\n<p>Apples mobilbrikker er utrolig effektive og overg\u00e5r lett <a data-analytics-id=\"inline-link\" href=\"https:\/\/global.techradar.com\/no-no\/news\/de-beste-android-telefonene\" data-url=\"https:\/\/global.techradar.com\/no-no\/news\/de-beste-android-telefonene\" data-hl-processed=\"none\" data-before-rewrite-localise=\"https:\/\/global.techradar.com\/no-no\/news\/de-beste-android-telefonene\" rel=\"nofollow noopener\" target=\"_blank\">Android-rivalene<\/a> sine hvert \u00e5r, men de kommer fortsatt ikke p\u00e5 h\u00f8yde med ytelsen som produseres av Mac-brikker. Av den grunn b\u00f8r du ikke forvente at den rimelige MacBook-en skal kunne kj\u00f8re komplekse arbeidsbelastninger eller spille <a data-analytics-id=\"inline-link\" href=\"https:\/\/www.techradar.com\/best\/best-mac-games\" target=\"_blank\" rel=\"nofollow noopener\">de beste Mac-spillene<\/a> med h\u00f8ye bildefrekvenser. Men det er egentlig ikke m\u00e5let uansett, ettersom Gurman sier at enheten er \u00abrettet mot \u00e5 lokke kunder bort fra <a data-analytics-id=\"inline-link\" href=\"https:\/\/global.techradar.com\/no-no\/news\/beste-chromebook\" target=\"_blank\" data-url=\"https:\/\/global.techradar.com\/no-no\/news\/beste-chromebook\" data-hl-processed=\"none\" data-before-rewrite-localise=\"https:\/\/global.techradar.com\/no-no\/news\/beste-chromebook\" rel=\"nofollow noopener\">Chromebook<\/a>-er og Windows-PC-er p\u00e5 innstegsniv\u00e5\u00bb.<\/p>\n<p>Til slutt, i den forbindelse kan vi se laptopen priset rundt 600 dollar \u2013 <a data-analytics-id=\"inline-link\" href=\"https:\/\/www.techradar.com\/computing\/macbooks\/a-usd599-macbook-could-actually-be-coming-and-even-as-a-hardened-windows-fan-id-be-tempted-to-take-the-plunge\" target=\"_blank\" rel=\"nofollow noopener\">et rykte vi har sett f\u00f8r<\/a>. Gurman gir eksemplet med en iPad med Magic Keyboard Folio, som samlet koster rundt 600 dollar \u2013 i Norge 8 000 kroner. Reporteren legger deretter til at \u00abDen nye Mac-en ville havne i en lignende prisklasse, men tilby bedre batteritid, den st\u00f8rre fleksibiliteten som f\u00f8lger med macOS-programvaren og et integrert tastatur.\u00bb<\/p>\n<p>Til tross for disse endringene, ville jeg ikke forvente at Apple ville g\u00e5 p\u00e5 akkord med designkvaliteten som har gjort MacBook-serien s\u00e5 ansett. Bruk av en mindre skjerm og iPhone-brikke vil forh\u00e5pentligvis tillate selskapet \u00e5 beholde den b\u00e6rbare datamaskinens metallkabinett, for eksempel, slik at du f\u00e5r den samme high-end-f\u00f8lelsen som MacBooks er kjent for. Og hvis Apple kan tilby den typen kvalitet til en lavere pris, b\u00f8r den nye enheten definitivt v\u00e6re noe \u00e5 se n\u00e6mere p\u00e5 i 2026.<\/p>\n<p><a id=\"elk-147190e8-4bdf-4a91-b468-175f535d6015\" class=\"paywall\" aria-hidden=\"true\" data-url=\"\" href=\"\" target=\"_blank\" referrerpolicy=\"no-referrer-when-downgrade\" data-hl-processed=\"none\"\/><\/p>\n<p>Dagens beste tilbud p\u00e5 Apple 13&#8243; MacBook Air M4 (2025), Apple 15&#8243; MacBook Air M4 (2025) og  Apple MacBook Pro 14-inch M5 (2025)<\/p>\n","protected":false},"excerpt":{"rendered":"Apple jobber med en laptop, hevder en ny rapport Enheten vil drives av en iPhone-brikke og ha en&hellip;\n","protected":false},"author":2,"featured_media":79751,"comment_status":"","ping_status":"","sticky":false,"template":"","format":"standard","meta":{"footnotes":""},"categories":[57],"tags":[30,28,29,65,63,64,66,70,69,67,68],"class_list":{"0":"post-79750","1":"post","2":"type-post","3":"status-publish","4":"format-standard","5":"has-post-thumbnail","7":"category-vitenskap-og-teknologi","8":"tag-no","9":"tag-norge","10":"tag-norway","11":"tag-science","12":"tag-science-and-technology","13":"tag-scienceandtechnology","14":"tag-technology","15":"tag-teknologi","16":"tag-vitenskap","17":"tag-vitenskap-og-teknologi","18":"tag-vitenskapteknologi"},"share_on_mastodon":{"url":"https:\/\/pubeurope.com\/@no\/115501542023708412","error":""},"_links":{"self":[{"href":"https:\/\/www.europesays.com\/no\/wp-json\/wp\/v2\/posts\/79750","targetHints":{"allow":["GET"]}}],"collection":[{"href":"https:\/\/www.europesays.com\/no\/wp-json\/wp\/v2\/posts"}],"about":[{"href":"https:\/\/www.europesays.com\/no\/wp-json\/wp\/v2\/types\/post"}],"author":[{"embeddable":true,"href":"https:\/\/www.europesays.com\/no\/wp-json\/wp\/v2\/users\/2"}],"replies":[{"embeddable":true,"href":"https:\/\/www.europesays.com\/no\/wp-json\/wp\/v2\/comments?post=79750"}],"version-history":[{"count":0,"href":"https:\/\/www.europesays.com\/no\/wp-json\/wp\/v2\/posts\/79750\/revisions"}],"wp:featuredmedia":[{"embeddable":true,"href":"https:\/\/www.europesays.com\/no\/wp-json\/wp\/v2\/media\/79751"}],"wp:attachment":[{"href":"https:\/\/www.europesays.com\/no\/wp-json\/wp\/v2\/media?parent=79750"}],"wp:term":[{"taxonomy":"category","embeddable":true,"href":"https:\/\/www.europesays.com\/no\/wp-json\/wp\/v2\/categories?post=79750"},{"taxonomy":"post_tag","embeddable":true,"href":"https:\/\/www.europesays.com\/no\/wp-json\/wp\/v2\/tags?post=79750"}],"curies":[{"name":"wp","href":"https:\/\/api.w.org\/{rel}","templated":true}]}}