{"id":79885,"date":"2025-11-06T10:22:08","date_gmt":"2025-11-06T10:22:08","guid":{"rendered":"https:\/\/www.europesays.com\/no\/79885\/"},"modified":"2025-11-06T10:22:08","modified_gmt":"2025-11-06T10:22:08","slug":"fikk-ikke-lov-til-a-trene-pa-stadion-na-ma-start-til-sogne-fvn-no","status":"publish","type":"post","link":"https:\/\/www.europesays.com\/no\/79885\/","title":{"rendered":"(+) Fikk ikke lov til \u00e5 trene p\u00e5 Stadion. N\u00e5 m\u00e5 Start til S\u00f8gne. &#8211; fvn.no"},"content":{"rendered":"<ol>\n<li><a href=\"https:\/\/news.google.com\/rss\/articles\/CBMipgFBVV95cUxNOEwwTEtzMjNBZU5iUW04ekxSYWhaYjltN3lGMzl6bXhpRnVubE9NbnNhdTJWRmZQLVd6S2JqZl91VVdtSkhQYTEwUjNnUnVUSDZ2OUhfYnBTRW1rbk1pTjExckNFMlZmTnZ2aUxNNkRVTUJhdC1jT2QyMTU4Z2h3NWIyREg0WlVNQ0JDbWVUYm93X0dzUGhxV0JIeEFjUXR3ZUs1cXdn?oc=5\" target=\"_blank\" rel=\"nofollow noopener\">(+) Fikk ikke lov til \u00e5 trene p\u00e5 Stadion. N\u00e5 m\u00e5 Start til S\u00f8gne.<\/a>&nbsp;&nbsp;fvn.no<\/li>\n<li><a href=\"https:\/\/news.google.com\/rss\/articles\/CBMipwFBVV95cUxOenFTWUZiVDdxRWtrVE40VDJva3dfM2Z5ZU54QmtLS1BiM0t2VlFyUXhtVU9KdDlIUXRLai1WelRIYV81VHFmMkFXbmFwNE1HLTVvZEpLamN0UGNKLVVoalFFckk3azkyVm5BZ2JMUEdueDVvMk5sQkNrN0QwaWJHSEJZOU1JZXJQdjVPd3NnYVlHak1TOHJOd01VZ1NUTUkxc08yOVptQQ?oc=5\" target=\"_blank\" rel=\"nofollow noopener\">(+) \u2013 Interessen har eksplo\u00addert<\/a>&nbsp;&nbsp;fvn.no<\/li>\n<li><a href=\"https:\/\/news.google.com\/rss\/articles\/CBMilwFBVV95cUxQN2FCYlBRa21VMUF2ZlliYVFidkhmLVNEMktRSVZvclhjWDRmYTQtR1lWLUxubzJ2aVppb0VfZk5VQ0JvTXk1SkJ6T1E1MnI2eUdXNEN4dFprWVlTSXQ3eVd4RUpvRDlmSFRsLUpJR1BUOEdBZXoyaWxpNUtuajdHanlHTVo1TllmZ1RDUVg1TThHUnYwcTZV?oc=5\" target=\"_blank\" rel=\"nofollow noopener\">(+) Start fikk nei f\u00f8r skjebnekampen: \u2013 Normalt ville vi snudd hver stein<\/a>&nbsp;&nbsp;KRS &#8211; Avisen Kristiansand<\/li>\n<li><a href=\"https:\/\/news.google.com\/rss\/articles\/CBMia0FVX3lxTE1yd19jSGVEd1h2YWpLWG1PbjVWdDFiQzRJZ0dVal9ZS0RoQmhQZ2hqQUNqcmtZMzBtZ2hYd3ZCdWMydk1JSVRJSmJ4U0VuN0JtSVFHWDJkVzdRcUgyb2xzSDVmYlZjTFFwV21Z?oc=5\" target=\"_blank\" rel=\"nofollow noopener\">Alt skal avgj\u00f8res p\u00e5 Bislett!<\/a>&nbsp;&nbsp;Lyn 1896<\/li>\n<li><a href=\"https:\/\/news.google.com\/rss\/articles\/CBMiogFBVV95cUxPUTFHYlFZdktYc1JOVTk3LUVuNFREbU53S2JMVFZrYTJIWHUzNkZYMURuaWNiNmhpUDE5NVZuQlgwZkxjamNsQVQtVDAtMUhCb25ydEE5Rm9FN01iU0tmTkQ2WnEzNEVRNXJhZ3d0bjIyWDBKSlJIOWdNTWM1bTV5WXd6OTB0WkRoOUFDMnY5THl1WkhYckR6N3dYWEZJWXJLRUE?oc=5\" target=\"_blank\" rel=\"nofollow noopener\">(+) Bekref\u00adter hvor skjebne\u00adkampen spil\u00adles: \u2013 Blir en fantastisk ramme<\/a>&nbsp;&nbsp;fvn.no<\/li>\n<\/ol>\n","protected":false},"excerpt":{"rendered":"(+) Fikk ikke lov til \u00e5 trene p\u00e5 Stadion. N\u00e5 m\u00e5 Start til S\u00f8gne.&nbsp;&nbsp;fvn.no (+) \u2013 Interessen har&hellip;\n","protected":false},"author":2,"featured_media":79886,"comment_status":"","ping_status":"","sticky":false,"template":"","format":"standard","meta":{"footnotes":""},"categories":[59],"tags":[303,1573,30,28,29,83,82],"class_list":{"0":"post-79885","1":"post","2":"type-post","3":"status-publish","4":"format-standard","5":"has-post-thumbnail","7":"category-sport","8":"tag-ik-start","9":"tag-liveblogg-post-pa-collection","10":"tag-no","11":"tag-norge","12":"tag-norway","13":"tag-sport","14":"tag-sports"},"share_on_mastodon":{"url":"https:\/\/pubeurope.com\/@no\/115502261388607818","error":""},"_links":{"self":[{"href":"https:\/\/www.europesays.com\/no\/wp-json\/wp\/v2\/posts\/79885","targetHints":{"allow":["GET"]}}],"collection":[{"href":"https:\/\/www.europesays.com\/no\/wp-json\/wp\/v2\/posts"}],"about":[{"href":"https:\/\/www.europesays.com\/no\/wp-json\/wp\/v2\/types\/post"}],"author":[{"embeddable":true,"href":"https:\/\/www.europesays.com\/no\/wp-json\/wp\/v2\/users\/2"}],"replies":[{"embeddable":true,"href":"https:\/\/www.europesays.com\/no\/wp-json\/wp\/v2\/comments?post=79885"}],"version-history":[{"count":0,"href":"https:\/\/www.europesays.com\/no\/wp-json\/wp\/v2\/posts\/79885\/revisions"}],"wp:featuredmedia":[{"embeddable":true,"href":"https:\/\/www.europesays.com\/no\/wp-json\/wp\/v2\/media\/79886"}],"wp:attachment":[{"href":"https:\/\/www.europesays.com\/no\/wp-json\/wp\/v2\/media?parent=79885"}],"wp:term":[{"taxonomy":"category","embeddable":true,"href":"https:\/\/www.europesays.com\/no\/wp-json\/wp\/v2\/categories?post=79885"},{"taxonomy":"post_tag","embeddable":true,"href":"https:\/\/www.europesays.com\/no\/wp-json\/wp\/v2\/tags?post=79885"}],"curies":[{"name":"wp","href":"https:\/\/api.w.org\/{rel}","templated":true}]}}