{"id":79887,"date":"2025-11-06T10:24:07","date_gmt":"2025-11-06T10:24:07","guid":{"rendered":"https:\/\/www.europesays.com\/no\/79887\/"},"modified":"2025-11-06T10:24:07","modified_gmt":"2025-11-06T10:24:07","slug":"ubisofts-administrerende-direktor-blir-aerlig-om-assassins-creed-shadows-kulturkrig","status":"publish","type":"post","link":"https:\/\/www.europesays.com\/no\/79887\/","title":{"rendered":"Ubisofts administrerende direkt\u00f8r blir \u00e6rlig om Assassin&#8217;s Creed Shadows &#8216;kulturkrig"},"content":{"rendered":"<p>Ubisofts administrerende direkt\u00f8r har tatt opp kulturkrigene og angrepene Assassin&#8217;s Creed Shadows m\u00f8tte i forkant av lanseringen, og diskuterte kontroversen p\u00e5 en m\u00e5te de fleste selskaper og deres ledere sannsynligvis ville ha unng\u00e5tt.<\/p>\n<p>P\u00e5 et m\u00f8te med innsidere i videospillindustrien under Paris Games Week (rapportert av <a href=\"https:\/\/www.gamefile.news\/p\/paris-video-assassins-creed-shadows\" target=\"_blank\" rel=\"nofollow noopener\">Game File<\/a>), begynte Guillemot sin tale rundt fiaskoen med &laquo;hva skjer n\u00e5r en legendarisk franchise avsl\u00f8rer en av sine mest etterlengtede opplevelser? Bare for \u00e5 bli spillet alle elsker \u00e5 hate?&raquo;<\/p>\n<p>Det er litt av en krok, og selv om det kan virke dramatisk, forklarer det kort hva pokker som skjedde med Assassin&#8217;s Creed Shadows. Guillemot avsl\u00f8rte at Ubisoft ble kastet av tilbakeslaget i utgangspunktet. Dette f\u00f8rte til interne forsinkelser for spillet, og med den ekstra tiden polerte Ubisoft Shadows i h\u00e5p om at det ville glede Assassin&#8217;s Creed-fansen, som igjen ville forsvare det mot disse angrepene.<\/p>\n<p>&laquo;Vi inns\u00e5 raskt at det var en kamp, en kamp med fansen v\u00e5r, for \u00e5 demonstrere at vi faktisk var mer et videospill enn et budskap,&raquo; sa Guillemot. Hvorvidt Assassin&#8217;s Creed Shadows vant den kampen, er vanskelig \u00e5 si. Spillet toppet salgslistene da det kom ut, men har tilsynelatende v\u00e6rt litt av en <a href=\"https:\/\/www.gamereactor.no\/assassins-creed-shadows-er-angivelig-et-av-de-darligstselgende-spillene-i-serien-1903953\/\" title=\"Assassin&#039;s Creed Shadows er angivelig et av de d\u00e5rligstselgende spillene i serien\" rel=\"nofollow noopener\" target=\"_blank\">skuffelse<\/a> sammenlignet med salgstallene til andre franchise-hits.<\/p>\n<p>Hva synes du om Assassin&#8217;s Creed Shadows?<\/p>\n<p><img loading=\"lazy\" decoding=\"async\" id=\"img-1907833-4675983\" data-fullsize=\"\/media\/59\/assassinscreedshadows_4675983b.jpg\" data-lazy=\"\" src=\"https:\/\/www.gamereactor.nohttps:\/\/www.gamereactor.no\/media\/59\/assassinscreedshadows_4675983_650x.jpg\" width=\"650\" onclick=\"if (!window.__cfRLUnblockHandlers) return false; gallery_openmodal('1907833','4675983',false,'489d1cce41cf1b051dfe7a04672ec139');\" height=\"366\" alt=\"Assassin's Creed Shadows\" class=\"rwd_col_content lazy\" data-cf-modified-fb80def638163b3d3c24425d-=\"\"\/><\/p>\n","protected":false},"excerpt":{"rendered":"Ubisofts administrerende direkt\u00f8r har tatt opp kulturkrigene og angrepene Assassin&#8217;s Creed Shadows m\u00f8tte i forkant av lanseringen, og&hellip;\n","protected":false},"author":2,"featured_media":79888,"comment_status":"","ping_status":"","sticky":false,"template":"","format":"standard","meta":{"footnotes":""},"categories":[57],"tags":[30,28,29,65,63,64,66,70,69,67,68],"class_list":{"0":"post-79887","1":"post","2":"type-post","3":"status-publish","4":"format-standard","5":"has-post-thumbnail","7":"category-vitenskap-og-teknologi","8":"tag-no","9":"tag-norge","10":"tag-norway","11":"tag-science","12":"tag-science-and-technology","13":"tag-scienceandtechnology","14":"tag-technology","15":"tag-teknologi","16":"tag-vitenskap","17":"tag-vitenskap-og-teknologi","18":"tag-vitenskapteknologi"},"share_on_mastodon":{"url":"https:\/\/pubeurope.com\/@no\/115502269372315730","error":""},"_links":{"self":[{"href":"https:\/\/www.europesays.com\/no\/wp-json\/wp\/v2\/posts\/79887","targetHints":{"allow":["GET"]}}],"collection":[{"href":"https:\/\/www.europesays.com\/no\/wp-json\/wp\/v2\/posts"}],"about":[{"href":"https:\/\/www.europesays.com\/no\/wp-json\/wp\/v2\/types\/post"}],"author":[{"embeddable":true,"href":"https:\/\/www.europesays.com\/no\/wp-json\/wp\/v2\/users\/2"}],"replies":[{"embeddable":true,"href":"https:\/\/www.europesays.com\/no\/wp-json\/wp\/v2\/comments?post=79887"}],"version-history":[{"count":0,"href":"https:\/\/www.europesays.com\/no\/wp-json\/wp\/v2\/posts\/79887\/revisions"}],"wp:featuredmedia":[{"embeddable":true,"href":"https:\/\/www.europesays.com\/no\/wp-json\/wp\/v2\/media\/79888"}],"wp:attachment":[{"href":"https:\/\/www.europesays.com\/no\/wp-json\/wp\/v2\/media?parent=79887"}],"wp:term":[{"taxonomy":"category","embeddable":true,"href":"https:\/\/www.europesays.com\/no\/wp-json\/wp\/v2\/categories?post=79887"},{"taxonomy":"post_tag","embeddable":true,"href":"https:\/\/www.europesays.com\/no\/wp-json\/wp\/v2\/tags?post=79887"}],"curies":[{"name":"wp","href":"https:\/\/api.w.org\/{rel}","templated":true}]}}