{"id":80026,"date":"2025-11-06T12:54:08","date_gmt":"2025-11-06T12:54:08","guid":{"rendered":"https:\/\/www.europesays.com\/no\/80026\/"},"modified":"2025-11-06T12:54:08","modified_gmt":"2025-11-06T12:54:08","slug":"rockstar-slar-tilbake-mot-anklager-om-fagforeningsknusing","status":"publish","type":"post","link":"https:\/\/www.europesays.com\/no\/80026\/","title":{"rendered":"Rockstar sl\u00e5r tilbake mot anklager om fagforeningsknusing"},"content":{"rendered":"<p>De ansatte som ble sparket fra Rockstar Games forrige uke mistet jobben fordi de delte hemmelig informasjon om selskapet. Det hevder utvikleren selv, i en uttalelse som tar avstand fra <a role=\"link\" href=\"https:\/\/www.gamer.no\/artikler\/rockstar-anklages-for-fagforeningsknusing\/519488\" rel=\"nofollow noopener\" target=\"_blank\">anklager om fagforeningsknusing<\/a>.<\/p>\n<p>I en uttalelse til <a role=\"link\" href=\"https:\/\/www.bloomberg.com\/news\/articles\/2025-11-05\/-grand-theft-auto-studio-says-fired-employees-were-leaking-information?accessToken=eyJhbGciOiJIUzI1NiIsInR5cCI6IkpXVCJ9.eyJzb3VyY2UiOiJTdWJzY3JpYmVyR2lmdGVkQXJ0aWNsZSIsImlhdCI6MTc2MjM4NDU1NSwiZXhwIjoxNzYyOTg5MzU1LCJhcnRpY2xlSWQiOiJUNUEwS0JHUFdDTDgwMCIsImJjb25uZWN0SWQiOiJCMUVBQkI5NjQ2QUM0REZFQTJBRkI4MjI1MzgyQTJFQSJ9.PipR6t4x9M3EqRs9jXeXrZNn3d-RZBZhXyh8pTYZhFs&amp;leadSource=uverify%20wall\" rel=\"nofollow noopener\" target=\"_blank\">Bloomberg<\/a> fortalte Rockstar at de ansatte hadde dr\u00f8ftet konfidensielle detaljer i en privat Discord-gruppe som inkluderte folk fra utenfor selskapet. Det bryter med Rockstars retningslinjer.<\/p>\n<p>\u2013 Forrige uke tok vi aff\u00e6re mot et lite antall individer som det viste seg at distribuerte og diskuterte hemmelig informasjon i et offentlig forum, som bryter med v\u00e5re retningslinjer. Dette var p\u00e5 ingen m\u00e5te knyttet til folks rett til \u00e5 bli med i fagforeninger eller drive fagforeningsrelatert arbeid.<\/p>\n<p>De over 30 ansatte som m\u00e5tte g\u00e5 var enten medlem av en fagforening eller jobbet med organisering av ansatte i Rockstar. Independent Workers&#8217; Union of Great Britain (IWGB) kalte situasjonen et \u00e5penbart tilfelle av \u00e5 straffe arbeidernes fors\u00f8k p\u00e5 \u00e5 organisere seg.<\/p>\n<p>IWGB-sjef <strong>Alex Marshall<\/strong> har ikke latt seg overbevise av Rockstars nyeste uttalelse. Overfor Bloomberg hevder han at utvikleren slo hardt ned fordi ledelsen er redd for hva som skjer dersom fagforeningen f\u00e5r fotfeste.<\/p>\n<p>\u2013 Ledelsen viser at de ikke bryr seg om utsettelser av GTA VI og at de prioriterer fagforeningsknusing ved \u00e5 g\u00e5 etter de samme folkene som lager spillet.<\/p>\n<p>Grand Theft Auto VI skulle opprinnelig lanseres i h\u00f8st, men ble utsatt til 26. mai neste \u00e5r.<\/p>\n","protected":false},"excerpt":{"rendered":"De ansatte som ble sparket fra Rockstar Games forrige uke mistet jobben fordi de delte hemmelig informasjon om&hellip;\n","protected":false},"author":2,"featured_media":80027,"comment_status":"","ping_status":"","sticky":false,"template":"","format":"standard","meta":{"footnotes":""},"categories":[57],"tags":[30,28,29,65,63,64,66,70,69,67,68],"class_list":{"0":"post-80026","1":"post","2":"type-post","3":"status-publish","4":"format-standard","5":"has-post-thumbnail","7":"category-vitenskap-og-teknologi","8":"tag-no","9":"tag-norge","10":"tag-norway","11":"tag-science","12":"tag-science-and-technology","13":"tag-scienceandtechnology","14":"tag-technology","15":"tag-teknologi","16":"tag-vitenskap","17":"tag-vitenskap-og-teknologi","18":"tag-vitenskapteknologi"},"share_on_mastodon":{"url":"https:\/\/pubeurope.com\/@no\/115502859078473653","error":""},"_links":{"self":[{"href":"https:\/\/www.europesays.com\/no\/wp-json\/wp\/v2\/posts\/80026","targetHints":{"allow":["GET"]}}],"collection":[{"href":"https:\/\/www.europesays.com\/no\/wp-json\/wp\/v2\/posts"}],"about":[{"href":"https:\/\/www.europesays.com\/no\/wp-json\/wp\/v2\/types\/post"}],"author":[{"embeddable":true,"href":"https:\/\/www.europesays.com\/no\/wp-json\/wp\/v2\/users\/2"}],"replies":[{"embeddable":true,"href":"https:\/\/www.europesays.com\/no\/wp-json\/wp\/v2\/comments?post=80026"}],"version-history":[{"count":0,"href":"https:\/\/www.europesays.com\/no\/wp-json\/wp\/v2\/posts\/80026\/revisions"}],"wp:featuredmedia":[{"embeddable":true,"href":"https:\/\/www.europesays.com\/no\/wp-json\/wp\/v2\/media\/80027"}],"wp:attachment":[{"href":"https:\/\/www.europesays.com\/no\/wp-json\/wp\/v2\/media?parent=80026"}],"wp:term":[{"taxonomy":"category","embeddable":true,"href":"https:\/\/www.europesays.com\/no\/wp-json\/wp\/v2\/categories?post=80026"},{"taxonomy":"post_tag","embeddable":true,"href":"https:\/\/www.europesays.com\/no\/wp-json\/wp\/v2\/tags?post=80026"}],"curies":[{"name":"wp","href":"https:\/\/api.w.org\/{rel}","templated":true}]}}