{"id":8011,"date":"2025-08-14T14:02:13","date_gmt":"2025-08-14T14:02:13","guid":{"rendered":"https:\/\/www.europesays.com\/no\/8011\/"},"modified":"2025-08-14T14:02:13","modified_gmt":"2025-08-14T14:02:13","slug":"forskning-okt-selvmordsrisiko-blant-aap-mottagere","status":"publish","type":"post","link":"https:\/\/www.europesays.com\/no\/8011\/","title":{"rendered":"Forskning: \u00d8kt selvmords\u00adrisiko blant AAP\u00ad-mottagere"},"content":{"rendered":"\n<ul class=\"_list_1bvmi_3 _list_1flq1_85 _unordered_1bvmi_99 text-sans-m\">\n<li class=\"_item_1bvmi_30\">Forskning viser at kvinner p\u00e5 arbeidsavklaringspenger (AAP) har ni ganger h\u00f8yere risiko for selvmord enn kvinner i arbeid.<\/li>\n<li class=\"_item_1bvmi_30\">For menn er risikoen nesten seks ganger h\u00f8yere.<\/li>\n<li class=\"_item_1bvmi_30\">Etter to \u00e5r p\u00e5 AAP \u00f8ker selvmordsrisikoen enda mer for begge kj\u00f8nn.<\/li>\n<li class=\"_item_1bvmi_30\">Kritikere mener Nav-systemet bidrar til \u00f8kt sykdom blant mottakerne.<\/li>\n<\/ul>\n<p>Vis mer <\/p>\n<p class=\"_paragraph_1bvmi_4 _paragraph_xtcu6_10 layout-component text-serif-m layout-normal text-serif-m layout-padded\">Det er s\u00e5 \u00e5 si livsfarlig \u00e5 g\u00e5 p\u00e5 arbeidsavklaringspenger arbeidsavklaringspenger En midlertidig ytelse fra NAV som skal sikre inntekt for personer som har nedsatt arbeidsevne p\u00e5 grunn av sykdom eller skade, mens de avklarer om de kan komme tilbake i arbeid eller trenger annen st\u00f8tte.(AAP). Det viser doktorgraden som Carine \u00d8ien-\u00d8degaard ved Folkehelseinstuttet leverte denne sommeren:<\/p>\n<p class=\"_paragraph_1bvmi_4 _paragraph_xtcu6_10 layout-component text-serif-m layout-normal text-serif-m layout-padded\"><strong class=\"_strong_1bvmi_25\">Kvinner som g\u00e5r p\u00e5 AAP har nesten ni ganger h\u00f8yere risiko for selvmord, sammenlignet med kvinner i arbeid.<\/strong><\/p>\n<p class=\"_paragraph_1bvmi_4 _paragraph_xtcu6_10 layout-component text-serif-m layout-normal text-serif-m layout-padded\">Menn som g\u00e5r p\u00e5 AAP har nesten seks ganger h\u00f8yere risiko for selvmord enn menn i arbeid.<\/p>\n<p class=\"_paragraph_1bvmi_4 _paragraph_xtcu6_10 layout-component text-serif-m layout-normal text-serif-m layout-padded\">Dette gjaldt det f\u00f8rste \u00e5ret de fikk AAP. Etter to \u00e5r p\u00e5 AAP ble det verre: <\/p>\n<p class=\"_paragraph_1bvmi_4 _paragraph_xtcu6_10 layout-component text-serif-m layout-normal text-serif-m layout-padded\"><strong class=\"_strong_1bvmi_25\">Da var sannsynligheten for \u00e5 d\u00f8 i selvmord \u00e5tte ganger h\u00f8yere for menn og 12 ganger h\u00f8yere for kvinner.<\/strong><\/p>\n<p><img alt=\"EGNE NAV-RFARINGER: I 2018 fortalte \u00d8ien-\u00d8degaard om ulykken som endret livet hennes for alltid.   Foto: Odin J\u00e6ger \/ VG\" class=\"_image_qp4xg_65 layout-component layout-normal\" data-fullscreen- data-track-element-type=\"Article image fullscreen\" data-track-name=\"ImageFullscreen\" decoding=\"async\" loading=\"lazy\" height=\"4070\" itemprop=\"image\"  src=\"https:\/\/www.europesays.com\/no\/wp-content\/uploads\/2025\/08\/67195a6a-df97-441e-bdce-d98b871ba5f4\"  style=\"object-position:0% 0%\" width=\"6105\"\/>EGNE NAV-RFARINGER: I 2018 fortalte \u00d8ien-\u00d8degaard om ulykken som endret livet hennes for alltid.   Foto: Odin J\u00e6ger \/ VG<\/p>\n<p class=\"_paragraph_1bvmi_4 _paragraph_xtcu6_10 layout-component text-serif-m layout-normal text-serif-m layout-padded\">\u00d8ien-\u00d8degaard fant at blant dem som d\u00f8de i selvmord, var 5,7 prosent arbeidsledige, og 21,4 prosent mottok AAP. Funnene ble f\u00f8rste gang omtalt hos <a href=\"https:\/\/www.legeforeningen.no\/om-oss\/fond-og-legater\/allmennmedisinsk-forskningsfond\/forskningsnytt\/langt-flere-selvmord-blant-mottakere-av-arbeidsavklaringspenger-enn-blant-folk-i-jobb\/\" class=\"_link_1bvmi_39\" rel=\"nofollow noopener\" target=\"_blank\">Legeforeningen<\/a>.<\/p>\n<p class=\"_paragraph_1bvmi_4 _paragraph_xtcu6_10 layout-component text-serif-m layout-normal text-serif-m layout-padded\"><strong class=\"_strong_1bvmi_25\">\u2013 Jeg antar at det er ganske mange flere mennesker med lav livskvalitet, i tillegg til dem som ender med \u00e5 beg\u00e5 selvmord, sier \u00d8ien-\u00d8degaard til VG. <\/strong><\/p>\n<p class=\"_paragraph_1bvmi_4 _paragraph_xtcu6_10 layout-component text-serif-m layout-normal text-serif-m layout-padded\">Hun har fulgt debatten om Nav de siste ukene.<\/p>\n<p class=\"_paragraph_1bvmi_4 _paragraph_xtcu6_10 layout-component text-serif-m layout-normal text-serif-m layout-padded\">\u2013 <a href=\"https:\/\/www.vg.no\/i\/5E514b\" data-track-element-type=\"Link\" data-track-id=\"link:5E514b\" class=\"_link_1bvmi_39\" rel=\"nofollow noopener\" target=\"_blank\">Kaveh Rashidi har noen gode poenger.<\/a> Basert p\u00e5 min forskning har jeg ikke vanskeligheter med \u00e5 se at folk kan bli syke av prosessen selv. Folk blir ikke friske av \u00e5 v\u00e6re fattige og gang p\u00e5 gang m\u00e5tte bevise at de er syke og hjelpetrengende. Litt mer tillit i Nav-systemet hadde hjulpet flere, mener hun.<\/p>\n<p class=\"_paragraph_1bvmi_4 _paragraph_xtcu6_10 layout-component text-serif-m layout-normal text-serif-m layout-padded\"><strong class=\"_strong_1bvmi_25\">Forskeren har sine egne erfaringer med Nav, etter at hun brakk nakken 26 \u00e5r gammel. <a href=\"https:\/\/www.vg.no\/i\/qnMjre\" data-track-element-type=\"Link\" data-track-id=\"link:qnMjre\" class=\"_link_1bvmi_39\" rel=\"nofollow noopener\" target=\"_blank\">Hun har tidligere fortalt historien sin til VG.<\/a><\/strong><\/p>\n<p><img alt=\"FAMILIEN: Tre \u00e5r etter at FHI-forskeren ble lam, ble hun gravid. Her er hun sammen med ektemann Sigurd \u00d8ien \u00d8degaard og s\u00f8nnen Iver.  Foto: Odin J\u00e6ger \/ VG\" class=\"_image_qp4xg_65 layout-component layout-normal\" data-fullscreen- data-track-element-type=\"Article image fullscreen\" data-track-name=\"ImageFullscreen\" decoding=\"async\" loading=\"lazy\" height=\"4480\" itemprop=\"image\"  src=\"https:\/\/www.europesays.com\/no\/wp-content\/uploads\/2025\/08\/efb11daf-232b-48af-85ed-d38c2b43686f\"  style=\"object-position:0% 0%\" width=\"6720\"\/>FAMILIEN: Tre \u00e5r etter at FHI-forskeren ble lam, ble hun gravid. Her er hun sammen med ektemann Sigurd \u00d8ien \u00d8degaard og s\u00f8nnen Iver.  Foto: Odin J\u00e6ger \/ VG<\/p>\n<p class=\"_paragraph_1bvmi_4 _paragraph_xtcu6_10 layout-component text-serif-m layout-normal text-serif-m layout-padded\">\u2013 Jeg har permanent ryggmargsskade. Jeg kommer aldri til \u00e5 bli frisk. Likevel m\u00e5 jeg stadig sende legeerkl\u00e6ring til Nav om at jeg fremdeles har den samme kroniske skaden, og at jeg har rett til ytelsene jeg f\u00e5r. Dette er tid som jeg, legen min og Nav kunne ha brukt til andre ting, sier hun. <\/p>\n<p class=\"_paragraph_1bvmi_4 _paragraph_xtcu6_10 layout-component text-serif-m layout-normal text-serif-m layout-padded\">Hennes personlige historie med Nav er likevel positiv. <\/p>\n<p class=\"_paragraph_1bvmi_4 _paragraph_xtcu6_10 layout-component text-serif-m layout-normal text-serif-m layout-padded\">\u2013 Men jeg er heldig som hadde familie og venner rundt meg hele tiden. Jeg hadde et godt utgangspunkt for \u00e5 f\u00e5 hjelp. Mange syke har ikke det samme nettverket som jeg hadde. Jobb er viktig for mange. Det gir mening, men blir del av et fellesskap og f\u00e5r bedre \u00f8konomi. Men ikke alle kan jobbe, det er ogs\u00e5 viktig \u00e5 huske.<\/p>\n<p class=\"_paragraph_1bvmi_4 _paragraph_xtcu6_10 layout-component text-serif-m layout-normal text-serif-m layout-padded\"><strong class=\"_strong_1bvmi_25\">Den \u00f8kte selvmordsfaren blant dem som g\u00e5r p\u00e5 arbeidsavklaringspenger overrasker ikke lederen for AAP-aksjonen, <a href=\"https:\/\/www.vg.no\/tag\/elisabeth-thoresen?utm_source=vg-article&amp;utm_medium=auto-tagger&amp;utm_campaign=lwdlEo\" class=\"_link_1bvmi_39\" rel=\"nofollow noopener\" target=\"_blank\">Elisabeth Thoresen<\/a>.<\/strong><\/p>\n<p class=\"_paragraph_1bvmi_4 _paragraph_xtcu6_10 layout-component text-serif-m layout-normal text-serif-m layout-padded\">\u2013 Dette er mennesker som skal deale med egen sykdom, sorgen over tapet av egen funksjonsevne, tapet av kolleger og venner. Og s\u00e5 m\u00f8tes du av et Nav-system som ikke veileder deg, som ikke tror p\u00e5 deg, og et lovverk som ingen forst\u00e5r noe av, sier Thoresen, og fortsetter:<\/p>\n<p><img alt=\"SAGT DET LENGE: \u2013 Helt siden 2018 har jeg sagt at vi m\u00e5 ha en full gjennomgang av Nav, sier leder for AAP-aksjonen, Elisabeth Thoresen.\" class=\"_image_qp4xg_65 layout-component layout-normal\" data-fullscreen- data-track-element-type=\"Article image fullscreen\" data-track-name=\"ImageFullscreen\" decoding=\"async\" loading=\"lazy\" height=\"2560\" itemprop=\"image\"  src=\"https:\/\/www.europesays.com\/no\/wp-content\/uploads\/2025\/08\/f029365f-6753-4f66-bed2-e270eb825b51\"  style=\"object-position:0% 0%\" width=\"2047\"\/>SAGT DET LENGE: \u2013 Helt siden 2018 har jeg sagt at vi m\u00e5 ha en full gjennomgang av Nav, sier leder for AAP-aksjonen, Elisabeth Thoresen.<\/p>\n<p class=\"_paragraph_1bvmi_4 _paragraph_xtcu6_10 layout-component text-serif-m layout-normal text-serif-m layout-padded\">\u2013 Syke mennesker blir sykere i Nav-systemet. Det finnes rapporter som viser at <a href=\"https:\/\/osloeconomics.no\/wp-content\/uploads\/2024\/05\/rapport-effekter-av-arbeidsmarkedstiltak.pdf\" class=\"_link_1bvmi_39\" rel=\"nofollow noopener\" target=\"_blank\">syke AAP-mottagere i sv\u00e6rt liten grad har nytte av arbeidsmarkedstiltak<\/a>. Likevel fortsetter Nav \u00e5 presse syke gjennom slike l\u00f8p, sier Thoresen.<\/p>\n<p class=\"_paragraph_1bvmi_4 _paragraph_xtcu6_10 layout-component text-serif-m layout-normal text-serif-m layout-padded\"><a href=\"https:\/\/www.vg.no\/i\/zAmAj5\" data-track-element-type=\"Link\" data-track-id=\"link:zAmAj5\" class=\"_link_1bvmi_39\" rel=\"nofollow noopener\" target=\"_blank\">Behovet for mer tillit til brukerne<\/a> av Nav ble nevnt da R\u00f8dt-politiker Mimir Kristjansson l\u00f8ftet h\u00e5nden i debatten. Ogs\u00e5 Thoresen mener Nav trenger \u00e5 vise mer tillit til brukerne.<\/p>\n<p class=\"_paragraph_1bvmi_4 _paragraph_xtcu6_10 layout-component text-serif-m layout-normal text-serif-m layout-padded\">\u2013 Det ligger en mistillit i hele systemet. N\u00e5r politikere g\u00e5r ut og sier at de som trenger hjelp fra Nav m\u00e5 ut og bevise at de er syke. Da snur man problemstillingen helt rundt \u2013 det er Nav som har ansvar for \u00e5 hente inn den informasjonen. Det er en stor mangel p\u00e5 kunnskap om NAV-systemet ogs\u00e5 hos politikere.<\/p>\n<p class=\"_paragraph_1bvmi_4 _paragraph_xtcu6_10 layout-component text-serif-m layout-normal text-serif-m layout-padded\">Da Nav-direkt\u00f8r Hans Christian Holte forrige uke svarte p\u00e5 Kaveh Rashidis kritikk, viste han til brukerunders\u00f8kelser hos Nav. <\/p>\n<p class=\"_paragraph_1bvmi_4 _paragraph_xtcu6_10 layout-component text-serif-m layout-normal text-serif-m layout-padded\">\u2013 V\u00e5re brukerunders\u00f8kelser viser at folks tillit til Nav har g\u00e5tt opp de siste tre \u00e5rene, <a href=\"https:\/\/www.vg.no\/i\/OoVGkq\" data-track-element-type=\"Link\" data-track-id=\"link:OoVGkq\" class=\"_link_1bvmi_39\" rel=\"nofollow noopener\" target=\"_blank\">sa Holte da<\/a>.<\/p>\n<p><img decoding=\"async\" alt=\"Bilde av Hans Christian Holte\" class=\"_image_ygndg_42\" height=\"30\" itemprop=\"image\" loading=\"lazy\"  src=\"https:\/\/www.europesays.com\/no\/wp-content\/uploads\/2025\/08\/b669802c-4257-4968-a7f1-43ca3855e1e6\"  width=\"40\"\/><strong class=\"_name_ygndg_51 title-serif-xs\">Hans Christian Holte<\/strong><\/p>\n<p class=\"_paragraph_1bvmi_4 text-sans-m _description_ygndg_56\">Nav-direkt\u00f8r<\/p>\n<p class=\"_paragraph_1bvmi_4 _paragraph_xtcu6_10 layout-component text-serif-m layout-normal text-serif-m layout-padded\"><strong class=\"_strong_1bvmi_25\">Thoresen tror ikke p\u00e5 unders\u00f8kelsene.<\/strong><\/p>\n<p class=\"_paragraph_1bvmi_4 _paragraph_xtcu6_10 layout-component text-serif-m layout-normal text-serif-m layout-padded\">\u2013 De mest s\u00e5rbare gruppene t\u00f8r ikke svare p\u00e5 disse unders\u00f8kelsene. De er redde for at unders\u00f8kelsene ikke er anonyme, og frykter represalier fra Nav hvis de svarer negativt. Det sier folk til oss, forteller hun. <\/p>\n<p class=\"_paragraph_1bvmi_4 _paragraph_xtcu6_10 layout-component text-serif-m layout-normal text-serif-m layout-padded\">AAP-aksjonen er en ideell organisasjon som jobber for at syke og uf\u00f8re blir sikret stabil inntekt uten avbrudd, inntil det er avklart om de g\u00e5r tilbake til jobb eller f\u00e5r uf\u00f8retrygd. <\/p>\n<p class=\"_paragraph_1bvmi_4 _paragraph_xtcu6_10 layout-component text-serif-m layout-normal text-serif-m layout-padded\">\u2013 Helt siden 2018 har vi sagt det Kaveh Rashidi sier n\u00e5 \u2013 at vi m\u00e5 ha en full gjennomgang av Nav, spesielt om hva syke mennesker m\u00f8ter. Vi har sagt dette flere ganger, i m\u00f8ter med regjering og politikere, sier Thoresen.<\/p>\n<p class=\"_paragraph_1bvmi_4 _paragraph_xtcu6_10 layout-component text-serif-m layout-normal text-serif-m layout-padded\"><strong class=\"_strong_1bvmi_25\">Men hele Nav trenger ikke rives, sier hun. <\/strong><\/p>\n<p class=\"_paragraph_1bvmi_4 _paragraph_xtcu6_10 layout-component text-serif-m layout-normal text-serif-m layout-padded\">\u2013 Det er ting som fungerer i Nav, og det finnes masse dyktige mennesker der. Pensjonsutbetaling, uf\u00f8retrygd, dagpenger, overgangsst\u00f8nad \u2013 dette fungerer. Foreldrepenger fungerer ogs\u00e5 t\u00e5lelig greit. Men Nav er ikke rigget for \u00e5 hjelpe syke mennesker, mener hun. <\/p>\n","protected":false},"excerpt":{"rendered":"Forskning viser at kvinner p\u00e5 arbeidsavklaringspenger (AAP) har ni ganger h\u00f8yere risiko for selvmord enn kvinner i arbeid.&hellip;\n","protected":false},"author":2,"featured_media":8012,"comment_status":"","ping_status":"","sticky":false,"template":"","format":"standard","meta":{"footnotes":""},"categories":[5],"tags":[20,21,1735,24,25,859,15,19,860,22,23,17,18,652,13,30,28,29,14,16,1736,26,27],"class_list":{"0":"post-8011","1":"post","2":"type-post","3":"status-publish","4":"format-standard","5":"has-post-thumbnail","7":"category-overskrifter","8":"tag-breaking-news","9":"tag-breakingnews","10":"tag-elisabeth-thoresen","11":"tag-featured-news","12":"tag-featurednews","13":"tag-hans-christian-holte","14":"tag-headlines","15":"tag-hovedoppslag","16":"tag-kaveh-rashidi","17":"tag-latest-news","18":"tag-latestnews","19":"tag-main-news","20":"tag-mainnews","21":"tag-nav","22":"tag-news","23":"tag-no","24":"tag-norge","25":"tag-norway","26":"tag-nyheter","27":"tag-overskrifter","28":"tag-selvmord","29":"tag-top-stories","30":"tag-topstories"},"share_on_mastodon":{"url":"","error":""},"_links":{"self":[{"href":"https:\/\/www.europesays.com\/no\/wp-json\/wp\/v2\/posts\/8011","targetHints":{"allow":["GET"]}}],"collection":[{"href":"https:\/\/www.europesays.com\/no\/wp-json\/wp\/v2\/posts"}],"about":[{"href":"https:\/\/www.europesays.com\/no\/wp-json\/wp\/v2\/types\/post"}],"author":[{"embeddable":true,"href":"https:\/\/www.europesays.com\/no\/wp-json\/wp\/v2\/users\/2"}],"replies":[{"embeddable":true,"href":"https:\/\/www.europesays.com\/no\/wp-json\/wp\/v2\/comments?post=8011"}],"version-history":[{"count":0,"href":"https:\/\/www.europesays.com\/no\/wp-json\/wp\/v2\/posts\/8011\/revisions"}],"wp:featuredmedia":[{"embeddable":true,"href":"https:\/\/www.europesays.com\/no\/wp-json\/wp\/v2\/media\/8012"}],"wp:attachment":[{"href":"https:\/\/www.europesays.com\/no\/wp-json\/wp\/v2\/media?parent=8011"}],"wp:term":[{"taxonomy":"category","embeddable":true,"href":"https:\/\/www.europesays.com\/no\/wp-json\/wp\/v2\/categories?post=8011"},{"taxonomy":"post_tag","embeddable":true,"href":"https:\/\/www.europesays.com\/no\/wp-json\/wp\/v2\/tags?post=8011"}],"curies":[{"name":"wp","href":"https:\/\/api.w.org\/{rel}","templated":true}]}}