{"id":80112,"date":"2025-11-06T14:32:16","date_gmt":"2025-11-06T14:32:16","guid":{"rendered":"https:\/\/www.europesays.com\/no\/80112\/"},"modified":"2025-11-06T14:32:16","modified_gmt":"2025-11-06T14:32:16","slug":"dette-er-forsvarets-vitner-2","status":"publish","type":"post","link":"https:\/\/www.europesays.com\/no\/80112\/","title":{"rendered":"Dette er forsvarets vitner"},"content":{"rendered":"<p>  En rekke profilerte personer er blitt kalt inn av Marius Borg H\u00f8ibys (28) forsvarere for \u00e5 vitne under rettssaken.<\/p>\n<p>\n    TILTALT: Marius Borg H\u00f8iby er tiltalt for 32 punkter, deriblant fire voldtekter, mishandling i n\u00e6re relasjoner, flere voldshandlinger, skadeverk og brudd p\u00e5 bes\u00f8ksforbud. Rettssaken starter 3. februar 2026, og det er satt av seks uker. Foto: NTB\n  <\/p>\n<p>Oslo statsadvokatembeter har torsdag formiddag sendt ut en bevisoppgave f\u00f8r rettssaken mot Marius Borg H\u00f8iby (28).<\/p>\n<p>I den framg\u00e5r det hvem Borg H\u00f8ibys forsvarere har kalt inn som vitner.<\/p>\n<p>En rekke profilerte personer er kalt inn som vitner under rettssaken, deriblant influenser Mie Mack Cappelen og TV-profilene Johannes Klemp og Niklas Tangen Klein.<\/p>\n<p>Klemp og Tangen Klein er ekskj\u00e6restene til henholdsvis Nora Haukland og Linni Meister, som begge er forn\u00e6rmede i straffesaken.\u00a0<\/p>\n<p>Klemp og Haukland vant realityserien \u00abLove Island\u00bb sammen i 2020.\u00a0<\/p>\n<p>Elden om vitneinnkallelsen\t<\/p>\n<p class=\"font-weight-bold m-font-weight-bold\" data-lab-font_weight=\"font-weight-bold\"> John Christian Elden er bistandsadvokaten til Nora Haukland og Linni Meister i den kommende rettssaken mot Borg H\u00f8iby.\u00a0<\/p>\n<p>&#8211; Jeg er spent p\u00e5 hva forsvarer mener de kan opplyse om voldtekter og mishandling som jentene etter tiltalen er utsatt for av en annen person, sier Elden til Dagbladet torsdag ettermiddag, f\u00f8r han fortsetter:<\/p>\n<p>&#8211; Men det er ikke v\u00e5r jobb \u00e5 mene noe om forsvarets strategi.\u00a0<\/p>\n<p>    <a itemprop=\"url\" href=\"https:\/\/www.dagbladet.no\/nyheter\/dette-er-bevisene\/83531993\" rel=\"nofollow noopener\" target=\"_blank\"><\/p>\n<p>      <img loading=\"lazy\" decoding=\"async\" src=\"https:\/\/www.europesays.com\/no\/wp-content\/uploads\/2025\/11\/1762439533_567_83477204.webp\" width=\"980\" height=\"441\" title=\"Dette er bevisene\" alt=\"\" class=\"lazyload\" style=\"--aspect-ratio-image: 2.22; \"\/><\/p>\n<p>        Dette er bevisene<\/p>\n<p>    <\/a><\/p>\n<p>Rettssak neste \u00e5r\u00a0\t<\/p>\n<p><a href=\"https:\/\/www.dagbladet.no\/nyheter\/dette-er-bevisene\/83531993\" rel=\"nofollow noopener\" target=\"_blank\">Fra tidligere er det kjent<\/a> at blant andre Subjekt-redakt\u00f8r Danby Choi, Anniken J\u00f8rgensen fra \u00abGirls of Oslo\u00bb, influenser Sophie Elise og realitykjendis Caroline Nitter skal vitne. Det skal ogs\u00e5 Mia Gundersen, som er venninne av Linni Meister.\u00a0<\/p>\n<p>Choi &#8211; som er venn av b\u00e5de Haukland og H\u00f8iby &#8211; skal blant annet forklare seg om en hendelse p\u00e5 Subjekt i november 2022. Det er uklart hva slags hendelse dette er.\u00a0<\/p>\n<p>          <img loading=\"lazy\" decoding=\"async\" src=\"https:\/\/www.europesays.com\/no\/wp-content\/uploads\/2025\/11\/1762439534_81_83817513.webp\" width=\"980\" height=\"559\" title=\"KALT INN SOM VITNE: Mie Mack Cappelen. Foto: Tor Lindseth \/ Se og H\u00f8r\" alt=\"\" class=\"\" style=\"--aspect-ratio-image: 1.75; \"\/><\/p>\n<p>\n          KALT INN SOM VITNE: Mie Mack Cappelen. Foto: Tor Lindseth \/ Se og H\u00f8r\n      <\/p>\n<p>Et annet vitne skal forklare seg om en hendelse p\u00e5 Oslo Scene 15. desember 2022.<\/p>\n<p>Rettssaken mot H\u00f8iby er ventet \u00e5 g\u00e5 i Oslo tingrett fra 3. februar til 14. mars neste \u00e5r. <\/p>\n<p>          <img loading=\"lazy\" decoding=\"async\" src=\"https:\/\/www.europesays.com\/no\/wp-content\/uploads\/2025\/11\/1762439535_662_83817483.webp\" width=\"980\" height=\"559\" title=\"KALT INN SOM VITNE: Niklas Tangen Klein. Foto: J\u00f8rn H. Moen \/ Dagbladet\" alt=\"\" class=\"\" style=\"--aspect-ratio-image: 1.75; \"\/><\/p>\n<p>\n          KALT INN SOM VITNE: Niklas Tangen Klein. Foto: J\u00f8rn H. Moen \/ Dagbladet\n      <\/p>\n<p>Det er satt av tid til H\u00f8ibys forklaring p\u00e5 dag to av rettssaken, fra klokka 09 og fram til lunsj. 28-\u00e5ringen f\u00e5r ogs\u00e5 anledning til \u00e5 forklare seg etter hver av de forn\u00e6rmede.<\/p>\n<p>    <a itemprop=\"url\" href=\"https:\/\/www.dagbladet.no\/nyheter\/kronprins-haakon-bekymrer-meg\/83812185\" rel=\"nofollow noopener\" target=\"_blank\"><\/p>\n<p>      <img loading=\"lazy\" decoding=\"async\" src=\"https:\/\/www.europesays.com\/no\/wp-content\/uploads\/2025\/11\/1762439536_412_83812281.webp\" width=\"980\" height=\"441\" title=\"Kronprins Haakon: - Bekymrer meg\" alt=\"\" class=\"lazyload\" style=\"--aspect-ratio-image: 2.22; \"\/><\/p>\n<p>        Kronprins Haakon: &#8211; Bekymrer meg<\/p>\n<p>    <\/a><\/p>\n<p>Nekter straffskyld\t<\/p>\n<p>Kronprinsessens eldste s\u00f8nn er tiltalt for f\u00f8lgende punkter:<\/p>\n<ul>\n<li>Fire sovevoldtekter i perioden 2018 til 2024. Det foreligger bilde- og videomateriale av samtlige episoder, som if\u00f8lge p\u00e5talemyndigheten er voldtekt uten samleie. Blant de forn\u00e6rmede er Linni Meister (39).\u00a0<\/li>\n<li>Vold, skadeverk og hensynsl\u00f8s atferd, samt brudd p\u00e5 bes\u00f8ksforbud, mot ekskj\u00e6resten i 20-\u00e5ra.<\/li>\n<li>Filming av underlivet til en rekke kvinner uten deres viten eller samtykke.<\/li>\n<li>Mishandling av ekskj\u00e6resten Nora Haukland (28).<\/li>\n<li>Drapstrussel mot en mann i 20-\u00e5ra<\/li>\n<li>Forulemping av politiet.<\/li>\n<li>Flere veitrafikklovbrudd.<\/li>\n<\/ul>\n<p class=\"font-weight-bold m-font-weight-bold\" data-lab-font_weight=\"font-weight-bold\">28-\u00e5ringens forsvarere, advokatene Ellen Holager Anden\u00e6s og Petar Sekulic, har gjentatte ganger opplyst at H\u00f8iby nekter straffskyld for de alvorligste delene av tiltalen &#8211; inkludert alle voldtektene.<\/p>\n<p>H\u00f8iby erkjenner imidlertid \u00e5 ha ut\u00f8vet noe vold, \u00f8delagt noen gjenstander, v\u00e6rt truende overfor en mannlig venn av \u00abFrogner-kvinnen\u00bb og for trafikklovbruddene.\u00a0<\/p>\n<p>N\u00e5 har fristen for mediene til \u00e5 melde inn hvordan de vil dekke straffesaken mot Marius Borg H\u00f8iby i Oslo tingrett i februar, g\u00e5tt ut.<\/p>\n<p>If\u00f8lge NTB vil 24 norske og 17 utenlandske medier dekke H\u00f8iby-rettssaken i Oslo tingrett.<\/p>\n<p>Selv om det er m\u00e5neder til rettssaken starter, er forberedelsene godt i gang.<\/p>\n<p>Flere av bistandsadvokatene til de sju forn\u00e6rmede kvinnene har bedt om lukket rett n\u00e5r deres klienter skal vitne. Ogs\u00e5 under framleggelsen av bilder og andre mediefiler ber advokatene om referatforbud.<\/p>\n<p>Fredag omtalte fagbladet\u00a0<a href=\"https:\/\/www.journalisten.no\/ber-om-apne-dorer-i-hoiby-saken\/656096\" target=\"_blank\" rel=\"nofollow noopener\">Journalisten\u00a0<\/a>et brev der presseorganisasjonene Norsk Presseforbund og Norsk Redakt\u00f8rforening ber retten vurdere mest mulig \u00e5penhet rundt den kommende rettssaken.<\/p>\n","protected":false},"excerpt":{"rendered":"En rekke profilerte personer er blitt kalt inn av Marius Borg H\u00f8ibys (28) forsvarere for \u00e5 vitne under&hellip;\n","protected":false},"author":2,"featured_media":79933,"comment_status":"","ping_status":"","sticky":false,"template":"","format":"standard","meta":{"footnotes":""},"categories":[5],"tags":[20,21,24,25,15,19,2539,983,22,23,17,18,400,13,30,28,29,14,16,26,27],"class_list":{"0":"post-80112","1":"post","2":"type-post","3":"status-publish","4":"format-standard","5":"has-post-thumbnail","7":"category-overskrifter","8":"tag-breaking-news","9":"tag-breakingnews","10":"tag-featured-news","11":"tag-featurednews","12":"tag-headlines","13":"tag-hovedoppslag","14":"tag-innenriks","15":"tag-krim","16":"tag-latest-news","17":"tag-latestnews","18":"tag-main-news","19":"tag-mainnews","20":"tag-marius-borg-hoiby","21":"tag-news","22":"tag-no","23":"tag-norge","24":"tag-norway","25":"tag-nyheter","26":"tag-overskrifter","27":"tag-top-stories","28":"tag-topstories"},"share_on_mastodon":{"url":"https:\/\/pubeurope.com\/@no\/115503244753797423","error":""},"_links":{"self":[{"href":"https:\/\/www.europesays.com\/no\/wp-json\/wp\/v2\/posts\/80112","targetHints":{"allow":["GET"]}}],"collection":[{"href":"https:\/\/www.europesays.com\/no\/wp-json\/wp\/v2\/posts"}],"about":[{"href":"https:\/\/www.europesays.com\/no\/wp-json\/wp\/v2\/types\/post"}],"author":[{"embeddable":true,"href":"https:\/\/www.europesays.com\/no\/wp-json\/wp\/v2\/users\/2"}],"replies":[{"embeddable":true,"href":"https:\/\/www.europesays.com\/no\/wp-json\/wp\/v2\/comments?post=80112"}],"version-history":[{"count":0,"href":"https:\/\/www.europesays.com\/no\/wp-json\/wp\/v2\/posts\/80112\/revisions"}],"wp:featuredmedia":[{"embeddable":true,"href":"https:\/\/www.europesays.com\/no\/wp-json\/wp\/v2\/media\/79933"}],"wp:attachment":[{"href":"https:\/\/www.europesays.com\/no\/wp-json\/wp\/v2\/media?parent=80112"}],"wp:term":[{"taxonomy":"category","embeddable":true,"href":"https:\/\/www.europesays.com\/no\/wp-json\/wp\/v2\/categories?post=80112"},{"taxonomy":"post_tag","embeddable":true,"href":"https:\/\/www.europesays.com\/no\/wp-json\/wp\/v2\/tags?post=80112"}],"curies":[{"name":"wp","href":"https:\/\/api.w.org\/{rel}","templated":true}]}}