{"id":80118,"date":"2025-11-06T14:38:12","date_gmt":"2025-11-06T14:38:12","guid":{"rendered":"https:\/\/www.europesays.com\/no\/80118\/"},"modified":"2025-11-06T14:38:12","modified_gmt":"2025-11-06T14:38:12","slug":"linea-14-dode-av-blodpropp","status":"publish","type":"post","link":"https:\/\/www.europesays.com\/no\/80118\/","title":{"rendered":"Linea (14) d\u00f8de av blodpropp:"},"content":{"rendered":"\n<ul class=\"_list_o9xde_3 _list_64s2r_85 _unordered_o9xde_106 text-sans-m\">\n<li class=\"_item_o9xde_30\">14 \u00e5r gamle Linea fikk pustevansker, ble sendt hjem fra legevakten og d\u00f8de dagen etter.<\/li>\n<li class=\"_item_o9xde_30\">Foreldrene mener hun kunne v\u00e6rt reddet og at plagene ble avfeid som angst.<\/li>\n<li class=\"_item_o9xde_30\">P\u00e5 Haukeland ble det p\u00e5vist blodpropp i lungene.<\/li>\n<li class=\"_item_o9xde_30\">Saken er politianmeldt og Statsforvalteren har opprettet tilsynssak.<\/li>\n<\/ul>\n<p>Vis mer <\/p>\n<p class=\"_paragraph_o9xde_4 _paragraph_xtcu6_10 layout-component text-serif-m layout-normal text-serif-m layout-padded _medium_xtcu6_25\">\u2013 Hun kunne v\u00e6rt reddet.<\/p>\n<p class=\"_paragraph_o9xde_4 _paragraph_xtcu6_10 layout-component text-serif-m layout-normal text-serif-m layout-padded\">En dr\u00f8y m\u00e5ned er g\u00e5tt siden 14 \u00e5r gamle Linea Hjortlands hjerte sluttet \u00e5 sl\u00e5. <\/p>\n<p class=\"_paragraph_o9xde_4 _paragraph_xtcu6_10 layout-component text-serif-m layout-normal text-serif-m layout-padded\">Hun hadde akkurat begynt i 9. klasse. <\/p>\n<p class=\"_paragraph_o9xde_4 _paragraph_xtcu6_10 layout-component text-serif-m layout-normal text-serif-m layout-padded\">Igjen sitter to foreldre og en 11 \u00e5r gammel lilles\u00f8ster i bunnl\u00f8s sorg. <\/p>\n<p class=\"_paragraph_o9xde_4 _paragraph_xtcu6_10 layout-component text-serif-m layout-normal text-serif-m layout-padded\"><strong class=\"_strong_o9xde_25\">\u2013 Linea kunne ha levd hvis legene p\u00e5 Bergen legevakt hadde tatt henne alvorlig, sier mamma Sarah Hjortland. <\/strong><\/p>\n<p><img alt=\"Foto: Paul S. Amundsen \/ VG\" class=\"_image_qp4xg_65 layout-component layout-normal\" data-fullscreen- data-track-element-type=\"Article image fullscreen\" data-track-name=\"ImageFullscreen\" decoding=\"async\" loading=\"lazy\" height=\"3830\" itemprop=\"image\"  src=\"https:\/\/www.europesays.com\/no\/wp-content\/uploads\/2025\/11\/209ee6f1-f5cb-44dd-985d-b5d41f788b2c\"  style=\"object-position:0% 0%\" width=\"5742\"\/>Foto: Paul S. Amundsen \/ VG<\/p>\n<p class=\"_paragraph_o9xde_4 _paragraph_xtcu6_10 layout-component text-serif-m layout-normal text-serif-m layout-padded\"><strong class=\"_strong_o9xde_25\">\u2013 Vi vil uttrykke<\/strong> v\u00e5r dypeste medf\u00f8lelse til de etterlatte i denne vanskelige tiden, skriver sjefen for Bergen legevakt, Anne Karoline Tyss\u00f8y Pedersen, i en e-post til VG. <\/p>\n<p class=\"_paragraph_o9xde_4 _paragraph_xtcu6_10 layout-component text-serif-m layout-normal text-serif-m layout-padded\">\u2013 Bergen legevakt vil samarbeide med statsforvalter og fremskaffe alle relevante opplysninger i saken. <\/p>\n<p class=\"_paragraph_o9xde_4 _paragraph_xtcu6_10 layout-component text-serif-m layout-normal text-serif-m layout-padded\">Les hele tilsvaret lenger ned i saken.<\/p>\n<p class=\"_paragraph_o9xde_4 _paragraph_xtcu6_10 layout-component text-serif-m layout-normal text-serif-m layout-padded\"><strong class=\"_strong_o9xde_25\">Det er f\u00f8rste gang <\/strong>Sarah og ektemannen Tommy Hjortland m\u00f8ter pressen etter tapet av datteren.<\/p>\n<p class=\"_paragraph_o9xde_4 _paragraph_xtcu6_10 layout-component text-serif-m layout-normal text-serif-m layout-padded\">VG og flere medier treffer dem i Bergen denne torsdagen.<\/p>\n<p class=\"_paragraph_o9xde_4 _paragraph_xtcu6_10 layout-component text-serif-m layout-normal text-serif-m layout-padded\">Fra start har de v\u00e6rt bestemte p\u00e5 \u00e5 fortelle historien om hva som skjedde \u2013 og ikke skjedde \u2013 i ukene f\u00f8r datteren d\u00f8de. <\/p>\n<p><img alt=\"\" class=\"_image_qp4xg_65 layout-component layout-normal\" data-fullscreen- data-track-element-type=\"Article image fullscreen\" data-track-name=\"ImageFullscreen\" decoding=\"async\" loading=\"lazy\" height=\"1170\" itemprop=\"image\"  src=\"https:\/\/www.europesays.com\/no\/wp-content\/uploads\/2025\/11\/14f24572-334e-40ac-ad6a-22768557afbe\"  style=\"object-position:0% 0%\" width=\"1002\"\/><\/p>\n<p class=\"_paragraph_o9xde_4 _paragraph_xtcu6_10 layout-component text-serif-m layout-normal text-serif-m layout-padded\">\u2013 Man stoler jo p\u00e5 leger og f\u00e5r beskjed om at \u00abs\u00e5nn er det\u00bb. Man kan jo ikke lenke seg fast til legevakten heller. Man m\u00e5 bare stole p\u00e5 hva de sier. Men det blir jo litt vanskelig n\u00e5, sier Hjortland. <\/p>\n<p class=\"_paragraph_o9xde_4 _paragraph_xtcu6_10 layout-component text-serif-m layout-normal text-serif-m layout-padded\">\u2013 Det er jo ikke s\u00e5nn det skal v\u00e6re, sier far.<\/p>\n<p class=\"_paragraph_o9xde_4 _paragraph_xtcu6_10 layout-component text-serif-m layout-normal text-serif-m layout-padded\">Lineas foreldre forteller at datteren f\u00f8rste gang fikk pustevansker 13. september i h\u00f8st, mens hun gikk en tur. <\/p>\n<p class=\"_paragraph_o9xde_4 _paragraph_xtcu6_10 layout-component text-serif-m layout-normal text-serif-m layout-padded\">To dager senere satt jenta sammen med moren hos fastlegen.<\/p>\n<p class=\"_paragraph_o9xde_4 _paragraph_xtcu6_10 layout-component text-serif-m layout-normal text-serif-m layout-padded\">Etter bare f\u00e5 meter m\u00e5tte Linea sette seg ned for \u00e5 hente igjen pusten, forteller moren.<\/p>\n<p><img alt=\"Foto: Paul S. Amundsen \/ VG\" class=\"_image_qp4xg_65 layout-component layout-normal\" data-fullscreen- data-track-element-type=\"Article image fullscreen\" data-track-name=\"ImageFullscreen\" decoding=\"async\" loading=\"lazy\" height=\"3817\" itemprop=\"image\"  src=\"https:\/\/www.europesays.com\/no\/wp-content\/uploads\/2025\/11\/ab214d23-fef4-492b-b455-e76a9bb8a73c\"  style=\"object-position:0% 0%\" width=\"5153\"\/>Foto: Paul S. Amundsen \/ VG<\/p>\n<p class=\"_paragraph_o9xde_4 _paragraph_xtcu6_10 layout-component text-serif-m layout-normal text-serif-m layout-padded\">If\u00f8lge Hjortland ble det ikke gjort unders\u00f8kelser av Linea. Det ble hverken tatt blodtrykk, blodpr\u00f8ver eller EKG. <\/p>\n<p class=\"_paragraph_o9xde_4 _paragraph_xtcu6_10 layout-component text-serif-m layout-normal text-serif-m layout-padded\"><strong class=\"_strong_o9xde_25\">\u2013 Vi ble sendt hjem med beskjed om at pustevanskene var angstrelatert og at det ikke var noe farlig.<\/strong><\/p>\n<p class=\"_paragraph_o9xde_4 _paragraph_xtcu6_10 layout-component text-serif-m layout-normal text-serif-m layout-padded\"><strong class=\"_strong_o9xde_25\">Linea har slitt <\/strong>med angst siden hun gikk i 6. klasse, forteller foreldrene. <\/p>\n<p class=\"_paragraph_o9xde_4 _paragraph_xtcu6_10 layout-component text-serif-m layout-normal text-serif-m layout-padded\">If\u00f8lge moren ble angsten gradvis verre med \u00e5rene. Datteren gikk p\u00e5 angstmedisin og hadde p\u00e5 det seneste hatt h\u00f8yt skolefrav\u00e6r.<\/p>\n<p class=\"_paragraph_o9xde_4 _paragraph_xtcu6_10 layout-component text-serif-m layout-normal text-serif-m layout-padded\">Linea og moren opps\u00f8kte fastlegen f\u00f8rste gang 15. september. De to neste ukene ble hun d\u00e5rligere og d\u00e5rligere.<\/p>\n<p class=\"_paragraph_o9xde_4 _paragraph_xtcu6_10 layout-component text-serif-m layout-normal text-serif-m layout-padded\">Moren forteller at de opps\u00f8kte hjelp fra fastlegekontoret uken etterp\u00e5 fredag 26. september.<\/p>\n<p class=\"_paragraph_o9xde_4 _paragraph_xtcu6_10 layout-component text-serif-m layout-normal text-serif-m layout-padded\">Igjen f\u00e5r familien beskjed om at Lineas plager er angstrelaterte, if\u00f8lge foreldrene.<\/p>\n<p class=\"_paragraph_o9xde_4 _paragraph_xtcu6_10 layout-component text-serif-m layout-normal text-serif-m layout-padded\"><strong class=\"_strong_o9xde_25\">Og snart skal det bli mye verre, forteller de.<\/strong><\/p>\n<p><img alt=\"Foto: Paul S. Amundsen \/ VG\" class=\"_image_qp4xg_65 layout-component layout-normal\" data-fullscreen- data-track-element-type=\"Article image fullscreen\" data-track-name=\"ImageFullscreen\" decoding=\"async\" loading=\"lazy\" height=\"3818\" itemprop=\"image\"  src=\"https:\/\/www.europesays.com\/no\/wp-content\/uploads\/2025\/11\/567d0586-cd2a-4ee9-9c51-6c42b1b3a8ae\"  style=\"object-position:0% 0%\" width=\"4895\"\/>Foto: Paul S. Amundsen \/ VG<\/p>\n<p class=\"_paragraph_o9xde_4 _paragraph_xtcu6_10 layout-component text-serif-m layout-normal text-serif-m layout-padded\"><strong class=\"_strong_o9xde_25\">Den siste helgen<\/strong> i september husker foreldrene godt: <\/p>\n<p class=\"_paragraph_o9xde_4 _paragraph_xtcu6_10 layout-component text-serif-m layout-normal text-serif-m layout-padded\">Linea blir sv\u00e6rt d\u00e5rlig. Pusten er betydelig verre og 14-\u00e5ringen klarer nesten ikke \u00e5 g\u00e5.<\/p>\n<p class=\"_paragraph_o9xde_4 _paragraph_xtcu6_10 layout-component text-serif-m layout-normal text-serif-m layout-padded\">Familien opps\u00f8ker legevakten l\u00f8rdag 27. september, men blir sendt hjem igjen samme kveld.<\/p>\n<p class=\"_paragraph_o9xde_4 _paragraph_xtcu6_10 layout-component text-serif-m layout-normal text-serif-m layout-padded\">\u2013 De mente det var tryggest at Linea reiste hjem, sier moren. <\/p>\n<p class=\"_paragraph_o9xde_4 _paragraph_xtcu6_10 layout-component text-serif-m layout-normal text-serif-m layout-padded\">Men hun blir ikke bedre, og dagen etter reiste familien tilbake til legevakten. Der har Linea et nytt anfall, if\u00f8lge foreldrene.<\/p>\n<p class=\"_paragraph_o9xde_4 _paragraph_xtcu6_10 layout-component text-serif-m layout-normal text-serif-m layout-padded\"><strong class=\"_strong_o9xde_25\">Inne p\u00e5 et rom de f\u00e5r tildelt, hiver Linea etter pusten og rister. <\/strong><\/p>\n<p><img alt=\"Bergen legevakt  Foto: Paul S. Amundsen \/ VG\" class=\"_image_qp4xg_65 layout-component layout-normal\" data-fullscreen- data-track-element-type=\"Article image fullscreen\" data-track-name=\"ImageFullscreen\" decoding=\"async\" loading=\"lazy\" height=\"3830\" itemprop=\"image\"  src=\"https:\/\/www.europesays.com\/no\/wp-content\/uploads\/2025\/11\/c54fb7b5-5219-4301-b601-0861f7de55f2\"  style=\"object-position:0% 0%\" width=\"5742\"\/>Bergen legevakt  Foto: Paul S. Amundsen \/ VG<\/p>\n<p class=\"_paragraph_o9xde_4 _paragraph_xtcu6_10 layout-component text-serif-m layout-normal text-serif-m layout-padded\">\u2013 Linea blir bare verre og verre, og jeg ringer i alarmsnoren. Det kommer ingen. <\/p>\n<p class=\"_paragraph_o9xde_4 _paragraph_xtcu6_10 layout-component text-serif-m layout-normal text-serif-m layout-padded\">\u2013 Jeg ringer og ringer og ringer. Da kommer det et stort team inn. Det kommer veldig mange inn.<\/p>\n<p class=\"_paragraph_o9xde_4 _paragraph_xtcu6_10 layout-component text-serif-m layout-normal text-serif-m layout-padded\">Moren forteller at hun flytter seg bakover i rommet, for \u00e5 slippe helsepersonell til. <\/p>\n<p class=\"_paragraph_o9xde_4 _paragraph_xtcu6_10 layout-component text-serif-m layout-normal text-serif-m layout-padded\"><strong class=\"_strong_o9xde_25\">\u2013 Linea var redd i blikket, likblek i fjeset og klam p\u00e5 kroppen.<\/strong><\/p>\n<p><img alt=\"\" class=\"_image_qp4xg_65 layout-component layout-normal\" data-fullscreen- data-track-element-type=\"Article image fullscreen\" data-track-name=\"ImageFullscreen\" decoding=\"async\" loading=\"lazy\" height=\"895\" itemprop=\"image\"  src=\"https:\/\/www.europesays.com\/no\/wp-content\/uploads\/2025\/11\/f1b11b58-dc48-4267-aa13-f994243a7199\"  style=\"object-position:0% 0%\" width=\"714\"\/><\/p>\n<p class=\"_paragraph_o9xde_4 _paragraph_xtcu6_10 layout-component text-serif-m layout-normal text-serif-m layout-padded\"><strong class=\"_strong_o9xde_25\">Igjen tror legene<\/strong>\u00a0at det er angst \u2013 og forlater rommet, oppfatter foreldrene.<\/p>\n<p class=\"_paragraph_o9xde_4 _paragraph_xtcu6_10 layout-component text-serif-m layout-normal text-serif-m layout-padded\">I sengen ligger Linea og kjemper for livet. Moren stryker p\u00e5 henne og fors\u00f8ker \u00e5 roe ned den redde 14-\u00e5ringen.<\/p>\n<p class=\"_paragraph_o9xde_4 _paragraph_xtcu6_10 layout-component text-serif-m layout-normal text-serif-m layout-padded\">Og n\u00e5 skjer alt fort: <\/p>\n<p class=\"_paragraph_o9xde_4 _paragraph_xtcu6_10 layout-component text-serif-m layout-normal text-serif-m layout-padded\">\u2013 Linea ser p\u00e5 meg og faller bakover med \u00f8ynene \u00e5pne. <\/p>\n<p class=\"_paragraph_o9xde_4 _paragraph_xtcu6_10 layout-component text-serif-m layout-normal text-serif-m layout-padded\"><strong class=\"_strong_o9xde_25\">N\u00e5 er det over, tenker moren<\/strong>.<\/p>\n<p class=\"_paragraph_o9xde_4 _paragraph_xtcu6_10 layout-component text-serif-m layout-normal text-serif-m layout-padded\">Hun l\u00f8per ut i gangen og roper om hjelp.<\/p>\n<p class=\"_paragraph_o9xde_4 _paragraph_xtcu6_10 layout-component text-serif-m layout-normal text-serif-m layout-padded\">Det settes i gang hjerte- og lungeredning p\u00e5 datteren, som blir sendt til akutten p\u00e5 Haukeland universitetssjukehus.<\/p>\n<p class=\"_paragraph_o9xde_4 _paragraph_xtcu6_10 layout-component text-serif-m layout-normal text-serif-m layout-padded\">\u2013 Da hun kom inn p\u00e5 akutten, mistenkte de blodpropp i lungen ganske fort og hun fikk tre liter med blodfortynnende, forteller moren.<\/p>\n<p class=\"_paragraph_o9xde_4 _paragraph_xtcu6_10 layout-component text-serif-m layout-normal text-serif-m layout-padded\">Foreldrene forteller at de opplyste legene om medisinene Linea gikk p\u00e5, b\u00e5de angstmedisin og p-piller, som hun fikk mot menstruasjonssmerter. <\/p>\n<p class=\"_paragraph_o9xde_4 _paragraph_xtcu6_10 layout-component text-serif-m layout-normal text-serif-m layout-padded\">Blodpropp er en <a href=\"https:\/\/nhi.no\/familie\/seksualitet-og-prevensjon\/kombinasjons-p-pille-og-risiko-for-blodpropp\" class=\"_link_o9xde_39\" rel=\"nofollow noopener\" target=\"_blank\">kjent bivirkning av p-piller<\/a>. Selv om man ikke vet om prevensjonsmiddelet hadde en sammenheng med d\u00f8dsfallet, \u00f8nsket foreldrene at legene visste om dette.<\/p>\n<p class=\"_paragraph_o9xde_4 _paragraph_xtcu6_10 layout-component text-serif-m layout-normal text-serif-m layout-padded\"><strong class=\"_strong_o9xde_25\">Gjennom natten<\/strong> jobber helsepersonellet p\u00e5 Haukeland med Linea. <\/p>\n<p class=\"_paragraph_o9xde_4 _paragraph_xtcu6_10 layout-component text-serif-m layout-normal text-serif-m layout-padded\">\u2013 De fortalte at de hadde tatt CT av Linea og at de hadde funnet en blodpropp i lungen. Hun hadde til sammen 50 minutter med hjertesvikt, s\u00e5 oksygenmangelen hadde gjort stor skade p\u00e5 hjernen. <\/p>\n<p class=\"_paragraph_o9xde_4 _paragraph_xtcu6_10 layout-component text-serif-m layout-normal text-serif-m layout-padded\">Foreldrene forteller at de fortsatt h\u00e5per at de kan f\u00e5 ta med seg Linea hjem, selv om det ville bety en stor omstilling i livet.<\/p>\n<p class=\"_paragraph_o9xde_4 _paragraph_xtcu6_10 layout-component text-serif-m layout-normal text-serif-m layout-padded\">Linea blir lagt i kunstig koma.<\/p>\n<p class=\"_paragraph_o9xde_4 _paragraph_xtcu6_10 layout-component text-serif-m layout-normal text-serif-m layout-padded\">\u2013 Vi satt og snakket med henne mens hun l\u00e5 i koma. Vi sa at vi var der, at vi passet p\u00e5 henne, sier moren. <\/p>\n<p class=\"_paragraph_o9xde_4 _paragraph_xtcu6_10 layout-component text-serif-m layout-normal text-serif-m layout-padded\">Men skadene p\u00e5 hjernen er for store. <\/p>\n<p class=\"_paragraph_o9xde_4 _paragraph_xtcu6_10 layout-component text-serif-m layout-normal text-serif-m layout-padded\"><strong class=\"_strong_o9xde_25\">Linea har ingen sjanse for \u00e5 overleve. <\/strong><\/p>\n<p class=\"_paragraph_o9xde_4 _paragraph_xtcu6_10 layout-component text-serif-m layout-normal text-serif-m layout-padded\"><strong class=\"_strong_o9xde_25\">Tirsdag 30. september klokken 15.37 blir 14 \u00e5r gamle Linea erkl\u00e6rt d\u00f8d.<\/strong><\/p>\n<p class=\"_paragraph_o9xde_4 _paragraph_xtcu6_10 layout-component text-serif-m layout-normal text-serif-m layout-padded\"><strong class=\"_strong_o9xde_25\">Saken er politianmeldt, <\/strong>opplyser familiens advokat.<\/p>\n<p class=\"_paragraph_o9xde_4 _paragraph_xtcu6_10 layout-component text-serif-m layout-normal text-serif-m layout-padded\">\u2013 N\u00e5r en ungdom kommer inn med hva enn det skulle v\u00e6re, som ogs\u00e5 har et angstproblem, s\u00e5 skal man ikke bare relatere det til angst uten \u00e5 ta de n\u00f8dvendige unders\u00f8kelsene. Det er jo det som er kritikkverdig, sier Siren Preto. <\/p>\n<p class=\"_paragraph_o9xde_4 _paragraph_xtcu6_10 layout-component text-serif-m layout-normal text-serif-m layout-padded\"><a href=\"https:\/\/www.vg.no\/tag\/haukeland-sykehus?utm_source=vg-article&amp;utm_medium=auto-tagger&amp;utm_campaign=GyvPKJ\" class=\"_link_o9xde_39\" rel=\"nofollow noopener\" target=\"_blank\">Haukeland sykehus<\/a> varslet Statens helsetilsyn om d\u00f8dsfallet f\u00e5 dager etter at Linnea d\u00f8de. Dette er fast prosedyre ved akutte og uventede d\u00f8dsfall, opplyser klinikkdirekt\u00f8r Maria Volls\u00e6ter ved Barne- og ungdomsklinikken (BUK) til VG.<\/p>\n<p class=\"_paragraph_o9xde_4 _paragraph_xtcu6_10 layout-component text-serif-m layout-normal text-serif-m layout-padded\">\u2013 Vi vil uttrykke v\u00e5r st\u00f8rste medf\u00f8lelse til de etterlatte som har mistet en av sine kj\u00e6re. Familien og involvert helsepersonell er fulgt opp. Vi \u00f8nsker ikke \u00e5 kommentere saken utover dette, skriver hun i en e-post. <\/p>\n<p><img alt=\"Foto: Paul S. Amundsen \/ VG\" class=\"_image_qp4xg_65 layout-component layout-normal\" data-fullscreen- data-track-element-type=\"Article image fullscreen\" data-track-name=\"ImageFullscreen\" decoding=\"async\" loading=\"lazy\" height=\"3830\" itemprop=\"image\"  src=\"https:\/\/www.europesays.com\/no\/wp-content\/uploads\/2025\/11\/3708bc13-708e-4c9a-98c6-cf22839a6437\"  style=\"object-position:0% 0%\" width=\"5742\"\/>Foto: Paul S. Amundsen \/ VG<\/p>\n<p class=\"_paragraph_o9xde_4 _paragraph_xtcu6_10 layout-component text-serif-m layout-normal text-serif-m layout-padded\">Statsforvalteren har ogs\u00e5 opprettet en tilsynssak med Bergen legevakt og Lineas fastlegekontor. <\/p>\n<p class=\"_paragraph_o9xde_4 _paragraph_xtcu6_10 layout-component text-serif-m layout-normal text-serif-m layout-padded\">\u2013 Vi vil gjennomg\u00e5 saken n\u00f8ye for \u00e5 se etter forbedringsmuligheter. Vi vil ivareta b\u00e5de pasienter og ansatte, skriver sjefen for Bergen legevakt, Anne Karoline Tyss\u00f8y Pedersen, i en e-post. <\/p>\n<p class=\"_paragraph_o9xde_4 _paragraph_xtcu6_10 layout-component text-serif-m layout-normal text-serif-m layout-padded\">\u2013 M\u00e5let v\u00e5rt er alltid at du skal f\u00f8le deg trygg p\u00e5 Bergen legevakt, b\u00e5de som pasient, p\u00e5r\u00f8rende og som ansatt, skriver hun.<\/p>\n<p class=\"_paragraph_o9xde_4 _paragraph_xtcu6_10 layout-component text-serif-m layout-normal text-serif-m layout-padded\">VG har ogs\u00e5 v\u00e6rt i kontakt med Lineas fastlegekontor, som heller ikke kan kommentere saken ut over dette: <\/p>\n<p class=\"_paragraph_o9xde_4 _paragraph_xtcu6_10 layout-component text-serif-m layout-normal text-serif-m layout-padded\">\u2013 Det er tragisk n\u00e5r en ung person d\u00f8r, og v\u00e5r dypeste medf\u00f8lelse g\u00e5r til alle ber\u00f8rte i saken. Jeg kan ikke gi ytterligere kommentarer under en p\u00e5g\u00e5ende tilsynssak, men kan forsikre om at all dokumentasjon i saken vil bli oversendt tilsynsmyndighetene. <\/p>\n<p class=\"_paragraph_o9xde_4 _paragraph_xtcu6_10 layout-component text-serif-m layout-normal text-serif-m layout-padded\"><strong class=\"_strong_o9xde_25\">Foreldrene understreker<\/strong> at de f\u00f8ler seg godt ivaretatt av Haukeland universitetssjukehus. <\/p>\n<p class=\"_paragraph_o9xde_4 _paragraph_xtcu6_10 layout-component text-serif-m layout-normal text-serif-m layout-padded\">\u2013 Haukeland har v\u00e6rt fantastiske med god informasjon og \u00e5pne d\u00f8rer. De har tatt imot familie, venner og klassen til Linea. Alle fikk lov \u00e5 komme og si ha det n\u00e5r hun l\u00e5 der. <\/p>\n<p class=\"_paragraph_o9xde_4 _paragraph_xtcu6_10 layout-component text-serif-m layout-normal text-serif-m layout-padded\">Foreldrene er derimot sv\u00e6rt kritiske til behandlingen de fikk p\u00e5 Bergen legevakt, som de mener sviktet totalt. <\/p>\n<p class=\"_paragraph_o9xde_4 _paragraph_xtcu6_10 layout-component text-serif-m layout-normal text-serif-m layout-padded\">\u2013 Legene p\u00e5 Haukeland sa at de redder 90 prosent for blodpropp s\u00e5 lenge de blir behandlet. <\/p>\n<p><img alt=\"Foto: Paul S. Amundsen \/ VG\" class=\"_image_qp4xg_65 layout-component layout-normal\" data-fullscreen- data-track-element-type=\"Article image fullscreen\" data-track-name=\"ImageFullscreen\" decoding=\"async\" loading=\"lazy\" height=\"3322\" itemprop=\"image\"  src=\"https:\/\/www.europesays.com\/no\/wp-content\/uploads\/2025\/11\/97bfa855-da61-4582-afad-8497be724043\"  style=\"object-position:0% 0%\" width=\"2697\"\/>Foto: Paul S. Amundsen \/ VG<\/p>\n<p class=\"_paragraph_o9xde_4 _paragraph_xtcu6_10 layout-component text-serif-m layout-normal text-serif-m layout-padded\"><strong class=\"_strong_o9xde_25\">400 personer <\/strong>m\u00f8tte opp i Lineas begravelse. <\/p>\n<p class=\"_paragraph_o9xde_4 _paragraph_xtcu6_10 layout-component text-serif-m layout-normal text-serif-m layout-padded\">Familien hadde aldri trodd at datterens pustevansker skulle f\u00f8re til at hun d\u00f8de. <\/p>\n<p class=\"_paragraph_o9xde_4 _paragraph_xtcu6_10 layout-component text-serif-m layout-normal text-serif-m layout-padded\">Da det ble klart at 14-\u00e5ringen ikke ville overleve, fikk foreldrene et siste sp\u00f8rsm\u00e5l: <\/p>\n<p class=\"_paragraph_o9xde_4 _paragraph_xtcu6_10 layout-component text-serif-m layout-normal text-serif-m layout-padded\">Ville de donere organene til Linea? Slik at hun kanskje kunne hjelpe andre?<\/p>\n<p class=\"_paragraph_o9xde_4 _paragraph_xtcu6_10 layout-component text-serif-m layout-normal text-serif-m layout-padded\">\u2013 Vi sa med en gang \u00abja, det vil vi\u00bb.<\/p>\n<p class=\"_paragraph_o9xde_4 _paragraph_xtcu6_10 layout-component text-serif-m layout-normal text-serif-m layout-padded\">Sjokket og sorgen over \u00e5 ha mistet et barn, vil ikke slippe. Kanskje gj\u00f8r den heller aldri det.<\/p>\n<p class=\"_paragraph_o9xde_4 _paragraph_xtcu6_10 layout-component text-serif-m layout-normal text-serif-m layout-padded\">For lilles\u00f8ster er tapet av Linea vanskelig \u00e5 forst\u00e5. En 11-\u00e5ring har mistet sin bestevenn og forbilde.<\/p>\n<p class=\"_paragraph_o9xde_4 _paragraph_xtcu6_10 layout-component text-serif-m layout-normal text-serif-m layout-padded\"><strong class=\"_strong_o9xde_25\">\u2013 Det g\u00e5r ikke helt opp for oss. Det er fryktelig tungt. <\/strong><\/p>\n","protected":false},"excerpt":{"rendered":"14 \u00e5r gamle Linea fikk pustevansker, ble sendt hjem fra legevakten og d\u00f8de dagen etter. Foreldrene mener hun&hellip;\n","protected":false},"author":2,"featured_media":80119,"comment_status":"","ping_status":"","sticky":false,"template":"","format":"standard","meta":{"footnotes":""},"categories":[10],"tags":[20,21,24,25,3953,15,22,23,13,30,28,29,14,16,26,27],"class_list":{"0":"post-80118","1":"post","2":"type-post","3":"status-publish","4":"format-standard","5":"has-post-thumbnail","7":"category-norge","8":"tag-breaking-news","9":"tag-breakingnews","10":"tag-featured-news","11":"tag-featurednews","12":"tag-haukeland-sykehus","13":"tag-headlines","14":"tag-latest-news","15":"tag-latestnews","16":"tag-news","17":"tag-no","18":"tag-norge","19":"tag-norway","20":"tag-nyheter","21":"tag-overskrifter","22":"tag-top-stories","23":"tag-topstories"},"share_on_mastodon":{"url":"https:\/\/pubeurope.com\/@no\/115503268288474759","error":""},"_links":{"self":[{"href":"https:\/\/www.europesays.com\/no\/wp-json\/wp\/v2\/posts\/80118","targetHints":{"allow":["GET"]}}],"collection":[{"href":"https:\/\/www.europesays.com\/no\/wp-json\/wp\/v2\/posts"}],"about":[{"href":"https:\/\/www.europesays.com\/no\/wp-json\/wp\/v2\/types\/post"}],"author":[{"embeddable":true,"href":"https:\/\/www.europesays.com\/no\/wp-json\/wp\/v2\/users\/2"}],"replies":[{"embeddable":true,"href":"https:\/\/www.europesays.com\/no\/wp-json\/wp\/v2\/comments?post=80118"}],"version-history":[{"count":0,"href":"https:\/\/www.europesays.com\/no\/wp-json\/wp\/v2\/posts\/80118\/revisions"}],"wp:featuredmedia":[{"embeddable":true,"href":"https:\/\/www.europesays.com\/no\/wp-json\/wp\/v2\/media\/80119"}],"wp:attachment":[{"href":"https:\/\/www.europesays.com\/no\/wp-json\/wp\/v2\/media?parent=80118"}],"wp:term":[{"taxonomy":"category","embeddable":true,"href":"https:\/\/www.europesays.com\/no\/wp-json\/wp\/v2\/categories?post=80118"},{"taxonomy":"post_tag","embeddable":true,"href":"https:\/\/www.europesays.com\/no\/wp-json\/wp\/v2\/tags?post=80118"}],"curies":[{"name":"wp","href":"https:\/\/api.w.org\/{rel}","templated":true}]}}