{"id":80120,"date":"2025-11-06T14:39:10","date_gmt":"2025-11-06T14:39:10","guid":{"rendered":"https:\/\/www.europesays.com\/no\/80120\/"},"modified":"2025-11-06T14:39:10","modified_gmt":"2025-11-06T14:39:10","slug":"flere-profiler-kalt-inn-som-vitner-i-rettssaken-mot-marius-borg-hoiby","status":"publish","type":"post","link":"https:\/\/www.europesays.com\/no\/80120\/","title":{"rendered":"Flere profiler kalt inn som vitner i rettssaken mot Marius Borg H\u00f8iby"},"content":{"rendered":"\n<p class=\"_lead_o9xde_2 _lead_xtcu6_50 layout-component text-serif-m layout-normal text-serif-l layout-component layout-wide layout-padded _wide_17hqh_1 layout-padded\">Tidligere Love Island-deltagere er blant dem som er kalt inn for \u00e5 vitne i den omfattende rettssaken mot Marius Borg H\u00f8iby. <\/p>\n<p><img alt=\"TILTALT: Marius Borg H\u00f8iby.  Foto: Lise \u00c5serud \/ NTB\" class=\"_image_qp4xg_65 layout-component layout-wide\" data-fullscreen- data-track-element-type=\"Article image fullscreen\" data-track-name=\"ImageFullscreen\" fetchpriority=\"high\" decoding=\"sync\" loading=\"eager\" height=\"2179\" itemprop=\"image\"  src=\"https:\/\/www.europesays.com\/no\/wp-content\/uploads\/2025\/11\/4bcf83eb-b6d9-4e53-a1f6-3d3af0beadfb\"  style=\"object-position:0% 0%\" width=\"2795\"\/>TILTALT: Marius Borg H\u00f8iby.  Foto: Lise \u00c5serud \/ NTB Oppdatert torsdag 6. november kl. 15:26     <\/p>\n<p class=\"_paragraph_o9xde_4 _paragraph_xtcu6_10 layout-component text-serif-m layout-normal text-serif-m layout-padded\">Det kommer frem i den oppdaterte bevisoppgaven. <\/p>\n<p class=\"_paragraph_o9xde_4 _paragraph_xtcu6_10 layout-component text-serif-m layout-normal text-serif-m layout-padded\">VG har <a href=\"http:\/\/www.vg.no\/rampelys\/i\/vgMboB\/opplysninger-til-vg-disse-skal-vitne-i-hoeiby-rettssaken#:~:text=Rettssaken%20mot%20Marius%20Borg%20H%C3%B8iby%20starter%20i%20februar.,for%20de%20mest%20alvorlige%20punktene.\" data-track-element-type=\"Link\" data-track-id=\"link:vgMboB\" class=\"_link_o9xde_39\" rel=\"nofollow noopener\" target=\"_blank\">tidligere skrevet<\/a> at blant annet Sophie Elise Isachsen, Anniken J\u00f8rgensen og Caroline Nitter skal vitne i den omfattende rettssaken som starter i februar 2026. <\/p>\n<p class=\"_paragraph_o9xde_4 _paragraph_xtcu6_10 layout-component text-serif-m layout-normal text-serif-m layout-padded\">N\u00e5 er det ogs\u00e5 klart hvem forsvarerne har kalt inn som vitner. De har blant annet bedt om at ekskj\u00e6restene til flere av de forn\u00e6rmede skal komme til Oslo tinghus og vitne. <\/p>\n<p class=\"_paragraph_o9xde_4 _paragraph_xtcu6_10 layout-component text-serif-m layout-normal text-serif-m layout-padded\">Blant de som er kalt inn, er influencer Mie Mack Cappelen, som var med p\u00e5 Love Island i samme sesong som Nora Haukland. <\/p>\n<p class=\"_paragraph_o9xde_4 _paragraph_xtcu6_10 layout-component text-serif-m layout-normal text-serif-m layout-padded\">Det samme er Johannes Klemp, som vant Love Island sammen med Haukland.<\/p>\n<p class=\"_paragraph_o9xde_4 _paragraph_xtcu6_10 layout-component text-serif-m layout-normal text-serif-m layout-padded\">Ogs\u00e5 Niklas Tangen Klein, ekskj\u00e6resten til Linni Meister, som tidligere ogs\u00e5 har v\u00e6rt med i realityserien Good Luck Guys, st\u00e5r p\u00e5 vitnelisten. <\/p>\n<p class=\"_paragraph_o9xde_4 _paragraph_xtcu6_10 layout-component text-serif-m layout-normal text-serif-m layout-padded\">\u2013 Dette er nytt for meg. Jeg har ingen kommentar, skriver han til VG. <\/p>\n<p><img alt=\"F.v. Niklas Tangen Klein, Mie Mack Cappelen og Johannes Klemp.   Foto: Vidar Ruud \/ Lise \u00c5serud \/ NTB \/ Tore Kristiansen \/ VG\" class=\"_image_qp4xg_65 layout-component layout-normal\" data-fullscreen- data-track-element-type=\"Article image fullscreen\" data-track-name=\"ImageFullscreen\" decoding=\"async\" loading=\"lazy\" height=\"2026\" itemprop=\"image\"  src=\"https:\/\/www.europesays.com\/no\/wp-content\/uploads\/2025\/11\/10f7104e-2369-437d-a5d2-6547f19bdae5\"  style=\"object-position:0% 0%\" width=\"3264\"\/>F.v. Niklas Tangen Klein, Mie Mack Cappelen og Johannes Klemp.   Foto: Vidar Ruud \/ Lise \u00c5serud \/ NTB \/ Tore Kristiansen \/ VG<\/p>\n<p class=\"_paragraph_o9xde_4 _paragraph_xtcu6_10 layout-component text-serif-m layout-normal text-serif-m layout-padded\">Bistandsadvokat John Christian Elden, skriver f\u00f8lgende i en SMS til VG om vitnene som er kalt inn: <\/p>\n<p class=\"_paragraph_o9xde_4 _paragraph_xtcu6_10 layout-component text-serif-m layout-normal text-serif-m layout-padded\">\u2013 Jeg er spent p\u00e5 hva forsvarer mener de kan opplyse om voldtekter og mishandling som jentene etter tiltalen er utsatt for av en annen person. Men det er ikke v\u00e5r jobb \u00e5 mene noe om forsvarets strategi. <\/p>\n<p class=\"_paragraph_o9xde_4 _paragraph_xtcu6_10 layout-component text-serif-m layout-normal text-serif-m layout-padded\">Bistandsadvokat Mette Yvonne Larsen skriver at hun ikke \u00f8nsker \u00e5 kommentere saken. <\/p>\n<p><img decoding=\"async\" alt=\"Bilde av Bistandsadvokat\" class=\"_image_ygndg_42\" height=\"27\" itemprop=\"image\" loading=\"lazy\"  src=\"https:\/\/www.europesays.com\/no\/wp-content\/uploads\/2025\/11\/4262e28c-6462-45d0-9a47-ce37beaa8095\"  width=\"40\"\/><strong class=\"_name_ygndg_51 title-serif-xs\">Bistandsadvokat<\/strong><\/p>\n<p class=\"_paragraph_o9xde_4 _paragraph_xtcu6_10 layout-component text-serif-m layout-normal text-serif-m layout-padded\"><a href=\"https:\/\/www.vg.no\/tag\/marius-borg-hoeiby?utm_source=vg-article&amp;utm_medium=auto-tagger&amp;utm_campaign=al6aJ4\" class=\"_link_o9xde_39\" rel=\"nofollow noopener\" target=\"_blank\">Marius Borg H\u00f8iby<\/a>\u00a0er\u00a0tiltalt\u00a0for 32 lovbrudd. Det er satt av seks uker til behandling av saken.<\/p>\n<p class=\"_paragraph_o9xde_4 _paragraph_xtcu6_10 layout-component text-serif-m layout-normal text-serif-m layout-padded\">H\u00f8ibys forsvarere Petar Sekulic og Ellen Holager Anden\u00e6s har hittil ikke besvart VGs henvendelse om saken. <\/p>\n<p class=\"_paragraph_o9xde_4 _paragraph_xtcu6_10 layout-component text-serif-m layout-normal text-serif-m layout-padded\">Torsdag gikk fristen for mediene til \u00e5 melde inn hvordan de vil dekke straffesaken mot H\u00f8iby. <\/p>\n<p class=\"_paragraph_o9xde_4 _paragraph_xtcu6_10 layout-component text-serif-m layout-normal text-serif-m layout-padded\">24 norske medier og 17 utenlandske medier meldt at de vil dekke saken. <\/p>\n<p class=\"_paragraph_o9xde_4 _paragraph_xtcu6_10 layout-component text-serif-m layout-normal text-serif-m layout-padded\">Det er bedt om presseakkreditering for 190 personer til sammen. <\/p>\n<p>Dette er H\u00f8iby tiltalt for:<\/p>\n<ul class=\"_list_o9xde_3 _list_xtcu6_9 _list_16v91_9 _unordered_o9xde_106 layout-component text-serif-m layout-normal text-sans-m layout-padded\">\n<li class=\"_item_o9xde_30\">Fire tilfeller av voldtekt, ett med samleie.<\/li>\n<li class=\"_item_o9xde_30\">Ett tilfelle av mishandling i n\u00e6re relasjoner.<\/li>\n<li class=\"_item_o9xde_30\">Ett tilfelle av grov kroppskrenkelse.<\/li>\n<li class=\"_item_o9xde_30\">Ett tilfelle av kroppskrenkelse.<\/li>\n<li class=\"_item_o9xde_30\">Et tilfelle av trusler.<\/li>\n<li class=\"_item_o9xde_30\">Fem tilfeller av hensynsl\u00f8s adferd.<\/li>\n<li class=\"_item_o9xde_30\">To tilfeller av skadeverk.<\/li>\n<li class=\"_item_o9xde_30\">Seks tilfeller av seksuelt krenkende adferd.<\/li>\n<li class=\"_item_o9xde_30\">Fire tilfeller av brudd p\u00e5 bes\u00f8ksforbud.<\/li>\n<li class=\"_item_o9xde_30\">Et tilfelle av forulempelse av en offentlig tjenesteperson.<\/li>\n<li class=\"_item_o9xde_30\">Et tilfelle der han unnlot \u00e5 oppgi personalia.<\/li>\n<li class=\"_item_o9xde_30\">Ett tilfelle av \u00e5 ikke ha ferdes hensynsfullt med bil.<\/li>\n<li class=\"_item_o9xde_30\">To tilfeller av \u00e5 ha kj\u00f8rt for fort.<\/li>\n<li class=\"_item_o9xde_30\">To tilfeller av \u00e5 ha kj\u00f8rt uten gyldig f\u00f8rerkort.<\/li>\n<\/ul>\n<p>Vis mer    <\/p>\n","protected":false},"excerpt":{"rendered":"Tidligere Love Island-deltagere er blant dem som er kalt inn for \u00e5 vitne i den omfattende rettssaken mot&hellip;\n","protected":false},"author":2,"featured_media":80121,"comment_status":"","ping_status":"","sticky":false,"template":"","format":"standard","meta":{"footnotes":""},"categories":[5],"tags":[20,21,24,25,15,19,22,23,17,18,400,13,30,28,29,14,16,26,27],"class_list":{"0":"post-80120","1":"post","2":"type-post","3":"status-publish","4":"format-standard","5":"has-post-thumbnail","7":"category-overskrifter","8":"tag-breaking-news","9":"tag-breakingnews","10":"tag-featured-news","11":"tag-featurednews","12":"tag-headlines","13":"tag-hovedoppslag","14":"tag-latest-news","15":"tag-latestnews","16":"tag-main-news","17":"tag-mainnews","18":"tag-marius-borg-hoiby","19":"tag-news","20":"tag-no","21":"tag-norge","22":"tag-norway","23":"tag-nyheter","24":"tag-overskrifter","25":"tag-top-stories","26":"tag-topstories"},"share_on_mastodon":{"url":"https:\/\/pubeurope.com\/@no\/115503272147830596","error":""},"_links":{"self":[{"href":"https:\/\/www.europesays.com\/no\/wp-json\/wp\/v2\/posts\/80120","targetHints":{"allow":["GET"]}}],"collection":[{"href":"https:\/\/www.europesays.com\/no\/wp-json\/wp\/v2\/posts"}],"about":[{"href":"https:\/\/www.europesays.com\/no\/wp-json\/wp\/v2\/types\/post"}],"author":[{"embeddable":true,"href":"https:\/\/www.europesays.com\/no\/wp-json\/wp\/v2\/users\/2"}],"replies":[{"embeddable":true,"href":"https:\/\/www.europesays.com\/no\/wp-json\/wp\/v2\/comments?post=80120"}],"version-history":[{"count":0,"href":"https:\/\/www.europesays.com\/no\/wp-json\/wp\/v2\/posts\/80120\/revisions"}],"wp:featuredmedia":[{"embeddable":true,"href":"https:\/\/www.europesays.com\/no\/wp-json\/wp\/v2\/media\/80121"}],"wp:attachment":[{"href":"https:\/\/www.europesays.com\/no\/wp-json\/wp\/v2\/media?parent=80120"}],"wp:term":[{"taxonomy":"category","embeddable":true,"href":"https:\/\/www.europesays.com\/no\/wp-json\/wp\/v2\/categories?post=80120"},{"taxonomy":"post_tag","embeddable":true,"href":"https:\/\/www.europesays.com\/no\/wp-json\/wp\/v2\/tags?post=80120"}],"curies":[{"name":"wp","href":"https:\/\/api.w.org\/{rel}","templated":true}]}}