{"id":80124,"date":"2025-11-06T14:41:45","date_gmt":"2025-11-06T14:41:45","guid":{"rendered":"https:\/\/www.europesays.com\/no\/80124\/"},"modified":"2025-11-06T14:41:45","modified_gmt":"2025-11-06T14:41:45","slug":"magnus-devold-fikk-blodpropp-i-hjernen","status":"publish","type":"post","link":"https:\/\/www.europesays.com\/no\/80124\/","title":{"rendered":"Magnus Devold fikk blodpropp i hjernen"},"content":{"rendered":"<p>\u2013 Blodproppen fikk jeg mens jeg allerede var innlagt p\u00e5 sykehus fordi jeg hadde falt om under en joggetur noen dager f\u00f8r, skriver Devold p\u00e5 Instagram.<\/p>\n<p>Formen virker n\u00e5 \u00e5 v\u00e6re bedre.<\/p>\n<p>\u2013 Heldigvis kan jeg b\u00e5de skrive, prate, smile og l\u00f8fte igjen. Mye takket v\u00e6re verdens aller beste helsevesen, skriver han.<\/p>\n<p>N\u00e5 venter noen rolige uker for komikeren.<\/p>\n<p>\u2013 Jeg har det bra, men blir dessverre n\u00f8dt til \u00e5 avlyse noen uker med show, podkaster, stand up, jogging og andre ting jeg hadde gledet meg til \u00e5 gj\u00f8re.<\/p>\n<p><a href=\"https:\/\/www.smp.no\/reportasje\/i\/O8R5Wk\/blir-stadig-minnet-paa-farfaren-fra-aalesund\" rel=\"nofollow noopener\" target=\"_blank\"> <img decoding=\"async\" src=\"data:image\/gif;base64,R0lGODlhEAAJAIAAAP\/\/\/wAAACH5BAEAAAAALAAAAAAQAAkAAAIKhI+py+0Po5yUFQA7\" alt=\"\"\/>   Blir stadig minnet p\u00e5 farfaren fra \u00c5lesund  <\/a> <\/p>\n","protected":false},"excerpt":{"rendered":"\u2013 Blodproppen fikk jeg mens jeg allerede var innlagt p\u00e5 sykehus fordi jeg hadde falt om under en&hellip;\n","protected":false},"author":2,"featured_media":80125,"comment_status":"","ping_status":"","sticky":false,"template":"","format":"standard","meta":{"footnotes":""},"categories":[58],"tags":[71,30,28,29,72],"class_list":{"0":"post-80124","1":"post","2":"type-post","3":"status-publish","4":"format-standard","5":"has-post-thumbnail","7":"category-underholdning","8":"tag-entertainment","9":"tag-no","10":"tag-norge","11":"tag-norway","12":"tag-underholdning"},"share_on_mastodon":{"url":"https:\/\/pubeurope.com\/@no\/115503279816051885","error":""},"_links":{"self":[{"href":"https:\/\/www.europesays.com\/no\/wp-json\/wp\/v2\/posts\/80124","targetHints":{"allow":["GET"]}}],"collection":[{"href":"https:\/\/www.europesays.com\/no\/wp-json\/wp\/v2\/posts"}],"about":[{"href":"https:\/\/www.europesays.com\/no\/wp-json\/wp\/v2\/types\/post"}],"author":[{"embeddable":true,"href":"https:\/\/www.europesays.com\/no\/wp-json\/wp\/v2\/users\/2"}],"replies":[{"embeddable":true,"href":"https:\/\/www.europesays.com\/no\/wp-json\/wp\/v2\/comments?post=80124"}],"version-history":[{"count":0,"href":"https:\/\/www.europesays.com\/no\/wp-json\/wp\/v2\/posts\/80124\/revisions"}],"wp:featuredmedia":[{"embeddable":true,"href":"https:\/\/www.europesays.com\/no\/wp-json\/wp\/v2\/media\/80125"}],"wp:attachment":[{"href":"https:\/\/www.europesays.com\/no\/wp-json\/wp\/v2\/media?parent=80124"}],"wp:term":[{"taxonomy":"category","embeddable":true,"href":"https:\/\/www.europesays.com\/no\/wp-json\/wp\/v2\/categories?post=80124"},{"taxonomy":"post_tag","embeddable":true,"href":"https:\/\/www.europesays.com\/no\/wp-json\/wp\/v2\/tags?post=80124"}],"curies":[{"name":"wp","href":"https:\/\/api.w.org\/{rel}","templated":true}]}}