{"id":80136,"date":"2025-11-06T14:49:24","date_gmt":"2025-11-06T14:49:24","guid":{"rendered":"https:\/\/www.europesays.com\/no\/80136\/"},"modified":"2025-11-06T14:49:24","modified_gmt":"2025-11-06T14:49:24","slug":"dangelos-familie-ber-om-ro","status":"publish","type":"post","link":"https:\/\/www.europesays.com\/no\/80136\/","title":{"rendered":"D&#8217;Angelos familie ber om ro:"},"content":{"rendered":"<p>Det er tre uker siden sjokknyheten kom. Multiinstrumentalist og artist <a href=\"https:\/\/www.tv2.no\/nyheter\/dangelo-er-dod\/18193753\/\" style=\"letter-spacing: 0.01em;\" rel=\"nofollow noopener\" target=\"_blank\">D&#8217;Angelo var d\u00f8d<\/a>, 51 \u00e5r gammel, etter lang tids kreftsykdom.\u00a0<\/p>\n<p>Diagnosen hadde blitt holdt privat, slik Michael Eugene Archer, som han egentlig het,\u00a0hadde for vane \u00e5 v\u00e6re.\u00a0<\/p>\n<p>Det var ogs\u00e5 i en sv\u00e6rt privat og godt hemmeligholdt seremoni at familie, venner og superstjerner fulgte neo-soul-sangeren p\u00e5 hans siste ferd l\u00f8rdag. Det skriver lokalavisen <a href=\"https:\/\/richmond.com\/news\/community\/article_ac51368d-4bfe-4a71-b3c7-df1b3caf66ed.html\" rel=\"nofollow noopener\" target=\"_blank\">Richmond Times-Dispatc\u00a0<\/a>i Richmond i Virginia, hvor gravferden fant sted.\u00a0<\/p>\n<p>B\u00f8nn om fred<\/p>\n<p>For sv\u00e6rt lite informasjon har lekket ut fra seremonien, men noen drypp har kommet, blant annet gjennom\u00a0medier som People, Us Weekly og Huffington Post.\u00a0<\/p>\n<p>        <img class=\"image__img lazyload\" itemprop=\"image\" title=\"Foto: Shannon Stapleton \/ Reuters \/ NTB\" alt=\"SOULSTJERNE: D'Angelo under en Spotify-opptreden i New York i 2015. Foto: Shannon Stapleton \/ Reuters \/ NTB\" width=\"675\" height=\"453\" bad-src=\"https:\/\/www.europesays.com\/no\/wp-content\/uploads\/2025\/11\/18261736.webp\" fetchpriority=\"auto\" \/><\/p>\n<p>      SOULSTJERNE: D&#8217;Angelo under en Spotify-opptreden i New York i 2015.<br \/>\n         Foto: Shannon Stapleton \/ Reuters \/ NTB<\/p>\n<p class=\"bold m-bold\" data-lab-font_weight=\"bold\">Men n\u00e5 har private bilder kommet p\u00e5 avveie, skal vi tro familien.\u00a0<\/p>\n<p>Etter begravelsen har datteren Imani g\u00e5tt ut mot folk som har delt bilder av familien. En av grunnene til at begravelsen ble holdt s\u00e5 privat, skal ha v\u00e6rt for \u00e5 la barna s\u00f8rge uten at alles \u00f8yne var rettet mot dem.<\/p>\n<p>I to historier p\u00e5 Instagram ber Imani Archer folk om \u00e5 \u00abslutte p\u00e5 tro p\u00e5 alt de leser og h\u00f8rer p\u00e5 internett\u00bb, f\u00f8r hun s\u00e5 kommer med en innstendig b\u00f8nn:<\/p>\n<p class=\"bold m-bold\" data-lab-font_weight=\"bold\">\u2013 Og til slutt: V\u00e6r s\u00e5 snill og slutt \u00e5 poste personlige bilder av familien min fra gudstjenesten\/begravelsen, v\u00e6r s\u00e5 snill. Det er ikke greit.\u00a0<\/p>\n<p>        <img class=\"image__img lazyload\" itemprop=\"image\" title=\"\" alt=\"\" width=\"675\" height=\"797\" bad-src=\"https:\/\/www.europesays.com\/no\/wp-content\/uploads\/2025\/11\/18261700.webp\" fetchpriority=\"auto\" \/><\/p>\n<p>Bernhoft: \u2013 Bredside fra villeste armadaen<\/p>\n<p>At det har v\u00e6rt massiv interesse for den avd\u00f8de Grammy-vinnerens begravelse, er kanskje ikke s\u00e5 vanskelig \u00e5 forst\u00e5.\u00a0<\/p>\n<p>D&#8217;Angelo\u00a0var kjent som en av de mest betydelige artistene gjennom de siste ti\u00e5rene, og var med p\u00e5 \u00e5 forme den s\u00e5kalte neo-soul-sjangeren sammen med stjerner som Erykah Badu og Lauryn Hill p\u00e5 90-tallet. Og da det ble kjent at han var d\u00f8d, ble han hyllet av en hel verden.<\/p>\n<p>Her hjemme har han ogs\u00e5 satt dype spor.\u00a0<\/p>\n<p>En av Norges st\u00f8rste artister de siste ti\u00e5rene, Jarle Bernhoft, trekker frem D&#8217;Angelo som en av sine st\u00f8rste inspirasjonskilder.\u00a0<\/p>\n<p class=\"bold m-bold\" data-lab-font_weight=\"bold\">\u2013 Han var en enorm l\u00e5tskriver, sanger og musiker. Det er et stort tap, sier han til TV 2.\u00a0<\/p>\n<p>        <img class=\"image__img lazyload\" itemprop=\"image\" title=\"Foto: Thomas Andersen \/ TV 2 \/ TV 2 \/ NTB\" alt=\"VILLE IKKE V\u00c6RT DEN SAMME: Musiker Jarle Bernhoft hyller avd\u00f8de D'Angelo, her avbildet under en \u00abThe Voice\u00bb-sending i fjor. Foto: Thomas Andersen \/ TV 2 \/ TV 2 \/ NTB\" width=\"675\" height=\"453\" bad-src=\"https:\/\/www.europesays.com\/no\/wp-content\/uploads\/2025\/11\/18261501.webp\" fetchpriority=\"auto\" \/><\/p>\n<p>      VILLE IKKE V\u00c6RT DEN SAMME: Musiker Jarle Bernhoft hyller avd\u00f8de D&#8217;Angelo, her avbildet under en \u00abThe Voice\u00bb-sending i fjor.<br \/>\n         Foto: Thomas Andersen \/ TV 2 \/ TV 2 \/ NTB<\/p>\n<p>Bernhoft, som selv har v\u00e6rt Grammy-nominert i R &amp; B-kategorien, har hatt et langt forhold til D&#8217;Angelo og musikken hans.\u00a0<\/p>\n<p>Det f\u00f8rste han h\u00f8rte var debuten-albumet \u00abBrown Sugar\u00bb fra 1995.\u00a0<\/p>\n<p>\u2013 Men det var jo \u00abVoodoo\u00bb-plata som virkelig fikk meg til \u00e5 sperre opp \u00f8ynene. Den stoppet tiden, p\u00e5 en m\u00e5te. Den traff meg alts\u00e5 s\u00e5 sinnssykt med en bredside fra den villeste armadaen.\u00a0<\/p>\n<p>Albumet kom ut fem \u00e5r etter debuten og sikret D&#8217;Angelo to Grammy-titler i R &amp; B-kategorien.\u00a0<\/p>\n<p>\u2013 Hver eneste dag<\/p>\n<p>Han skulle bare rekke \u00e5 gi ut \u00e9n til soloplate, nemlig \u00abBlack Messiah\u00bb i 2014, som ogs\u00e5 sikret ham to Grammy-priser.<\/p>\n<p>\u2013 De tre skivene han ga ut, og for min del med spesiell vekt p\u00e5 \u00abVoodoo\u00bb \u2026 Det er den der forst\u00e5elsen av tid, timing og rytme \u2026 Han \u00e5pnet opp noen d\u00f8rer fra hiphopens verden inn i soulen, som jeg aldri f\u00f8r hadde h\u00f8rt.<\/p>\n<p>D&#8217;Angelos talent gjorde ham til et midtpunkt for noen av verdens aller dyktigste musikere. Med seg p\u00e5 dette albumet hadde han blant annet stjernebassist Pino Palladino og Questlove p\u00e5 trommer.\u00a0<\/p>\n<p>        <img class=\"image__img lazyload\" itemprop=\"image\" title=\"Foto: Rich Fury \/ AP \/ NTB\" alt=\"P\u00c5 SCENEN: D'Angelo under en konsert p\u00e5 FYF Fest i Los Angeles i 2015. Foto: Rich Fury \/ AP \/ NTB\" width=\"675\" height=\"453\" bad-src=\"https:\/\/www.europesays.com\/no\/wp-content\/uploads\/2025\/11\/18261756.webp\" fetchpriority=\"auto\" \/><\/p>\n<p>      P\u00c5 SCENEN: D&#8217;Angelo under en konsert p\u00e5 FYF Fest i Los Angeles i 2015.<br \/>\n         Foto: Rich Fury \/ AP \/ NTB<\/p>\n<p>\u2013 Men det er ganske mye av de greiene D&#8217;Angelo spiller selv. Han redefinerer rytme p\u00e5 den skiva der, p\u00e5 en helt perverst sterk m\u00e5te, som jeg fortsatt b\u00e6rer med meg i dag. Jeg har gjort det hver eneste dag siden jeg h\u00f8rte den skiva.\u00a0<\/p>\n<p class=\"italic m-italic\" data-lab-italic=\"italic\">\u2013 Hvordan har han p\u00e5virket musikk generelt?<\/p>\n<p>\u2013 Jeg tror ikke det var mulig for dem som holdt p\u00e5 med den type musikk \u00e5 ikke forholde seg til D&#8217;Angelo etter \u00abVoodoo\u00bb. Alle som drev med rytmisk musikk, m\u00e5tte forholde seg til rytmikk p\u00e5 en helt annen m\u00e5te. <\/p>\n<p>\u2013 Fundamentalt for utviklingen min<\/p>\n<p>Charlotte Dos Santos er av Norges mest fremtredende neo-soulartister i dag. Heller ikke hun ville v\u00e6rt den samme uten D&#8217;Angelos musikk.\u00a0<\/p>\n<p>Hun har tydelige minner fra hun som seks-sju\u00e5ring h\u00f8rte hvordan han brukte stemmen i l\u00e5ten \u00abI Found My Smile Again\u00bb som var en del av soundtracket til storfilmen \u00abSpace Jam\u00bb.<\/p>\n<p>\u2013 Jeg ble bare helt \u2026 \u00abWow, hva er det jeg h\u00f8rer n\u00e5?\u00bb Jeg husker det \u00f8yeblikket veldig godt. Jeg hadde \u00abSpace Jam\u00bb-CD-en, som det ble mye spilling av.\u00a0<\/p>\n<p>        <img class=\"image__img lazyload\" itemprop=\"image\" title=\"Foto: Mike Segar \/ Reuters \/ NTB\" alt=\"UFRIVILLIG SEXSYMBOL: Musikkvideoen til l\u00e5ten \u00abUnitled (How Does It Feel)\u00bb gjorde D'Angelo til et av verdens st\u00f8rste sexsymboler over natten. Dette slet han med gjennom karrieren, ettersom han \u00f8nsket at musikken skulle ha fokus. Foto: Mike Segar \/ Reuters \/ NTB\" width=\"675\" height=\"891\" bad-src=\"https:\/\/www.europesays.com\/no\/wp-content\/uploads\/2025\/11\/18261778.webp\" fetchpriority=\"auto\" \/><\/p>\n<p>      UFRIVILLIG SEXSYMBOL: Musikkvideoen til l\u00e5ten \u00abUnitled (How Does It Feel)\u00bb gjorde D&#8217;Angelo til et av verdens st\u00f8rste sexsymboler over natten. Dette slet han med gjennom karrieren, ettersom han \u00f8nsket at musikken skulle ha fokus.<br \/>\n         Foto: Mike Segar \/ Reuters \/ NTB<\/p>\n<p>En oppvekst med D&#8217;Angelo har gitt henne mange \u00f8yeblikk med musikken hans, forteller hun.\u00a0<\/p>\n<p>\u2013 Jeg h\u00f8rte s\u00e5 mye p\u00e5 musikk som barn. Det var en veldig fin m\u00e5te \u00e5 dr\u00f8mme seg bort p\u00e5. \u00c5 h\u00f8re hvordan han la vokalharmoniene sine, hvordan han mikset groove med hiphop og jazz \u2026 \u00c5 oppdage denne musikken, var helt fundamentalt for min utvikling som musiker og menneske.\u00a0<\/p>\n<p>Dos Santos, som selv vant Spellemann-pris for beste R &amp; B\/Soul-album med albumet \u00abMorfo\u00bb i 2022, sier at hun ofte fors\u00f8ker \u00e5 tenke hvordan D&#8217;Angelo ville ha angrepet noe.\u00a0<\/p>\n<p>        <img class=\"image__img lazyload\" itemprop=\"image\" title=\"Foto: Terje Bendiksby \/ NTB\" alt=\"FORBILDE: Charlotte Dos Santos trekker frem D'Angelo som en av sine viktigste inspirasjonskilder, her avbildet under utdelingen av Spellemannprisen 2022. Foto: Terje Bendiksby \/ NTB\" width=\"675\" height=\"453\" bad-src=\"https:\/\/www.europesays.com\/no\/wp-content\/uploads\/2025\/11\/18261487.webp\" fetchpriority=\"auto\" \/><\/p>\n<p>      FORBILDE: Charlotte Dos Santos trekker frem D&#8217;Angelo som en av sine viktigste inspirasjonskilder, her avbildet under utdelingen av Spellemannprisen 2022.<br \/>\n         Foto: Terje Bendiksby \/ NTB<\/p>\n<p>Hun er for tiden aktuell med det nye albumet \u00abNeve Azul\u00bb som hun har slippkonsert for p\u00e5 Parkteatret i Oslo mandag.\u00a0<\/p>\n<p class=\"bold m-bold\" data-lab-font_weight=\"bold\">\u2013 Jeg merker jo at n\u00e5r jeg er i studio selv, eller skriver musikk, s\u00e5 tenker jeg ofte: \u00abWhat would D&#8217;Angelo do\u00bb. Det er en liten stemme i bakhodet jeg har med meg.\u00a0<\/p>\n<p>\u2013 Jeg f\u00f8ler meg veldig takknemlig for at jeg fikk oppdage ham i real time som liten og frem til jeg ble voksen. Og takk til pappa, som introduserte meg for ham.\u00a0<\/p>\n<p>Bernhoft: \u2013 St\u00f8rre enn Prince<\/p>\n<p>Den norske soulartisten tror D&#8217;Angelo vil bli husket som en av de absolutt st\u00f8rste musikerne de siste generasjonene.\u00a0<\/p>\n<p>\u2013 Han er oppe der med Prince og Michael Jackson, artister han s\u00e5 opp til selv.\u00a0<\/p>\n<p>Musikerkollega Bernhoft er enig i at han h\u00f8rer hjemme blant de aller st\u00f8rste navnene, til tross for at han nok ogs\u00e5 vil bli husket som en plaget sjel.\u00a0<\/p>\n<p>\u2013 Han var nok en som hadde mye \u00e5 stri med underveis, og han satte kanskje ikke s\u00e5 pris p\u00e5 seg selv som han burde.\u00a0Men for meg st\u00e5r han igjen som en nybrottsarbeider i soulmusikken. Han st\u00e5r som en bauta med de store, og det er ganske godt gjort med bare tre album, sier han, og legger til:<\/p>\n<p>        <img class=\"image__img lazyload\" itemprop=\"image\" title=\"Foto: Cheryl Gerber \/ AP \/ NTB\" alt=\"MULTIINSTRUMENTALIST: D'Angelo opptrer under Essence Music Festival i New Orleans i 2012. Foto: Cheryl Gerber \/ AP \/ NTB\" width=\"675\" height=\"500\" bad-src=\"https:\/\/www.europesays.com\/no\/wp-content\/uploads\/2025\/11\/18261842.webp\" fetchpriority=\"auto\" \/><\/p>\n<p>      MULTIINSTRUMENTALIST: D&#8217;Angelo opptrer under Essence Music Festival i New Orleans i 2012.<br \/>\n         Foto: Cheryl Gerber \/ AP \/ NTB<\/p>\n<p>\u2013 Jeg hadde ikke v\u00e6rt filla av den jeg er i dag om det ikke var for D&#8217;Angelo. Jeg elsker \u00e5 str\u00f8 koringer, og det er s\u00e5 mye av dette jeg har plukket fra ham. Jeg hadde v\u00e6rt en helt annen artist uten ham.<\/p>\n<p>Selv l\u00f8fter Bernhoft ham over Prince, som var en hans av uttalte inspirasjonskilder.\u00a0<\/p>\n<p>\u2013 Jeg liker ham mye bedre enn Prince. Prince har jo mye st\u00f8rre katalog og kanskje mye st\u00f8rre p\u00e5virkning p\u00e5 det popkulturelle livet. Men for meg er han st\u00f8rre enn Prince. <\/p>\n<p>        <img class=\"image__img lazyload\" itemprop=\"image\" title=\"Foto: Evan Agostini \/ AP \/ NTB\" alt=\"HEDRET PRINCE: D'Angelo da han deltok under tributekonserten for avd\u00f8de Prince i Carnegie Hall i New York 2013. Foto: Evan Agostini \/ AP \/ NTB\" width=\"675\" height=\"608\" bad-src=\"https:\/\/www.europesays.com\/no\/wp-content\/uploads\/2025\/11\/18261837.webp\" fetchpriority=\"auto\" \/><\/p>\n<p>      HEDRET PRINCE: D&#8217;Angelo da han deltok under tributekonserten for avd\u00f8de Prince i Carnegie Hall i New York 2013.<br \/>\n         Foto: Evan Agostini \/ AP \/ NTB<\/p>\n<p>Stevie Wonder spilte i begravelsen<\/p>\n<p>De to norske artistenes beskrivelser til D&#8217;Angelo viser hvorfor en hel musikkverden \u00f8nsket \u00e5 f\u00f8lge artisten til graven.\u00a0<\/p>\n<p>Huffington Posts viseredakt\u00f8r Philip Lewis er \u00e9n av dem som har kastet lys over begravelsen. P\u00e5 X har han delt flere bilder av programmet.\u00a0<\/p>\n<p>        <img class=\"image__img lazyload\" itemprop=\"image\" title=\"Foto: Skjermdump \/ Facebook\" alt=\"SLIK SKAL PROGRAMMET HA SETT UT: Huffington Post-viseredakt\u00f8r Philip Lewis postet disse bildene av begravelsesprogrammet p\u00e5 X og Facebook. Foto: Skjermdump \/ Facebook\" width=\"675\" height=\"790\" bad-src=\"https:\/\/www.europesays.com\/no\/wp-content\/uploads\/2025\/11\/18262212.webp\" fetchpriority=\"auto\" \/><\/p>\n<p>      SLIK SKAL PROGRAMMET HA SETT UT: Huffington Post-viseredakt\u00f8r Philip Lewis postet disse bildene av begravelsesprogrammet p\u00e5 X og Facebook.<br \/>\n         Foto: Skjermdump \/ Facebook<\/p>\n<p>Her kommer det frem at seremonien ble kalt en \u00abfeiring av livet\u00bb og at en av D&#8217;Angelos musikalske forl\u00f8pere, superstjernen Stevie Wonder fremf\u00f8rte musikalske hyllester, blant annet sin egen soul-hit \u00abAs\u00bb fra 1976.\u00a0<\/p>\n<p>Dette gjorde han sammen med den avd\u00f8de artistens tidligere backingband The Soultronics og The Vanguard. De to bandene fremf\u00f8rte ogs\u00e5 egne hyllester til neo-soulstjernen, if\u00f8lge programmet.\u00a0<\/p>\n<p>        <img class=\"image__img lazyload\" itemprop=\"image\" title=\"Foto: Saul Loeb \/ AFP \/ NTB\" alt=\"SANG: Stevie Wonder hedret D'Angelo med flere l\u00e5ter under begravelsen if\u00f8lge programmet, her avbildet i 2024. Foto: Saul Loeb \/ AFP \/ NTB\" width=\"675\" height=\"453\" bad-src=\"https:\/\/www.europesays.com\/no\/wp-content\/uploads\/2025\/11\/18261859.webp\" fetchpriority=\"auto\" \/><\/p>\n<p>      SANG: Stevie Wonder hedret D&#8217;Angelo med flere l\u00e5ter under begravelsen if\u00f8lge programmet, her avbildet i 2024.<br \/>\n         Foto: Saul Loeb \/ AFP \/ NTB<\/p>\n<p>Stjerner som Lauryn Hill, John Mayer og DJ Premier skal ogs\u00e5 ha deltatt i begravelsen. I tillegg skal tidligere president Barack Obama ha sendt et brev som ble lest opp under gudstjenesten.\u00a0<\/p>\n<p>I programmet st\u00e5r det ogs\u00e5 at familien \u00f8nsker \u00e5 vise deres dyptf\u00f8lte takknemlighet for den \u00aboverveldende st\u00f8tten\u00bb de har f\u00e5tt, og at de spesielt takker musikalske storheter som Q-Tip og Questlove, som D&#8217;Angelo har hatt langvarige samarbeider med.<\/p>\n<p>        <img class=\"image__img lazyload\" itemprop=\"image\" title=\"Foto: Mark Von Holden \/ AP \/ NTB\" alt=\"INN I HISTORIEB\u00d8KENE: D' Angelo sammen med backingbandet The Vanguard under en opptreden p\u00e5 Apollo Theatre i New York i 2015. Foto: Mark Von Holden \/ AP \/ NTB\" width=\"675\" height=\"453\" bad-src=\"https:\/\/www.europesays.com\/no\/wp-content\/uploads\/2025\/11\/18261862.webp\" fetchpriority=\"auto\" \/><\/p>\n<p>      INN I HISTORIEB\u00d8KENE: D&#8217; Angelo sammen med backingbandet The Vanguard under en opptreden p\u00e5 Apollo Theatre i New York i 2015.<br \/>\n         Foto: Mark Von Holden \/ AP \/ NTB<\/p>\n<p>\u2013 Gjennom musikk, kj\u00e6rlighet og lys vil Michael D&#8217;Angelo Archers \u00e5nd skinne for evig, heter det i programmet.<\/p>\n<p>Det ryktes if\u00f8lge <a href=\"https:\/\/archive.is\/0uhzr\" rel=\"nofollow noopener\" target=\"_blank\">Richmond Times-Dispatch<\/a> at det vil holdes en offentlig minneseremoni for D&#8217;Angelo i 2026.\u00a0<\/p>\n","protected":false},"excerpt":{"rendered":"Det er tre uker siden sjokknyheten kom. Multiinstrumentalist og artist D&#8217;Angelo var d\u00f8d, 51 \u00e5r gammel, etter lang&hellip;\n","protected":false},"author":2,"featured_media":80137,"comment_status":"","ping_status":"","sticky":false,"template":"","format":"standard","meta":{"footnotes":""},"categories":[58],"tags":[71,30,28,29,72],"class_list":{"0":"post-80136","1":"post","2":"type-post","3":"status-publish","4":"format-standard","5":"has-post-thumbnail","7":"category-underholdning","8":"tag-entertainment","9":"tag-no","10":"tag-norge","11":"tag-norway","12":"tag-underholdning"},"share_on_mastodon":{"url":"https:\/\/pubeurope.com\/@no\/115503311301936462","error":""},"_links":{"self":[{"href":"https:\/\/www.europesays.com\/no\/wp-json\/wp\/v2\/posts\/80136","targetHints":{"allow":["GET"]}}],"collection":[{"href":"https:\/\/www.europesays.com\/no\/wp-json\/wp\/v2\/posts"}],"about":[{"href":"https:\/\/www.europesays.com\/no\/wp-json\/wp\/v2\/types\/post"}],"author":[{"embeddable":true,"href":"https:\/\/www.europesays.com\/no\/wp-json\/wp\/v2\/users\/2"}],"replies":[{"embeddable":true,"href":"https:\/\/www.europesays.com\/no\/wp-json\/wp\/v2\/comments?post=80136"}],"version-history":[{"count":0,"href":"https:\/\/www.europesays.com\/no\/wp-json\/wp\/v2\/posts\/80136\/revisions"}],"wp:featuredmedia":[{"embeddable":true,"href":"https:\/\/www.europesays.com\/no\/wp-json\/wp\/v2\/media\/80137"}],"wp:attachment":[{"href":"https:\/\/www.europesays.com\/no\/wp-json\/wp\/v2\/media?parent=80136"}],"wp:term":[{"taxonomy":"category","embeddable":true,"href":"https:\/\/www.europesays.com\/no\/wp-json\/wp\/v2\/categories?post=80136"},{"taxonomy":"post_tag","embeddable":true,"href":"https:\/\/www.europesays.com\/no\/wp-json\/wp\/v2\/tags?post=80136"}],"curies":[{"name":"wp","href":"https:\/\/api.w.org\/{rel}","templated":true}]}}