{"id":80142,"date":"2025-11-06T14:58:03","date_gmt":"2025-11-06T14:58:03","guid":{"rendered":"https:\/\/www.europesays.com\/no\/80142\/"},"modified":"2025-11-06T14:58:03","modified_gmt":"2025-11-06T14:58:03","slug":"kommuneokonomi-robek-kommuneopproret-ma-starte-i-tromso","status":"publish","type":"post","link":"https:\/\/www.europesays.com\/no\/80142\/","title":{"rendered":"Kommune\u00f8konomi, Robek | Kommuneoppr\u00f8ret m\u00e5 starte i Troms\u00f8"},"content":{"rendered":"\n<p><b>Til tross for<\/b> at norsk \u00f8konomi samlet sett g\u00e5r s\u00e5 det suser, opplever kommunene n\u00e5 den d\u00e5rligste \u00f8konomiske situasjonen p\u00e5 mange \u00e5r. Staten har rekordstore inntekter, privat\u00f8konomien til store grupper er sterk \u2013 men kommunene og fylkene som skal levere de mest grunnleggende velferdstjenestene, presses stadig n\u00e6rmere konkurs.<\/p>\n<p><b>Over hele landet <\/b>f\u00f8res det en kuttpolitikk som rammer innbyggerne direkte. Skoler, barnehager, sykehjem, fritidstilbud og kulturtilbud legges ned. Grunnbemanningen i de basale velferdstjenestene kuttes som en standardl\u00f8sning. Som et tegn p\u00e5 kronisk underfinansiering over tid ser vi et enormt etterslep p\u00e5 vedlikehold av bygg og infrastruktur, noe som vil koste langt mer \u00e5 rette opp i senere.<\/p>\n<p><b>I Troms\u00f8 har <\/b>de siste \u00e5rene med kutt blant annet f\u00f8rt til lavere grunnbemanning og h\u00f8yere sykefrav\u00e6r. I helse- og omsorgssektoren har sykefrav\u00e6ret \u00f8kt med over ett prosentpoeng p\u00e5 ett \u00e5r \u2013 fra et allerede h\u00f8yt niv\u00e5. Det er et tydelig signal om for stort arbeidspress og en situasjon som p\u00e5 sikt verken er forsvarlig for ansatte eller for brukerne av tjenestene.<\/p>\n<p>  <a href=\"https:\/\/www.nordnorskdebatt.no\/5-124-396088\" class=\"related-teaser has-image default-opinion-teaser article--c-eRUmMG article--c-eRUmMG-jKCPdD-design-default\" rel=\"nofollow noopener\" target=\"_blank\"><\/p>\n<p>    <img decoding=\"async\" loading=\"lazy\"  src=\"https:\/\/www.europesays.com\/no\/wp-content\/uploads\/2025\/11\/1762441082_195_photo.jpg\" alt=\"\" class=\"brick-c-cFOWSL\" style=\"\"\/><\/p>\n<p>\n            Les ogs\u00e5<\/p>\n<p>              Smalhans og trengsel\n        <\/p>\n<p>  <\/a><\/p>\n<p><b>N\u00e5 varsles<\/b> det nye, dramatiske kutt: 265 millioner kroner i helse- og velferdssektoren allerede i 2026, og rundt 420 millioner over fire \u00e5r. Slike kutt vil f\u00e5 alvorlige konsekvenser \u2013 for pasienter, eldre, barn, lavinntektsfamilier, frivilligheten og ikke minst de ansatte som allerede st\u00e5r i en krevende arbeidshverdag.<\/p>\n<p><b>Samtidig vet vi <\/b>at behovet for tjenester \u00f8ker kraftig framover. Troms\u00f8 trenger minst 160 nye sykehjemsplasser innen 2030. Det f\u00f8rste nye sykehjemmet kommer tidligst i 2031 \u2013 og da bare med 100 plasser. I tillegg trengs det flere hundre nye omsorgsboliger. Vi ligger allerede etter, og kuttene vil gj\u00f8re avstanden enda st\u00f8rre.<\/p>\n<p><b>Situasjonen i Troms\u00f8 <\/b>er ikke unik. Fra Kristiansand til Hammerfest kuttes det i kommunale budsjetter og bemanning. KS ansl\u00e5r at 80\u2013100 kommuner kan havne p\u00e5 ROBEK-lista innen 2027. Dette viser at problemet ikke handler om lokal styring \u2013 det handler om at kommune\u00f8konomien nasjonalt ikke er tilstrekkelig finansiert for \u00e5 dekke lovp\u00e5lagte oppgaver og grunnleggende velferd.<\/p>\n<p>  <a href=\"https:\/\/www.nordnorskdebatt.no\/5-124-396052\" class=\"related-teaser has-image default-opinion-teaser article--c-eRUmMG article--c-eRUmMG-jKCPdD-design-default\" rel=\"nofollow noopener\" target=\"_blank\"><\/p>\n<p>    <img decoding=\"async\" loading=\"lazy\"  src=\"https:\/\/www.europesays.com\/no\/wp-content\/uploads\/2025\/11\/Gunnar+W.jpg\" alt=\"\" class=\"brick-c-cFOWSL\" style=\"\"\/><\/p>\n<p>\n            Les ogs\u00e5<\/p>\n<p>              Skremmende lesning fra politisk redakt\u00f8r i Nordlys \u200b\u00a0\n        <\/p>\n<p>  <\/a><\/p>\n<p><b>Derfor m\u00e5 Troms\u00f8 <\/b>\u2013 som den st\u00f8rste byen med r\u00f8dgr\u00f8nt styre \u2013 g\u00e5 tydelig ut overfor den samme \u00abtutti-frutti\u00bb-koalisjonen som skal forhandle om det endelige statsbudsjettet: Vi trenger et varig l\u00f8ft i kommune\u00f8konomien. Vi trenger en finansiering som gj\u00f8r det mulig \u00e5 gi innbyggerne forsvarlige helsetjenester, skoler med nok ansatte, trygge arbeidsvilk\u00e5r og verdige liv for dem som trenger mest hjelp.<\/p>\n<p><b>\u00c5 si nei <\/b>til uforsvarlige kutt er ikke \u00f8konomisk uansvarlig \u2013 det er ansvarlig velferdspolitikk. Det er langt dyrere \u00e5 bygge opp igjen en nedslitt velferdstjeneste enn \u00e5 sikre den i tide. Vi vet at en \u00f8kt grunnbemanning vil v\u00e6re fornuftig b\u00e5de \u00f8konomisk og menneskelig, s\u00e5 hvorfor da gj\u00f8re det motsatte?<\/p>\n<p><b>Vi forlanger<\/b> derfor at regjeringa og Stortinget tar inn over seg realiteten ute i kommunene og styrke kommune\u00f8konomien betydelig i statsbudsjettet. Dette mener vi er n\u00f8dvendig for \u00e5 hindre at kommunene tvinges inn i et kuttregime som f\u00f8rer til n\u00f8dmodus. Og for \u00e5 sikre en velferdsstat som faktisk fungerer i praksis.<\/p>\n<p><b>N\u00e5r ROBEK <\/b>n\u00e5 synes som en reell mulighet, b\u00e5de for Troms\u00f8 og veldig mange andre kommuner, er det p\u00e5 tide at vi starter et folkelig oppr\u00f8r. Vi vil ikke v\u00e6re med p\u00e5 \u00e5 bryte ned velferdsstaten &#8211; oppr\u00f8ret kan vi starte her!<\/p>\n","protected":false},"excerpt":{"rendered":"Til tross for at norsk \u00f8konomi samlet sett g\u00e5r s\u00e5 det suser, opplever kommunene n\u00e5 den d\u00e5rligste \u00f8konomiske&hellip;\n","protected":false},"author":2,"featured_media":80143,"comment_status":"","ping_status":"","sticky":false,"template":"","format":"standard","meta":{"footnotes":""},"categories":[5],"tags":[36,20,21,24,25,15,19,806,22,23,17,18,13,30,28,29,14,1533,16,10902,8907,26,27,1424],"class_list":{"0":"post-80142","1":"post","2":"type-post","3":"status-publish","4":"format-standard","5":"has-post-thumbnail","7":"category-overskrifter","8":"tag-art","9":"tag-breaking-news","10":"tag-breakingnews","11":"tag-featured-news","12":"tag-featurednews","13":"tag-headlines","14":"tag-hovedoppslag","15":"tag-kommuneokonomi","16":"tag-latest-news","17":"tag-latestnews","18":"tag-main-news","19":"tag-mainnews","20":"tag-news","21":"tag-no","22":"tag-norge","23":"tag-norway","24":"tag-nyheter","25":"tag-opinion","26":"tag-overskrifter","27":"tag-robek","28":"tag-statsbudsjettet-2026","29":"tag-top-stories","30":"tag-topstories","31":"tag-tromso-kommune"},"share_on_mastodon":{"url":"https:\/\/pubeurope.com\/@no\/115503346794845545","error":""},"_links":{"self":[{"href":"https:\/\/www.europesays.com\/no\/wp-json\/wp\/v2\/posts\/80142","targetHints":{"allow":["GET"]}}],"collection":[{"href":"https:\/\/www.europesays.com\/no\/wp-json\/wp\/v2\/posts"}],"about":[{"href":"https:\/\/www.europesays.com\/no\/wp-json\/wp\/v2\/types\/post"}],"author":[{"embeddable":true,"href":"https:\/\/www.europesays.com\/no\/wp-json\/wp\/v2\/users\/2"}],"replies":[{"embeddable":true,"href":"https:\/\/www.europesays.com\/no\/wp-json\/wp\/v2\/comments?post=80142"}],"version-history":[{"count":0,"href":"https:\/\/www.europesays.com\/no\/wp-json\/wp\/v2\/posts\/80142\/revisions"}],"wp:featuredmedia":[{"embeddable":true,"href":"https:\/\/www.europesays.com\/no\/wp-json\/wp\/v2\/media\/80143"}],"wp:attachment":[{"href":"https:\/\/www.europesays.com\/no\/wp-json\/wp\/v2\/media?parent=80142"}],"wp:term":[{"taxonomy":"category","embeddable":true,"href":"https:\/\/www.europesays.com\/no\/wp-json\/wp\/v2\/categories?post=80142"},{"taxonomy":"post_tag","embeddable":true,"href":"https:\/\/www.europesays.com\/no\/wp-json\/wp\/v2\/tags?post=80142"}],"curies":[{"name":"wp","href":"https:\/\/api.w.org\/{rel}","templated":true}]}}