{"id":80155,"date":"2025-11-06T15:12:38","date_gmt":"2025-11-06T15:12:38","guid":{"rendered":"https:\/\/www.europesays.com\/no\/80155\/"},"modified":"2025-11-06T15:12:38","modified_gmt":"2025-11-06T15:12:38","slug":"na-avdekkes-sensur-av-kritiske-transsporsmal","status":"publish","type":"post","link":"https:\/\/www.europesays.com\/no\/80155\/","title":{"rendered":"N\u00e5 avdekkes sensur av kritiske transsp\u00f8rsm\u00e5l"},"content":{"rendered":"<p><strong>BBC-ansatt sl\u00e5r alarm: \u2013 Transdekningen sensureres av egne journalister<\/strong><\/p>\n<p>BBCs dekning av transsp\u00f8rsm\u00e5l er utsatt for \u00abeffektiv sensur\u00bb fra egne LHBT-journalister som nekter \u00e5 dekke saker med kj\u00f8nnskritiske perspektiver, if\u00f8lge et internt notat som <a href=\"https:\/\/www.telegraph.co.uk\/news\/2025\/11\/05\/bbc-trans-coverage-censored-own-reporters\/\" rel=\"nofollow noopener\" target=\"_blank\">The Telegraph<\/a> har f\u00e5tt tilgang til.<\/p>\n<p>En intern r\u00e5dgiver for BBC, Michael Prescott, advarer i et 19-siders dokument om at deler av nyhetsorganisasjonen er \u00abfanget av en liten gruppe mennesker\u00bb som fremmer et ensidig pro-trans perspektiv og \u00abholder andre synspunkter unna eteren\u00bb.<\/p>\n<p>\u2013 Dette har f\u00f8rt til en konstant drypp av ensidige historier som feirer transopplevelsen uten tilstrekkelig balanse eller objektivitet, heter det i notatet, som beskriver situasjonen som et \u00abkulturelt problem p\u00e5 tvers av BBC\u00bb.<\/p>\n<p>If\u00f8lge Prescott behandler BBC temaer om kj\u00f8nn og seksualitet som \u00aben feiring av britisk mangfold\u00bb snarere enn som \u00abkomplekse og omstridte sp\u00f8rsm\u00e5l\u00bb.<\/p>\n<p><strong>Les ogs\u00e5: <a href=\"https:\/\/inyheter.no\/04\/11\/2025\/bbc-tatt-i-a-manipulere-trump-tale-fikk-det-til-a-se-ut-som-han-oppfordret-til-opptoyer\/\" rel=\"nofollow noopener\" target=\"_blank\">BBC tatt i \u00e5 manipulere Trump-tale: \u2013 Fikk det til \u00e5 se ut som han oppfordret til oppt\u00f8yer<\/a><\/strong><\/p>\n<p><strong>Interne varsler og ignorert kritikk<\/strong><\/p>\n<p>Prescott, som fram til juni var uavhengig r\u00e5dgiver for BBCs redaksjonelle retningslinjeutvalg, sier han skrev notatet etter \u00e5 ha blitt kontaktet av en BBC-programleder, en reporter og en produsent \u2013 alle med bekymringer for hvordan transsp\u00f8rsm\u00e5l blir dekket.<\/p>\n<p>\u2013 Jeg gjorde dette av fortvilelse over manglende handling fra BBC-ledelsen n\u00e5r slike problemer kommer frem, skriver han.<\/p>\n<p>Han hevder BBC gjentatte ganger har unnlatt \u00e5 dekke saker som stiller sp\u00f8rsm\u00e5l ved dagens transpolitikk. Blant annet ble lekkede dokumenter fra Verdensprofesjonelle forening for transhelse (WPATH) i mars 2024 \u2013 som vakte internasjonal oppsikt og ble omtalt av The Telegraph, The Economist, The Washington Post og The Times \u2013 ignorert av BBCs LHBT-redaksjon.<\/p>\n<p>Prescott advarer ogs\u00e5 om at BBC \u00abforvirrer seerne\u00bb ved ikke \u00e5 gj\u00f8re det tydelig at transkvinner er biologiske menn, eller i det hele tatt opplyse at personer som omtales som kvinner er transkj\u00f8nnede.<\/p>\n<p><strong>\u00d8kende politisk press<\/strong><\/p>\n<p>Saken kommer i kj\u00f8lvannet av flere avsl\u00f8ringer om mulig skjevhet i BBCs journalistikk. The Telegraph avsl\u00f8rte nylig at en Panorama-dokumentar <a href=\"https:\/\/inyheter.no\/04\/11\/2025\/bbc-tatt-i-a-manipulere-trump-tale-fikk-det-til-a-se-ut-som-han-oppfordret-til-opptoyer\/\" rel=\"nofollow noopener\" target=\"_blank\">manipulerte opptak av en Donald Trump-tale<\/a>, og at BBC skal ha tonet ned rapportering om israelsk lidelse i Gaza-krigen \u00abfor \u00e5 fremstille Israel som angriperen\u00bb.<\/p>\n<p>Konservative politikere har reagert kraftig. Partileder Kemi Badenoch sier \u00abhoder b\u00f8r rulle\u00bb i BBC, mens Israels viseutenriksminister har krevd at BBCs generaldirekt\u00f8r Tim Davie g\u00e5r av.<\/p>\n<p>Onsdag skrev Lord Grade, leder for det britiske medietilsynet Ofcom, til BBC-styreleder Samir Shah og ba ham \u00abgrundig unders\u00f8ke\u00bb anklagene.<\/p>\n","protected":false},"excerpt":{"rendered":"BBC-ansatt sl\u00e5r alarm: \u2013 Transdekningen sensureres av egne journalister BBCs dekning av transsp\u00f8rsm\u00e5l er utsatt for \u00abeffektiv sensur\u00bb&hellip;\n","protected":false},"author":2,"featured_media":80156,"comment_status":"","ping_status":"","sticky":false,"template":"","format":"standard","meta":{"footnotes":""},"categories":[12],"tags":[154,20,21,24,25,15,22,23,13,30,28,29,14,16,865,26,27,10903,42,43,44,45],"class_list":{"0":"post-80155","1":"post","2":"type-post","3":"status-publish","4":"format-standard","5":"has-post-thumbnail","7":"category-verden","8":"tag-bbc","9":"tag-breaking-news","10":"tag-breakingnews","11":"tag-featured-news","12":"tag-featurednews","13":"tag-headlines","14":"tag-latest-news","15":"tag-latestnews","16":"tag-news","17":"tag-no","18":"tag-norge","19":"tag-norway","20":"tag-nyheter","21":"tag-overskrifter","22":"tag-storbritannia","23":"tag-top-stories","24":"tag-topstories","25":"tag-transideologi","26":"tag-verden","27":"tag-world","28":"tag-world-news","29":"tag-worldnews"},"share_on_mastodon":{"url":"https:\/\/pubeurope.com\/@no\/115503401881057594","error":""},"_links":{"self":[{"href":"https:\/\/www.europesays.com\/no\/wp-json\/wp\/v2\/posts\/80155","targetHints":{"allow":["GET"]}}],"collection":[{"href":"https:\/\/www.europesays.com\/no\/wp-json\/wp\/v2\/posts"}],"about":[{"href":"https:\/\/www.europesays.com\/no\/wp-json\/wp\/v2\/types\/post"}],"author":[{"embeddable":true,"href":"https:\/\/www.europesays.com\/no\/wp-json\/wp\/v2\/users\/2"}],"replies":[{"embeddable":true,"href":"https:\/\/www.europesays.com\/no\/wp-json\/wp\/v2\/comments?post=80155"}],"version-history":[{"count":0,"href":"https:\/\/www.europesays.com\/no\/wp-json\/wp\/v2\/posts\/80155\/revisions"}],"wp:featuredmedia":[{"embeddable":true,"href":"https:\/\/www.europesays.com\/no\/wp-json\/wp\/v2\/media\/80156"}],"wp:attachment":[{"href":"https:\/\/www.europesays.com\/no\/wp-json\/wp\/v2\/media?parent=80155"}],"wp:term":[{"taxonomy":"category","embeddable":true,"href":"https:\/\/www.europesays.com\/no\/wp-json\/wp\/v2\/categories?post=80155"},{"taxonomy":"post_tag","embeddable":true,"href":"https:\/\/www.europesays.com\/no\/wp-json\/wp\/v2\/tags?post=80155"}],"curies":[{"name":"wp","href":"https:\/\/api.w.org\/{rel}","templated":true}]}}