{"id":80161,"date":"2025-11-06T15:16:12","date_gmt":"2025-11-06T15:16:12","guid":{"rendered":"https:\/\/www.europesays.com\/no\/80161\/"},"modified":"2025-11-06T15:16:12","modified_gmt":"2025-11-06T15:16:12","slug":"stolt-over-a-vaere-aeresnordmann","status":"publish","type":"post","link":"https:\/\/www.europesays.com\/no\/80161\/","title":{"rendered":"\u2013 Stolt over \u00e5 v\u00e6re \u00e6resnordmann"},"content":{"rendered":"\n<p class=\"_lead_o9xde_2 _lead_xtcu6_50 layout-component text-serif-m layout-normal text-serif-l layout-component layout-wide layout-padded _wide_17hqh_1 layout-padded\">Elle Fanning (27) sp\u00e5s sin f\u00f8rste Oscar-nominasjon for innsatsen i \u00abAffeksjonsverdi\u00bb.<\/p>\n<p><img alt=\"GLADLAKS: Elle Fanning varter opp med sitt karakteristiske smil Elle under en visning av \u00abPredator: Badlands\u00bb i London 27. oktober.  Foto: Scott A Garfitt \/ AP \/ NTB\" class=\"_image_qp4xg_65 layout-component layout-wide\" data-fullscreen- data-track-element-type=\"Article image fullscreen\" data-track-name=\"ImageFullscreen\" fetchpriority=\"high\" decoding=\"sync\" loading=\"eager\" height=\"1879\" itemprop=\"image\"  src=\"https:\/\/www.europesays.com\/no\/wp-content\/uploads\/2025\/11\/7afe3d44-1488-4b11-89b4-85ba744b6993\"  style=\"object-position:0% 0%\" width=\"2647\"\/>GLADLAKS: Elle Fanning varter opp med sitt karakteristiske smil Elle under en visning av \u00abPredator: Badlands\u00bb i London 27. oktober.  Foto: Scott A Garfitt \/ AP \/ NTB<\/p>\n<ul aria-hidden=\"true\" class=\"_images_18f0k_111\">\n<li><a class=\"_link_18f0k_116\" href=\"https:\/\/www.vg.no\/forfatter\/thor-benjamin-brekken\" style=\"z-index:1\" title=\"Benjamin Brekken\" rel=\"nofollow noopener\" target=\"_blank\"><img alt=\"Bilde av Benjamin Brekken\" class=\"_image_18f0k_93\" fetchpriority=\"low\" loading=\"lazy\" decoding=\"async\" itemprop=\"image\"  src=\"https:\/\/www.europesays.com\/no\/wp-content\/uploads\/2025\/11\/1762442170_987_1729a004-83db-4715-83a1-201a2b6019bd\"  width=\"480\"\/><\/a><\/li>\n<\/ul>\n<p> Oppdatert torsdag 6. november kl. 15:44     <\/p>\n<p class=\"_paragraph_o9xde_4 _paragraph_xtcu6_10 layout-component text-serif-m layout-normal text-serif-m layout-padded\">VG snakker med Elle Fanning i forbindelse med hennes nye film \u00abPredator: Badlands\u00bb, men &#8230;<\/p>\n<p class=\"_paragraph_o9xde_4 _paragraph_xtcu6_10 layout-component text-serif-m layout-normal text-serif-m layout-padded\">\u2013 Elle &#8230; Siden jeg er norsk, vet du vel hva som kommer n\u00e5? sp\u00f8ker vi. <\/p>\n<p class=\"_paragraph_o9xde_4 _paragraph_xtcu6_10 layout-component text-serif-m layout-normal text-serif-m layout-padded\">\u2013 Ja! svarer Hollywood-stjernen og smiler bredt. <\/p>\n<p class=\"_paragraph_o9xde_4 _paragraph_xtcu6_10 layout-component text-serif-m layout-normal text-serif-m layout-padded\">For 27-\u00e5ringen fra Georgia i USA er nemlig i rute til \u00e5 bli nominert til sin aller f\u00f8rste individuelle Oscar for innsatsen i Eskil Vogt og <a href=\"https:\/\/www.vg.no\/tag\/joachim-trier?utm_source=vg-article&amp;utm_medium=auto-tagger&amp;utm_campaign=63pEG0\" class=\"_link_o9xde_39\" rel=\"nofollow noopener\" target=\"_blank\">Joachim Triers<\/a> <a href=\"http:\/\/vg.no\/rampelys\/i\/yE20qe\/anmeldelse-affeksjonsverdi\" class=\"_link_o9xde_39\" rel=\"nofollow noopener\" target=\"_blank\">\u00abAffeksjonsverdi\u00bb<\/a>. <\/p>\n<p><img alt=\"RADARPAR: Stellan Skarsg\u00e5rd og Elle Fanning p\u00e5 stranden i Los Angeles i \u00abAffeksjonsverdi\u00bb.   Foto: Nordisk Film Distribusjon\" class=\"_image_qp4xg_65 layout-component layout-normal\" data-fullscreen- data-track-element-type=\"Article image fullscreen\" data-track-name=\"ImageFullscreen\" decoding=\"async\" loading=\"lazy\" height=\"2072\" itemprop=\"image\"  src=\"https:\/\/www.europesays.com\/no\/wp-content\/uploads\/2025\/11\/ecad73c9-d498-4b84-a329-d2146ec4df9b\"  style=\"object-position:0% 0%\" width=\"3456\"\/>RADARPAR: Stellan Skarsg\u00e5rd og Elle Fanning p\u00e5 stranden i Los Angeles i \u00abAffeksjonsverdi\u00bb.   Foto: Nordisk Film Distribusjon<\/p>\n<p class=\"_paragraph_o9xde_4 _paragraph_xtcu6_10 layout-component text-serif-m layout-normal text-serif-m layout-padded\">Anerkjente bransjemagasiner som Variety, The Hollywood Reporter og Indiwire har henne som en av favorittene til en nominasjon i kategorien \u00abbeste kvinnelige birolle\u00bb. <\/p>\n<p class=\"_paragraph_o9xde_4 _paragraph_xtcu6_10 layout-component text-serif-m layout-normal text-serif-m layout-padded\">\u2013 Jeg kan ikke la deg g\u00e5 uten \u00e5 sp\u00f8rre hva du tenker om det?<\/p>\n<p class=\"_paragraph_o9xde_4 _paragraph_xtcu6_10 layout-component text-serif-m layout-normal text-serif-m layout-padded\">\u2013 Herregud! Det er s\u00e5 hyggelig. Jeg er s\u00e5 stolt av den filmen og elsker Joachim Trier. <\/p>\n<p><img alt=\"Elle Fanning og VG- og Bl\u00e5kkb\u00f8ster-reporter Benjamin Brekken i samtale via Zoom.   Foto: VG\" class=\"_image_qp4xg_65 layout-component layout-normal\" data-fullscreen- data-track-element-type=\"Article image fullscreen\" data-track-name=\"ImageFullscreen\" decoding=\"async\" loading=\"lazy\" height=\"1668\" itemprop=\"image\"  src=\"https:\/\/www.europesays.com\/no\/wp-content\/uploads\/2025\/11\/640584d3-ec8c-4dfd-8a01-7a09a2585aa8\"  style=\"object-position:0% 0%\" width=\"2500\"\/>Elle Fanning og VG- og Bl\u00e5kkb\u00f8ster-reporter Benjamin Brekken i samtale via Zoom.   Foto: VG<\/p>\n<p class=\"_paragraph_o9xde_4 _paragraph_xtcu6_10 layout-component text-serif-m layout-normal text-serif-m layout-padded\">Hele filmen ble spilt inn i Oslo og delvis Drammen. Fanning har <a href=\"https:\/\/www.vg.no\/rampelys\/i\/JbzlXP\/elle-fanning-om-affeksjonsverdi-det-beste-filmsettet-jeg-noen-gang-har-vaert-paa\" data-track-element-type=\"Link\" data-track-id=\"link:JbzlXP\" class=\"_link_o9xde_39\" rel=\"nofollow noopener\" target=\"_blank\">tidligere uttalt til VG<\/a> at det var hennes f\u00f8rste tur til Norge og at norgesbes\u00f8ket var en spesiell opplevelse. <\/p>\n<p class=\"_paragraph_o9xde_4 _paragraph_xtcu6_10 layout-component text-serif-m layout-normal text-serif-m layout-padded\">\u2013 Jeg f\u00f8ler meg stolt over \u00e5 v\u00e6re en \u00e6resnordmann, proklamerer skuespilleren. <\/p>\n<p><img alt=\"SAMMENSVEISET: \u00abAffeksjonsverdi\u00bb-teamet p\u00e5 r\u00f8d l\u00f8per under filmfestivalen i London 12. oktober. Fra venstre: Eskil Vogt, Joachim Trier, Elle Fanning, Stellan Skarsg\u00e5rd, Renate Reinsve og Inga Ibsdotter Lilleaas.  Foto: Scott A Garfitt \/ AP \/ NTB\" class=\"_image_qp4xg_65 layout-component layout-normal\" data-fullscreen- data-track-element-type=\"Article image fullscreen\" data-track-name=\"ImageFullscreen\" decoding=\"async\" loading=\"lazy\" height=\"5719\" itemprop=\"image\"  src=\"https:\/\/www.europesays.com\/no\/wp-content\/uploads\/2025\/11\/27f45ab2-8e18-431e-b528-d79cf0c9d5ce\"  style=\"object-position:0% 0%\" width=\"8579\"\/>SAMMENSVEISET: \u00abAffeksjonsverdi\u00bb-teamet p\u00e5 r\u00f8d l\u00f8per under filmfestivalen i London 12. oktober. Fra venstre: Eskil Vogt, Joachim Trier, Elle Fanning, Stellan Skarsg\u00e5rd, Renate Reinsve og Inga Ibsdotter Lilleaas.  Foto: Scott A Garfitt \/ AP \/ NTB<\/p>\n<p class=\"_paragraph_o9xde_4 _paragraph_xtcu6_10 layout-component text-serif-m layout-normal text-serif-m layout-padded\">N\u00e5 reiser hun land og strand rundt for \u00e5 promotere \u00abAffeksjonsverdi\u00bb med Trier, Renate Reinsve, Stellan Skarsg\u00e5rd og Inga Ibsdotter Lilleaas. <\/p>\n<p class=\"_paragraph_o9xde_4 _paragraph_xtcu6_10 layout-component text-serif-m layout-normal text-serif-m layout-padded\">\u2013 \u00c5 gud, det er det beste. De er mine favorittfolk. Vi er et stort team som koser oss og har det morsomt. <\/p>\n<p class=\"_paragraph_o9xde_4 _paragraph_xtcu6_10 layout-component text-serif-m layout-normal text-serif-m layout-padded\">I \u00abAffeksjonsverdi\u00bb-land er det ikke bare Fanning som sp\u00e5s Oscar-suksess, filmen scorer h\u00f8yt p\u00e5 flere lister og <a href=\"https:\/\/www.vg.no\/rampelys\/i\/wgw8Lo\/spaar-norsk-oscar-rekord\" data-track-element-type=\"Link\" data-track-id=\"link:wgw8Lo\" class=\"_link_o9xde_39\" rel=\"nofollow noopener\" target=\"_blank\">forutses \u00e5 sl\u00e5 norsk Oscar-rekord<\/a>. <\/p>\n<p class=\"_paragraph_o9xde_4 _paragraph_xtcu6_10 layout-component text-serif-m layout-normal text-serif-m layout-padded\">Den ble ogs\u00e5 <a href=\"https:\/\/www.vg.no\/rampelys\/i\/bm9Mvd\/joachim-trier-film-nominert-til-britisk-filmpris\" data-track-element-type=\"Link\" data-track-id=\"link:bm9Mvd\" class=\"_link_o9xde_39\" rel=\"nofollow noopener\" target=\"_blank\">nylig \u00e5 finne<\/a> blant de internasjonale filmene nominert til British International Film Awards.<\/p>\n<p class=\"_paragraph_o9xde_4 _paragraph_xtcu6_10 layout-component text-serif-m layout-normal text-serif-m layout-padded\">Fanning forteller at filmen hun n\u00e5 er aktuell med, \u00abPredator: Badlands\u00bb, faktisk ble spilt inn f\u00f8r \u00abAffeksjonsverdi\u00bb. Men veldig tett p\u00e5. <\/p>\n<p class=\"_paragraph_o9xde_4 _paragraph_xtcu6_10 layout-component text-serif-m layout-normal text-serif-m layout-padded\">\u2013 Jeg dro rett fra innspillingen av \u00abPredator\u00bb til \u00abAffeksjonsverdi\u00bb, uten en eneste fridag imellom. <\/p>\n<p class=\"_paragraph_o9xde_4 _paragraph_xtcu6_10 layout-component text-serif-m layout-normal text-serif-m layout-padded\">Det innebar en reise fra New Zealand til Norge.<\/p>\n<p class=\"_paragraph_o9xde_4 _paragraph_xtcu6_10 layout-component text-serif-m layout-normal text-serif-m layout-padded\">\u2013 Det var langt, ja. Men innmari vakre steder begge to, sier Fanning forn\u00f8yd. <\/p>\n<p> <img alt=\"KINOAKTUELL: Elle Fanning og Dimitrius Schuster-Koloamatangi. Sistnevnte ugjenkjennelig som Predator.   Foto: AP \/ NTB\" class=\"_image_qp4xg_65 layout-component layout-normal\" data-fullscreen- data-track-element-type=\"Article image fullscreen\" data-track-name=\"ImageFullscreen\" decoding=\"async\" loading=\"lazy\" height=\"1714\" itemprop=\"image\"  src=\"https:\/\/www.europesays.com\/no\/wp-content\/uploads\/2025\/11\/738d8768-88d7-403b-a162-c53653a46267\"  style=\"object-position:0% 0%\" width=\"3140\"\/>KINOAKTUELL: Elle Fanning og Dimitrius Schuster-Koloamatangi. Sistnevnte ugjenkjennelig som Predator.   Foto: AP \/ NTB<\/p>\n<p class=\"_paragraph_o9xde_4 _paragraph_xtcu6_10 layout-component text-serif-m layout-normal text-serif-m layout-padded\">I \u00abPredator: Badlands\u00bb spiller hun en syntetisk androide som ender opp med \u00e5 samarbeide med en ung Predator som er kastet ut av klanen sin. Det er den \u00e5ttende filmen i \u00abPredator\u00bb-universet, om man ikke regner med animasjonsfilmen \u00abPredator: Killer of Killers\u00bb p\u00e5 Netflix. <\/p>\n<p class=\"_paragraph_o9xde_4 _paragraph_xtcu6_10 layout-component text-serif-m layout-normal text-serif-m layout-padded\">\u00abPredator: Badlands\u00bb har norsk kinopremiere 7. november.<\/p>\n<p class=\"_paragraph_o9xde_4 _paragraph_xtcu6_10 layout-component text-serif-m layout-normal text-serif-m layout-padded\"><strong class=\"_strong_o9xde_25\">Se flere saker fra film- og serieverdenen: <\/strong><\/p>\n","protected":false},"excerpt":{"rendered":"Elle Fanning (27) sp\u00e5s sin f\u00f8rste Oscar-nominasjon for innsatsen i \u00abAffeksjonsverdi\u00bb. GLADLAKS: Elle Fanning varter opp med sitt&hellip;\n","protected":false},"author":2,"featured_media":80162,"comment_status":"","ping_status":"","sticky":false,"template":"","format":"standard","meta":{"footnotes":""},"categories":[58],"tags":[3317,71,3245,460,3244,30,28,29,1052,10904,3242,72],"class_list":{"0":"post-80161","1":"post","2":"type-post","3":"status-publish","4":"format-standard","5":"has-post-thumbnail","7":"category-underholdning","8":"tag-elle-fanning","9":"tag-entertainment","10":"tag-eskil-vogt","11":"tag-film","12":"tag-joachim-trier","13":"tag-no","14":"tag-norge","15":"tag-norway","16":"tag-oscar","17":"tag-predator","18":"tag-stellan-skarsgard","19":"tag-underholdning"},"share_on_mastodon":{"url":"https:\/\/pubeurope.com\/@no\/115503417659867034","error":""},"_links":{"self":[{"href":"https:\/\/www.europesays.com\/no\/wp-json\/wp\/v2\/posts\/80161","targetHints":{"allow":["GET"]}}],"collection":[{"href":"https:\/\/www.europesays.com\/no\/wp-json\/wp\/v2\/posts"}],"about":[{"href":"https:\/\/www.europesays.com\/no\/wp-json\/wp\/v2\/types\/post"}],"author":[{"embeddable":true,"href":"https:\/\/www.europesays.com\/no\/wp-json\/wp\/v2\/users\/2"}],"replies":[{"embeddable":true,"href":"https:\/\/www.europesays.com\/no\/wp-json\/wp\/v2\/comments?post=80161"}],"version-history":[{"count":0,"href":"https:\/\/www.europesays.com\/no\/wp-json\/wp\/v2\/posts\/80161\/revisions"}],"wp:featuredmedia":[{"embeddable":true,"href":"https:\/\/www.europesays.com\/no\/wp-json\/wp\/v2\/media\/80162"}],"wp:attachment":[{"href":"https:\/\/www.europesays.com\/no\/wp-json\/wp\/v2\/media?parent=80161"}],"wp:term":[{"taxonomy":"category","embeddable":true,"href":"https:\/\/www.europesays.com\/no\/wp-json\/wp\/v2\/categories?post=80161"},{"taxonomy":"post_tag","embeddable":true,"href":"https:\/\/www.europesays.com\/no\/wp-json\/wp\/v2\/tags?post=80161"}],"curies":[{"name":"wp","href":"https:\/\/api.w.org\/{rel}","templated":true}]}}