{"id":80171,"date":"2025-11-06T15:26:41","date_gmt":"2025-11-06T15:26:41","guid":{"rendered":"https:\/\/www.europesays.com\/no\/80171\/"},"modified":"2025-11-06T15:26:41","modified_gmt":"2025-11-06T15:26:41","slug":"dette-er-den-splitter-nye-gymkhana-bilen-til-travis-pastrana","status":"publish","type":"post","link":"https:\/\/www.europesays.com\/no\/80171\/","title":{"rendered":"Dette er den splitter nye Gymkhana-bilen til Travis Pastrana &#8211;"},"content":{"rendered":"<p>Vi husker alle Travis Pastranas fantastisk spr\u00f8 Subaru Huckster, bilen han kj\u00f8rte under fjor\u00e5rets ber\u00f8mte Gymkhana-fors\u00f8k der han hadde til hensikt \u00e5 bli den f\u00f8rste i verden til \u00e5 skli\/spinne 360 grader mens han var i luften, etter \u00e5 ha hoppet. Det gikk imidlertid ikke helt som det gamle motocross-ikonet hadde h\u00e5pet, og hans dyre Family Huckster ble forvandlet til gr\u00f8t. Det tok imidlertid ikke Travis lang tid \u00e5 lande p\u00e5 beina igjen, og under den p\u00e5g\u00e5ende SEMA 2025 i Las Vegas er han p\u00e5 plass med sin nye Gymkhana-bil, som igjen er en Subaru, betalt av Subaru USA og nok en gang bygget av VSC. Den nye bilen er basert p\u00e5 en gammel Subaru Brat, har en spesialbygd motor (to-liters bokser-fire med 670 hestekrefter), akkurat som chassiset.<\/p>\n<p><a href=\"https:\/\/www.motor1.com\/photos\/915451\/gymkhana-subaru-brataroo-9500-turbo\/#8300743_gymkhana-subaru-brat-brataroo-9500-turbo\" target=\"_blank\" rel=\"nofollow noopener\">Travis Pastrana p\u00e5 den nye bilen:<\/a><br \/>&laquo;Denne Brat&#8217;en er helt ute av kontroll, p\u00e5 best mulig m\u00e5te. Den har sjelen til en vintage Subaru med teknologien til \u00e5 gj\u00f8re ting ingen Gymkhana-bil noen gang har gjort. Hver eneste del av den er designet for \u00e5 t\u00e5le mye, fly stort og komme tilbake for mer. Det er uten tvil den spr\u00f8este Gymkhana-bilen vi noensinne har bygget.&raquo;<\/p>\n<p><img loading=\"lazy\" decoding=\"async\" id=\"img-1906203-4721083\" data-fullsize=\"\/media\/10\/thisisbrand_4721083b.jpg\" data-lazy=\"\" src=\"https:\/\/www.gamereactor.nohttps:\/\/www.gamereactor.no\/media\/10\/thisisbrand_4721083_650x.jpg\" width=\"650\" onclick=\"if (!window.__cfRLUnblockHandlers) return false; gallery_openmodal('1906203','4721083',false,'5011c560a9233c63cf0e6cb6d06cf22c');\" height=\"366\" alt=\"Dette er den splitter nye Gymkhana-bilen til Travis Pastrana\" class=\"rwd_col_content lazy\" data-cf-modified-9d852f6eac20f51088de8965-=\"\"\/><img loading=\"lazy\" decoding=\"async\" id=\"img-1906203-4721093\" data-fullsize=\"\/media\/10\/thisisbrand_4721093b.jpg\" data-lazy=\"\" src=\"https:\/\/www.gamereactor.nohttps:\/\/www.gamereactor.no\/media\/10\/thisisbrand_4721093_650x.jpg\" width=\"650\" onclick=\"if (!window.__cfRLUnblockHandlers) return false; gallery_openmodal('1906203','4721093',false,'5011c560a9233c63cf0e6cb6d06cf22c');\" height=\"366\" alt=\"Dette er den splitter nye Gymkhana-bilen til Travis Pastrana\" class=\"rwd_col_content lazy\" data-cf-modified-9d852f6eac20f51088de8965-=\"\"\/><img loading=\"lazy\" decoding=\"async\" id=\"img-1906203-4721103\" data-fullsize=\"\/media\/11\/thisisbrand_4721103b.png\" data-lazy=\"\" src=\"https:\/\/www.gamereactor.nohttps:\/\/www.gamereactor.no\/media\/11\/thisisbrand_4721103_650x.png\" width=\"650\" onclick=\"if (!window.__cfRLUnblockHandlers) return false; gallery_openmodal('1906203','4721103',false,'5011c560a9233c63cf0e6cb6d06cf22c');\" height=\"461\" alt=\"Dette er den splitter nye Gymkhana-bilen til Travis Pastrana\" class=\"rwd_col_content lazy\" data-cf-modified-9d852f6eac20f51088de8965-=\"\"\/><img loading=\"lazy\" decoding=\"async\" id=\"img-1906203-4721113\" data-fullsize=\"\/media\/11\/thisisbrand_4721113b.png\" data-lazy=\"\" src=\"https:\/\/www.gamereactor.nohttps:\/\/www.gamereactor.no\/media\/11\/thisisbrand_4721113_650x.png\" width=\"650\" onclick=\"if (!window.__cfRLUnblockHandlers) return false; gallery_openmodal('1906203','4721113',false,'5011c560a9233c63cf0e6cb6d06cf22c');\" height=\"442\" alt=\"Dette er den splitter nye Gymkhana-bilen til Travis Pastrana\" class=\"rwd_col_content lazy\" data-cf-modified-9d852f6eac20f51088de8965-=\"\"\/>Dette er bilen den er basert p\u00e5&#8230;<\/p>\n","protected":false},"excerpt":{"rendered":"Vi husker alle Travis Pastranas fantastisk spr\u00f8 Subaru Huckster, bilen han kj\u00f8rte under fjor\u00e5rets ber\u00f8mte Gymkhana-fors\u00f8k der han&hellip;\n","protected":false},"author":2,"featured_media":80172,"comment_status":"","ping_status":"","sticky":false,"template":"","format":"standard","meta":{"footnotes":""},"categories":[57],"tags":[30,28,29,65,63,64,66,70,69,67,68],"class_list":{"0":"post-80171","1":"post","2":"type-post","3":"status-publish","4":"format-standard","5":"has-post-thumbnail","7":"category-vitenskap-og-teknologi","8":"tag-no","9":"tag-norge","10":"tag-norway","11":"tag-science","12":"tag-science-and-technology","13":"tag-scienceandtechnology","14":"tag-technology","15":"tag-teknologi","16":"tag-vitenskap","17":"tag-vitenskap-og-teknologi","18":"tag-vitenskapteknologi"},"share_on_mastodon":{"url":"https:\/\/pubeurope.com\/@no\/115503457559297024","error":""},"_links":{"self":[{"href":"https:\/\/www.europesays.com\/no\/wp-json\/wp\/v2\/posts\/80171","targetHints":{"allow":["GET"]}}],"collection":[{"href":"https:\/\/www.europesays.com\/no\/wp-json\/wp\/v2\/posts"}],"about":[{"href":"https:\/\/www.europesays.com\/no\/wp-json\/wp\/v2\/types\/post"}],"author":[{"embeddable":true,"href":"https:\/\/www.europesays.com\/no\/wp-json\/wp\/v2\/users\/2"}],"replies":[{"embeddable":true,"href":"https:\/\/www.europesays.com\/no\/wp-json\/wp\/v2\/comments?post=80171"}],"version-history":[{"count":0,"href":"https:\/\/www.europesays.com\/no\/wp-json\/wp\/v2\/posts\/80171\/revisions"}],"wp:featuredmedia":[{"embeddable":true,"href":"https:\/\/www.europesays.com\/no\/wp-json\/wp\/v2\/media\/80172"}],"wp:attachment":[{"href":"https:\/\/www.europesays.com\/no\/wp-json\/wp\/v2\/media?parent=80171"}],"wp:term":[{"taxonomy":"category","embeddable":true,"href":"https:\/\/www.europesays.com\/no\/wp-json\/wp\/v2\/categories?post=80171"},{"taxonomy":"post_tag","embeddable":true,"href":"https:\/\/www.europesays.com\/no\/wp-json\/wp\/v2\/tags?post=80171"}],"curies":[{"name":"wp","href":"https:\/\/api.w.org\/{rel}","templated":true}]}}