{"id":80173,"date":"2025-11-06T15:27:32","date_gmt":"2025-11-06T15:27:32","guid":{"rendered":"https:\/\/www.europesays.com\/no\/80173\/"},"modified":"2025-11-06T15:27:32","modified_gmt":"2025-11-06T15:27:32","slug":"elbil24-har-kjort-mgs-model-y-rival","status":"publish","type":"post","link":"https:\/\/www.europesays.com\/no\/80173\/","title":{"rendered":"Elbil24 har kj\u00f8rt MGs Model Y-rival:"},"content":{"rendered":"<p>(Elbil24): &#8211; Vi vil p\u00e5st\u00e5 at dette er mye bil for pengene, sier kommersiell direkt\u00f8r Dag Asbj\u00f8rnsen i MG-import\u00f8ren Norwegian Mobility Group om nykommeren IM6.<\/p>\n<p>Endelig er MG aktuelle med en SUV i mellomklassen i Norge, et segment som dominerer i Norge &#8211; med Tesla Model Y i spissen. Nye IM6 er riktignok noe st\u00f8rre enn bestselgeren, men Asbj\u00f8rnsen legger ikke skjul p\u00e5 at det er nettopp Model Y de sammenlikner seg med.<\/p>\n<p>Det skal vanskelig gj\u00f8res \u00e5 vippe Model Y av tronen, og det er heller ikke ambisjonen til MG. M\u00e5let er \u00e5 vise norske kunder at det finnes andre &#8211; og bedre, if\u00f8lge MG &#8211; alternativer til Model Y.<\/p>\n<p>&#8211; Vi har noe Tesla ikke har, sier Asbj\u00f8rnsen. Vi kommer tilbake til dette om litt.<\/p>\n<p>Her er MG IM6\t<\/p>\n<p>MGs nye SUV m\u00e5ler 4,9 meter i lengden og kommer med brutto batteripakke p\u00e5 100 kWh (96,5 kWh netto).<\/p>\n<p>IM6 er tilgjengelig b\u00e5de med bakhjulsdrift og firehjulsdrift, og kommer i totalt tre versjoner; bakhjulsdreven, firehjulsdreven og firehjulsdreven med luftfj\u00e6ring.<\/p>\n<p>V\u00e5r testbil for anledningen er den firehjulsdrevne utgaven. Den kommer med hele 751 hestekrefter og et dreiemoment p\u00e5 802 Nm. Det skal gi en akselerasjon fra 0-100 km\/t p\u00e5 imponerende 3,5 sekunder og en toppfart p\u00e5 239 km\/t. Det skal med andre ord ikke st\u00e5 p\u00e5 kreftene i MGs nykommer.<\/p>\n<p>I tillegg fremst\u00e5r SUV-en romslig og komfortabel, s\u00e5 vi gleder oss til \u00e5 starte pr\u00f8vekj\u00f8ringen.<\/p>\n<ul>\n<li class=\"lab-bodytext-line\">Bla videre i galleriet for flere eksteri\u00f8rbilder av IM6:<\/li>\n<\/ul>\n<p>Myke materialer\t<\/p>\n<p>Vi finner oss til rette i f\u00f8rersetet p\u00e5 IM6 og stiller inn b\u00e5de ratt og sete elektronisk. Med 13 grader i lufta er det ikke behov for verken varme eller ventilasjon i setet, men vi noterer at forsetene kommer med begge deler. Varme i ratt og baksete er ogs\u00e5 tilgjengelig, og sitter du foran kan du nyte\u00a0en massasjefunksjon som faktisk er overraskende god.<\/p>\n<p>F\u00f8rermilj\u00f8et er romslig og behagelig og f\u00f8lelsen av plass forsterkes av panoramaglasstaket over oss.\u00a0IM6 kommer n\u00e6r fullutstyrt og det er kun lakk, hengerfeste og vinterhjul som kan velges som tillegg. Det betyr at glasstaket er en del av standardutstyret.<\/p>\n<p>MG har kledd interi\u00f8ret i myke, gode materialer og brukt minimalt med hardplast, noe vi setter pris p\u00e5. Midtkonsollen er praktisk med to koppholdere, klimatisert oppbevaringsrom og ladeplate, men vi skulle \u00f8nske at MG fant plass til to ladeplater ved siden av hverandre:<\/p>\n<p>          <img loading=\"lazy\" decoding=\"async\" src=\"https:\/\/www.europesays.com\/no\/wp-content\/uploads\/2025\/11\/83815712.webp\" width=\"686\" height=\"440\" title=\"Foto: Steinar Andr\u00e9 Danielsen.\" alt=\"\" class=\"\" style=\"--aspect-ratio-image: 1.56; \"\/><\/p>\n<p>\n          Foto: Steinar Andr\u00e9 Danielsen.\n      <\/p>\n<p>Skjerm p\u00e5 skjerm\t<\/p>\n<p>Manko p\u00e5 skjerm er det imidlertid ikke. MG har satt inn en todelt skjermplanke p\u00e5 26,3 tommer, der den ene delen fungerer som f\u00f8rerdisplay og den andre som underholdningsskjerm. F\u00f8rerdisplayet viser n\u00f8dvendig kj\u00f8redata og den slags, mens h\u00f8yre del av skjermplanken viser navigasjon, mediespiller, apper som Youtube, TikTok og liknende. Her vises ogs\u00e5 Apple Carplay og Android Auto.<\/p>\n<p>I tillegg er det plassert en 10,5 tommer stor ber\u00f8ringsskjerm i \u00f8vre del av midtkonsollen. Her finnes innstillinger for kontroller, lys, seter, klimaanlegg, kj\u00f8remoduser, f\u00f8rerst\u00f8tte osv. Menyen er oversiktlig og fin og man\u00f8vreringen enkel og intuitiv.<\/p>\n<p>N\u00e5r det er sagt, opplever vi at skjermen er uvant lavt plassert. Dette gj\u00f8r at man m\u00e5 ta blikket tydelig vekk fra veien n\u00e5r justeringer gj\u00f8res. Forh\u00e5pentligvis en tilvenningssak, men undertegnede er ikke helt overbevist.<\/p>\n<p>Overbevist er vi derimot av setene, som er gode \u00e5 sitte i. Pluss ogs\u00e5 for forlenget sittepute i de to forsetene. Videre kan man sette stemningen i kupeen med egne tema og ambient belysning i alle mulige farger.<\/p>\n<p>Firehjulsstyring og luftfj\u00e6ring\t<\/p>\n<p>Vi kj\u00f8rer ut fra parkeringen og legger umiddelbart merke til den gode svingradiusen. MG IM6 kommer faktisk med firehjulsstyring som standard, noe som er imponerende for en bil med startpris under 500.000 kroner. MG oppgir at svingdiamteren er p\u00e5 lave 10,18 meter, noe som er veldig bra for en 4,9 meter lang bil.<\/p>\n<p>Firehjulsstyringen er ogs\u00e5 ett av to elementer Asbj\u00f8rnsen viser til som noe nye IM6 har &#8211; og som Model Y mangler. Det andre er luftfj\u00e6ring, som alts\u00e5 er p\u00e5 plass i toppmodellen.<\/p>\n<p>Dessverre var ikke IM6 med luftfj\u00e6ring tilgjengelig for pr\u00f8vekj\u00f8ring denne gang, men mange \u00f8nsker luftfj\u00e6ring i bilene sine. Luftfj\u00e6ring gir bedre komfort, demper ujevnheter i veien p\u00e5 en bedre m\u00e5te og gir mulighet for \u00e5 endre bakkeklaring ut fra forholdene &#8211; for \u00e5 nevne noe. Vi gleder oss til \u00e5 teste IM6 med luftfj\u00e6ring om ikke lenge.<\/p>\n<p>Vel ute p\u00e5 veien merker vi de kraftige ytelsene. Vi har riktignok ikke anledning til \u00e5 teste toppfarten p\u00e5 norske veier, men du verden som bilen akselerer der vi kj\u00f8rer av p\u00e5 og E6 i nordg\u00e5ende retning. P\u00e5 motorveien har vi god nytte av cruisekontrollen, som er enkel og presis i bruk, der hastighet og avstand til bilene foran justeres med egne hendler bak rattet.<\/p>\n<p>    <a itemprop=\"url\" href=\"https:\/\/www.elbil24.no\/pro\/kia-ev6-gt-moter-tesla-model-3-performance\/83597681\" rel=\"nofollow noopener\" target=\"_blank\"><\/p>\n<p>      <img loading=\"lazy\" decoding=\"async\" src=\"https:\/\/www.europesays.com\/no\/wp-content\/uploads\/2025\/11\/83597692.webp\" width=\"147\" height=\"98\" title=\"DUELL: To hissige familiebiler\" alt=\"\" class=\"lazyload\" style=\"--aspect-ratio-image: 1.50; \"\/><\/p>\n<p>        DUELL: To hissige familiebiler<\/p>\n<p>    <\/a><\/p>\n<p>Stilleg\u00e5ende\t<\/p>\n<p>Rattet er utstyrt med kun to knappehjul. Disse kan rulles opp og ned og dyttes til h\u00f8yre og venstre. Den venstre styrer mediespilleren og volum, mens den h\u00f8yre har flere funksjoner. Trykker du den inn, finner du din egen snarvei &#8211; i v\u00e5rt tilfelle til ADAS-innstillingene. Her kan man enkelt skru av hastighetsvarsel, justere filassistenten og den slags. Ruller du knappen opp, f\u00e5r du tilgang til kameraet som viser trafikken bak deg.<\/p>\n<p>Etter halvveis kj\u00f8retur legger vi ut p\u00e5 landeveien. IM6 imponerer i krappe svinger og ligger godt p\u00e5 veien. Fem ulike kj\u00f8remoduser er tilgjengelig; Komfort, Eco, Sport, Sn\u00f8 og \u00e9n man kan tilpasse selv.<\/p>\n<p>Vi har ikke nevnt st\u00f8yniv\u00e5et om bord, men det er behagelig lavt. MG trekker selv frem dobbelt lydisolert glass og st\u00f8ydempingen kalt RNC &#8211; eller road noise cancelling. Ellers oppleves det premium lydanlegget veldig bra, med\u00a020-h\u00f8yttalere og klar lyd.<\/p>\n<p>Smarte funksjoner\t<\/p>\n<p>Underveis i kj\u00f8returen regner det tidvis ganske mye, s\u00e5 vi f\u00e5r god anledning til \u00e5 teste MGs Rainy Night-funksjon. Kort oppsummert tar teknologien i bruk videobilder fra A-stolpen, sidekameraet og kameraet bak og viser direktebilder p\u00e5 hver side av skjermplanken. P\u00e5 den m\u00e5ten har man full oversikt over hva som foreg\u00e5r bak bilen selv under vanskelige forhold.<\/p>\n<p>          <img loading=\"lazy\" decoding=\"async\" src=\"https:\/\/www.europesays.com\/no\/wp-content\/uploads\/2025\/11\/83816648.webp\" width=\"686\" height=\"392\" title=\"Med Rainy Night-funksjonen aktiv vises direktebilder av bilens bakside p\u00e5 skjermen. Foto: Steinar Andr\u00e9 Danielsen.\" alt=\"\" class=\"\" style=\"--aspect-ratio-image: 1.75; \"\/><\/p>\n<p>\n          Med Rainy Night-funksjonen aktiv vises direktebilder av bilens bakside p\u00e5 skjermen. Foto: Steinar Andr\u00e9 Danielsen.\n      <\/p>\n<p>Vi aktiverte funksjonen manuelt med noen f\u00e5 tastetrykk, men den kan ogs\u00e5 stilles inn for \u00e5 aktiveres automatisk ved oppvarming av bakrute eller avdugging av frontrute.<\/p>\n<p>MGs IM-navn st\u00e5r passende nok for Intelligence in Motion.\u00a0\u00a0<\/p>\n<p>Tilbake etter endt kj\u00f8retur skal vi parkere p\u00e5 en ledig plass mellom \u00f8vrige parkerte biler, en ypperlig anledning til \u00e5 teste parkeringsassistenten. Den overtar kontrollen over bilen og rygger elegant inn p\u00e5 den valgte parkeringsplassen. Ikke annet enn imponerende!<\/p>\n<p>Bagasjerom og plass\t<\/p>\n<p>Turen i f\u00f8rersetet har v\u00e6rt en behagelig reise, men hva med den \u00f8vrige plassen? Den lange akselavstanden p\u00e5 2,95 meter gir bra innvendig plass og gode muligheter for \u00e5 trives i baksetet. Her kan man dessuten justere vinkelen p\u00e5 bakseteryggene for \u00e5 finne en optimal sittestilling. MG har imidlertid ikke funnet plass til en egen skjerm for passasjerene bak, slik vi kjenner fra nevnte Model Y.<\/p>\n<p>Her er det heller ikke mulig \u00e5 legge ned midterste baksete, og ikke funnet plass til skiluke. Dermed blir det vanskeligere \u00e5 frakte lange gjenstander som for eksempel ski p\u00e5 innsiden av bilen. Om ett sete m\u00e5 legges ned for ekstra bagasjeplass, blir det mindre komfortabelt \u00e5 reise fire voksne p\u00e5 tur. Og det kan bli aktuelt, for IM6 kan ikke ha taklast.<\/p>\n<p>Bagasjeplassen er det heldigvis lite \u00e5 si p\u00e5. Bagasjevolumet oppgis \u00e5 v\u00e6re p\u00e5 665 liter (646 med luftfj\u00e6ring), og foran finnes en praktisk frunk p\u00e5 32 liter. Under bagasjeromsgulvet er det en romslig br\u00f8nn med plass til ladekabler, b\u00e6reposer osv.<\/p>\n<p>Nyttelasten er imidlertid ikke den st\u00f8rste: 376 kilo i tillegg til en sj\u00e5f\u00f8r p\u00e5 75 kilo. Skal du trekke lasten, har MG IM6 en maksimal tillatt hengervekt p\u00e5 1500 kilo.<\/p>\n<ul>\n<li class=\"lab-bodytext-line\">Bla videre i galleriet for bilder av bagasjerom og baksete:<\/li>\n<\/ul>\n<p>Rekkevidde og lading\t<\/p>\n<p>MG IM6 med firehjulsdrift kommer med en oppgitt WLTP-rekkevidde p\u00e5 505 kilometer. Det er ikke best i klassen, og noe lavere enn forventet gitt det store batteriet. Samtidig er bilen stor og ikke den mest aerodynamiske, noe som gjenspeiles i et oppgitt forbruk p\u00e5 23,4 kWh\/100 km.<\/p>\n<p>50 mil rekkevidde er imidlertid nok for de fleste i hverdagen, og de gangene hurtiglading blir n\u00f8dvendig, skal det ikke st\u00e5 p\u00e5 MG.\u00a0Med 800V-ladestruktur ligger forholdene til rette for effektive ladestopp p\u00e5 langturene.<\/p>\n<p>MG oppgir en maksimal ladeeffekt p\u00e5 hele 396 kW og at lade\u00f8kta fra 10-80 prosent gj\u00f8res unna p\u00e5 17 minutter i optimale forhold.<\/p>\n<p>Vi gleder oss til \u00e5 teste dette i praksis om litt.<\/p>\n<p>Pris, garanti og konkurrenter\t<\/p>\n<p>Nye MG IM6 har f\u00e5tt en startpris p\u00e5 489.900 kroner, da som bakhjulsdreven utgave. V\u00e5r testbil for anledningen er den firehjulsdrevne, som koster fra 534.900 kroner. Som nevnt tidligere er det kun lakk, hengerfeste og vinterhjul som koster ekstra &#8211; i tillegg til at man betaler 35.000 kroner for luftfj\u00e6ring ved \u00e5 g\u00e5 for topputgaven. IM6 med firehjulsdrift og luftfj\u00e6ring koster med andre 569.900 kroner, og det er kun luftfj\u00e6ringen og 21-tommere som skiller den fra vanlig firehjulsdrift-utgave.<\/p>\n<p>Prisene for nye IM6 er attraktive og gj\u00f8r SUV-en til et veldig spennende valg. Ettersom MG ser til Tesla, kan vi ta en titt p\u00e5 prisen for Model Y Premium med firehjulsdrift: 535.813 kroner.<\/p>\n<p>Med IM6 er b\u00e5de bil og forbruk st\u00f8rre, og rekkevidden om lag 10 mil kortere. Til gjengjeld f\u00e5r man firehjulsstyring, automatisk parkering, bedre komfort &#8211; og luftfj\u00e6ring mot et tillegg i prisen p\u00e5 35.000 kroner.<\/p>\n<p>Ellers kommer MG IM6 med lang garanti p\u00e5 7 \u00e5r \/ 150.000 km for b\u00e5de bil og batteri, noe som vil v\u00e6re attraktivt for flere.<\/p>\n<p>Med Model Y i tankene er modeller som Xpeng G6, Smart #5, BYD Sealion 7 og Toyota bZ4X aktuelle konkurrenter. IM6 er imidlertid b\u00e5de 15 og 20 cm lengre enn flere av disse, s\u00e5 st\u00f8rrelsesmessig er BMW iX, BYD Tang og Xpeng G9 mer i samme gate &#8211; uten sammenlikning for \u00f8vrig.<\/p>\n<p>Nye IM6 er et friskt pust p\u00e5 tampen av \u00e5ret, og MGs ambisjon er \u00e5 markere seg p\u00e5 salgslistene de siste m\u00e5nedene av 2025 &#8211; og ikke minst i 2026.\u00a0<\/p>\n","protected":false},"excerpt":{"rendered":"(Elbil24): &#8211; Vi vil p\u00e5st\u00e5 at dette er mye bil for pengene, sier kommersiell direkt\u00f8r Dag Asbj\u00f8rnsen i&hellip;\n","protected":false},"author":2,"featured_media":80174,"comment_status":"","ping_status":"","sticky":false,"template":"","format":"standard","meta":{"footnotes":""},"categories":[56],"tags":[60,61,267,10906,10905,62,30,28,29,14,904,3365,3532],"class_list":{"0":"post-80173","1":"post","2":"type-post","3":"status-publish","4":"format-standard","5":"has-post-thumbnail","7":"category-naeringsliv","8":"tag-business","9":"tag-economy","10":"tag-elbil","11":"tag-mg","12":"tag-mg-im6","13":"tag-naeringsliv","14":"tag-no","15":"tag-norge","16":"tag-norway","17":"tag-nyheter","18":"tag-pris","19":"tag-rekkevidde","20":"tag-suv"},"share_on_mastodon":{"url":"https:\/\/pubeurope.com\/@no\/115503461358575310","error":""},"_links":{"self":[{"href":"https:\/\/www.europesays.com\/no\/wp-json\/wp\/v2\/posts\/80173","targetHints":{"allow":["GET"]}}],"collection":[{"href":"https:\/\/www.europesays.com\/no\/wp-json\/wp\/v2\/posts"}],"about":[{"href":"https:\/\/www.europesays.com\/no\/wp-json\/wp\/v2\/types\/post"}],"author":[{"embeddable":true,"href":"https:\/\/www.europesays.com\/no\/wp-json\/wp\/v2\/users\/2"}],"replies":[{"embeddable":true,"href":"https:\/\/www.europesays.com\/no\/wp-json\/wp\/v2\/comments?post=80173"}],"version-history":[{"count":0,"href":"https:\/\/www.europesays.com\/no\/wp-json\/wp\/v2\/posts\/80173\/revisions"}],"wp:featuredmedia":[{"embeddable":true,"href":"https:\/\/www.europesays.com\/no\/wp-json\/wp\/v2\/media\/80174"}],"wp:attachment":[{"href":"https:\/\/www.europesays.com\/no\/wp-json\/wp\/v2\/media?parent=80173"}],"wp:term":[{"taxonomy":"category","embeddable":true,"href":"https:\/\/www.europesays.com\/no\/wp-json\/wp\/v2\/categories?post=80173"},{"taxonomy":"post_tag","embeddable":true,"href":"https:\/\/www.europesays.com\/no\/wp-json\/wp\/v2\/tags?post=80173"}],"curies":[{"name":"wp","href":"https:\/\/api.w.org\/{rel}","templated":true}]}}