{"id":80193,"date":"2025-11-06T15:46:12","date_gmt":"2025-11-06T15:46:12","guid":{"rendered":"https:\/\/www.europesays.com\/no\/80193\/"},"modified":"2025-11-06T15:46:12","modified_gmt":"2025-11-06T15:46:12","slug":"blodpropp-bergen-legevakt-linea-14-dode-etter-a-ha-oppsokt-legevakten-to-ganger-sa-det-var-et-panikkanfall","status":"publish","type":"post","link":"https:\/\/www.europesays.com\/no\/80193\/","title":{"rendered":"Blodpropp, Bergen legevakt | Linea (14) d\u00f8de etter \u00e5 ha opps\u00f8kt legevakten to ganger: \u2013 Sa det var et panikkanfall"},"content":{"rendered":"\n<p>\u2013 Det er forferdelig at legevakten avviste oss og hengte seg opp i angsten. Linea kunne v\u00e6rt reddet dersom hun fikk behandling, sier mamma Sarah Solheim Hjortland og pappa Tommy Hjortland.<\/p>\n<p>Den 30. september fikk de budskapet om at legene ikke kunne gj\u00f8re mer for datteren deres Linea Solheim Hjortland (14).<\/p>\n<p><b>\u2013 Hun hadde hatt hjertestans i 50 minutter. Legene sa at skaden p\u00e5 hjernen var for stor, det var dessverre ikke overlevelsesmulighet, sier moren. <\/b><\/p>\n<p>   <img decoding=\"async\" width=\"8256\" height=\"5504\" fetchpriority=\"low\"  loading=\"lazy\"  src=\"https:\/\/www.europesays.com\/no\/wp-content\/uploads\/2025\/11\/EH8_4618_Redigert.JPG\" alt=\"\" class=\"brick-c-cFOWSL\" style=\"--brick-image-ratio: 8256 \/ 5504;\"\/><\/p>\n<p>      Sarah Solheim Hjortland og Tommy Hjortland mener Bergen legevakt sviktet da de mistet datteren Linea.<br \/>\n      Foto: EIRIK HAGES\u00c6TER\n    <\/p>\n<p>Statsforvalteren i Vestland har startet tilsyn med Bergen legevakt, involvert helsepersonell og leger p\u00e5 fastlegekontoret.<\/p>\n<p>  <a href=\"https:\/\/www.ba.no\/5-8-3210284\" class=\"related-teaser has-image default-story-teaser article--c-eRUmMG article--c-eRUmMG-jKCPdD-design-default\" rel=\"nofollow noopener\" target=\"_blank\"><\/p>\n<p>    <img decoding=\"async\" loading=\"lazy\"  src=\"https:\/\/www.europesays.com\/no\/wp-content\/uploads\/2025\/11\/1762443970_878_Kutt_legevakten_250926_0179_Foto-LarsKristianSteenFluge.jpg\" alt=\"\" class=\"brick-c-cFOWSL\" style=\"\"\/><\/p>\n<p>\n            Les ogs\u00e5<\/p>\n<p>              Linea (14) d\u00f8de. N\u00e5 har Statsforvalteren \u00e5pnet tilsyn med Bergen legevakt.\n        <\/p>\n<p>  <\/a><\/p>\n<p>Tilsynssaken er ikke avgjort og BA har ikke f\u00e5tt innsyn i varslet som er grunnlaget for tilsynet.<\/p>\n<p>\u2013 Fikk beskjed om at det var angst<\/p>\n<p>Linea var en rolig jente som gikk i 9. klasse p\u00e5 Kj\u00f8kkelvik skole og hadde mange venner, forteller moren.<\/p>\n<p>Fra sjette klasse strevde hun med angst og fikk mer og mer skolefrav\u00e6r.<\/p>\n<p>\u2013 Da angsten ble verre, ble hun utredet ved Barne- og ungdomspsykiatrisk klinikk (BUP) og fikk angstmedisiner, forteller mor.<\/p>\n<p><b>Men da Linea var ute p\u00e5 tur den 13. september og hadde s\u00e5 tung pust at hun m\u00e5tte sette seg ned fire ganger, reagerte moren.<\/b><\/p>\n<p>\u2013 En 14-\u00e5ring kan v\u00e6re lat, men s\u00e5nn skal det ikke v\u00e6re, sier Sarah.<\/p>\n<p>   <img decoding=\"async\" width=\"720\" height=\"890\" fetchpriority=\"low\"  loading=\"lazy\"  src=\"https:\/\/www.europesays.com\/no\/wp-content\/uploads\/2025\/11\/Resized_Resized_image0000021_1762414569163_1762414877814.jpg\" alt=\"\" class=\"brick-c-cFOWSL\" style=\"--brick-image-ratio: 720 \/ 890;\"\/><\/p>\n<p>      Her er mamma Sarah Solheim Hjortland med Linea.<br \/>\n      Foto: PRIVAT\n    <\/p>\n<p>15. september kontaktet moren fastlegen f\u00f8rste gang og forklarte hva som hadde skjedd. Samme dag fikk hun en akuttime.<\/p>\n<p>If\u00f8lge mor mente fastlegen at pusteproblemene var relatert til angsten og unders\u00f8kte henne derfor ikke.<\/p>\n<p><b>\u2013 Vi ble sendt hjem med beskjed om at det var angst, sier mor.<\/b><\/p>\n<p>Dagene gikk. Lineas pust ble d\u00e5rligere.<\/p>\n<p>Fredag 26. september kontaktet foreldrene fastlegen igjen og Linea fikk komme til en vikar for fastlegene samme dag.<\/p>\n<p>\u2013 Legen sjekket pusten hennes mens hun snakket, sjekket puls, lyttet til hjertet, tok blodtrykk, oksygenmetning og tok blodpr\u00f8ve, sier mor.<\/p>\n<p>Blodpr\u00f8ven fikk de ikke svar p\u00e5 da, men da andre pr\u00f8vene s\u00e5 fine ut if\u00f8lge legen, sier Sarah.<\/p>\n<p><b>\u2013 Igjen fikk vi beskjed om at det var angstrelatert.<\/b><\/p>\n<p>\u2013 Falt om<\/p>\n<p>Dagen etter, l\u00f8rdag 27. september, falt Linea om da hun skulle g\u00e5 en liten strekning hjemme, forteller mor.<\/p>\n<p><b>\u2013 Vi fikk ikke kontakt med henne og jeg ringte legevakten. Vi fikk beskjed om \u00e5 komme inn klokken 21. Jeg sa at hun var syk og ikke klarte \u00e5 g\u00e5 og m\u00e5tte legges inn.<\/b><\/p>\n<p>Foreldrene kj\u00f8rte Linea til d\u00f8ren p\u00e5 Bergen legevakt. Hun var s\u00e5 d\u00e5rlig at hun ble hentet inn i rullestol. Deretter ble de tatt inn til en liten sjekk av blodtrykk, temperatur og oksygenmetning, sier mor.<\/p>\n<p>Etter det fikk Linea en seng og de m\u00e5tte de vente i et krok i gangen som ikke var skjermet.<\/p>\n<p>Da legen kom, ble de ikke henvist til et rom, men spurt om hva som var problemet foran andre som var til stede, if\u00f8lge mor.<\/p>\n<p>\u2013 Legen p\u00e5pekte at Linea gikk p\u00e5 angstmedisin. Jeg gjentok at hun hadde pusteproblemer og m\u00e5tte legges inn. Legen unders\u00f8kte henne ikke i det hele tatt.<\/p>\n<p>I stedet ga legen, if\u00f8lge mor, Linea en beroligende pille og konfererte med Barne- og ungdomspsykiatrisk klinikk p\u00e5 Haukeland.<\/p>\n<p><b>\u2013 Hun ble ikke bedre av pillen, og jeg ba legen se p\u00e5 henne mens hun gikk. Han s\u00e5 at hun pustet tungt, men ba oss komme tilbake om hun ble verre. Han burde unders\u00f8kte henne da, sier Sarah.<\/b><\/p>\n<p>Fikk hjertestans p\u00e5 legevakten<\/p>\n<p>P\u00e5 kvelden s\u00f8ndag 28. september, etter en rolig dag, fortalte Linea moren at hun ikke klarte \u00e5 puste inn. Da ringte mor legevakten igjen og de fikk komme inn.<\/p>\n<p>Denne gangen ville Linea g\u00e5 inn p\u00e5 legevakten selv. Det gikk raskt, og idet hun satte seg ned fikk hun et nytt anfall der hun falt vekk, forteller mor.<\/p>\n<p><b>\u2013 Hun falt bakover over benken. Jeg ropte h\u00f8yt at hun har anfall. <\/b><\/p>\n<p>If\u00f8lge mor kom det da en person som s\u00e5 Linea, og s\u00e5 hentet en seng.<\/p>\n<p>\u2013 Hun hentet ikke en lege, men spurte om det var vanlig, hevder mor.<\/p>\n<p>   <img decoding=\"async\" width=\"5392\" height=\"3592\" fetchpriority=\"low\"  loading=\"lazy\"  src=\"https:\/\/www.europesays.com\/no\/wp-content\/uploads\/2025\/11\/EH9_0753_Redigert.JPG\" alt=\"\" class=\"brick-c-cFOWSL\" style=\"--brick-image-ratio: 5392 \/ 3592;\"\/><\/p>\n<p>      Sarah Solheim Hjortland fortalte deres side av det som skjedde f\u00f8r datteren Linea (14) d\u00f8de.<br \/>\n      Foto: EIRIK HAGES\u00c6TER\n    <\/p>\n<p>Linea kom seg opp i sengen og de ble henvist til et rom. Da Linea ble verre, ringte mor febrilsk i alarmsnoren. Etter en stund kom et team inn, forteller Sarah.<\/p>\n<p>\u2013 Da hev Linea etter pusten, var livredd i ansiktet og klam p\u00e5 ryggen.<\/p>\n<p>If\u00f8lge henne gikk ikke legen som kom inn bort til eller unders\u00f8kte Linea.<\/p>\n<p><b>\u2013 Legen sa: \u00abDette er et panikkanfall\u00bb, hevder mor.<\/b><\/p>\n<p>If\u00f8lge mor sto en person igjen og pr\u00f8vde \u00e5 roe ned Linea som hev etter pusten.<\/p>\n<p>\u2013 S\u00e5 s\u00e5 Linea p\u00e5 meg og svimte av med \u00e5pne \u00f8yne. Hjertet hennes hadde stanset, sier mor.<\/p>\n<p>N\u00e5 ble det febrilsk aktivitet inne p\u00e5 rommet. Leger og annet helsepersonell kom til og startet hjerte-lunge-redning.<\/p>\n<p>Store hjerneskader<\/p>\n<p>Linea ble fraktet opp til akuttmottaket p\u00e5 Haukeland. If\u00f8lge mor hadde hun fortsatt hjertestans da.<\/p>\n<p>P\u00e5 Haukeland mistenkte de raskt blodpropp i lungen og satte 14-\u00e5ringen p\u00e5 blodfortynnende og koblet henne til en som tar over pust- og hjertefunksjonen.<\/p>\n<p>Da hun var stabil nok, ble hun unders\u00f8kt i . Funnene var alvorlige.<\/p>\n<p><b>\u2013 De hadde funnet en blodpropp i Lineas lunge, men p\u00e5 grunn av 50 minutter med hjertestans var det stor skade p\u00e5 hjernen hennes, forteller mor. <\/b><\/p>\n<p>   <img decoding=\"async\" width=\"7847\" height=\"5179\" fetchpriority=\"low\"  loading=\"lazy\"  src=\"https:\/\/www.europesays.com\/no\/wp-content\/uploads\/2025\/11\/EH9_0835_Redigert.JPG\" alt=\"\" class=\"brick-c-cFOWSL\" style=\"--brick-image-ratio: 7847 \/ 5179;\"\/><\/p>\n<p>      Mamma Sarah Solheim Hjortland f\u00f8rte ordet da hun og pappa Tommy Hjortland delte historien om datteren Linea med pressen.<br \/>\n      Foto: EIRIK HAGES\u00c6TER\n    <\/p>\n<p>Fortsatt h\u00e5pet de at datteren skulle overleve.<\/p>\n<p>\u2013 Det var vondt \u00e5 se Linea ligger der med maskiner koblet p\u00e5 seg, men vi h\u00e5pet fortsatt \u00e5 f\u00e5 henne levende hjem selv om det kanskje ble med store endringer i livene v\u00e5re, sier Sarah.<\/p>\n<p>Slik ble det ikke.<\/p>\n<p><b>Etter en ny unders\u00f8kelse av hjernefunksjonen hennes 29. september, konstaterte legene at hjerneskaden ikke var forenelig med at hun kunne overleve.<\/b> <\/p>\n<p>            Blodpropp i lungen<\/p>\n<p>En blodpropp i lungene skyldes at en blodpropp som har dannet seg i en vene i beina eller bekkenet, har l\u00f8snet og fulgt blodstr\u00f8mmen opp til lungene. Der vil blodproppen kile seg fast.<\/p>\n<p>En del av blodet n\u00e5r dermed ikke frem til lungens luftbl\u00e6rer hvor det skulle tilf\u00f8res oksygen. Oksygentilf\u00f8rselen til blodet blir dermed d\u00e5rligere. <\/p>\n<p>Alvorlighetsgraden avgj\u00f8res av st\u00f8rrelsen p\u00e5 blod\u00e5ren som er blokkert.<\/p>\n<p>Vanlige symptomer p\u00e5 blodpropp i lungene er:<\/p>\n<ul>\n<li>Plutselige, skarpe brystsmerter som forverres ved dyp innpusting eller ved hoste. Kortpusthet er vanlig. Noen har kun beskjedne smerter, noen opplever sting i brystet.<\/li>\n<li>Hoste er vanlig og i enkelte tilfeller ogs\u00e5 feber. Blodig oppspytt ses i noen tilfeller.<\/li>\n<li>Hurtig puls er et tegn p\u00e5 nedsatt tilgang p\u00e5 oksygen. Og tilstanden kan utl\u00f8se betydelig angst og uro<\/li>\n<li>Sm\u00e5 blodpropper kan forekomme nesten helt uten symptomer<\/li>\n<\/ul>\n<p>\u00c5rlig f\u00e5r ca 4.500 personer lungeemboli i Norge. Det tilsvarer omtrent 85 nye pasienter hver uke \u00e5ret rundt.<\/p>\n<p>Flere forhold gj\u00f8r deg mer utsatt for \u00e5 utvikle lungeemboli, blant annet gir bruk av p-piller gir noe \u00f8kt risiko hos kvinner.<\/p>\n<p>Kilde: <a href=\"https:\/\/nhi.no\/sykdommer\/hjertekar\/blodproppsykdom\/blodpropp-i-lungene-lungeemboli\" target=\"_self\" rel=\"Follow nofollow noopener\">Norsk helseinformatikk<\/a><\/p>\n<p>  Ble organdonor<\/p>\n<p>Samtidig fikk foreldrene sp\u00f8rsm\u00e5l om de ville la Linea v\u00e6re organdonor.<\/p>\n<p>\u2013 De sa vi ja til med en gang, sier Sarah.<\/p>\n<p>Lineas hjernefunksjon ble unders\u00f8kt p\u00e5 nytt for \u00e5 sl\u00e5 fast at hun var hjerned\u00f8d, og det ble gjort flere unders\u00f8kelser i forbindelse med donasjonen.<\/p>\n<p>Tirsdag 30. september klokken 1537 ble Linea erkl\u00e6rt d\u00f8d, men l\u00e5 fortsatt p\u00e5 Ecmo-maskinen.<\/p>\n<p><b>\u2013 Lilles\u00f8steren, besteforeldre, venner og klassen til Linnea fikk komme p\u00e5 sykehuset og ta farvel med henne, forteller mor.<\/b><\/p>\n<p>   <img decoding=\"async\" width=\"8256\" height=\"5504\" fetchpriority=\"low\"  loading=\"lazy\"  src=\"https:\/\/www.europesays.com\/no\/wp-content\/uploads\/2025\/11\/EH9_0965_Redigert.JPG\" alt=\"\" class=\"brick-c-cFOWSL\" style=\"--brick-image-ratio: 8256 \/ 5504;\"\/><\/p>\n<p>      Sarah Solheim Hjortland og Tommy Hjortland hadde aldri tenkt p\u00e5 organdonasjon da de fikk sp\u00f8rsm\u00e5let om \u00e5 donere datterens organer, men sa ja umiddelbart.<br \/>\n      Foto: EIRIK HAGES\u00c6TER\n    <\/p>\n<p>Dagen etter ble lever, nyrer og deler av hjertet operert ut for \u00e5 doneres.<\/p>\n<p>\u2013 Det er fint \u00e5 tenke p\u00e5 at Linea kan hjelpe andre \u00e5 overleve n\u00e5r hun ikke kan bruke organene selv lenger, sier mor.<\/p>\n<p>Foreldrene fremhever at de er sv\u00e6rt forn\u00f8yd med m\u00e5ten Linea og de ble m\u00f8tt og ivaretatt p\u00e5 Haukeland.<\/p>\n<p><b>\u2013 Haukeland har v\u00e6rt ufattelig fantastiske, sier mor.<\/b><\/p>\n<p>Har politianmeldt legevakten<\/p>\n<p>Linea gikk i tillegg til angstmedisin p\u00e5 p-piller mot menssmerter. Dette ble det opplyst om p\u00e5 legevakten, forteller moren.<\/p>\n<p>P-piller som inneholder en kombinasjon av et \u00f8strogen og et progestogen \u00f8ker risikoen for \u00e5 f\u00e5 blodpropp, selv om risikoen <a rel=\"Follow nofollow noopener\" href=\"https:\/\/nhi.no\/familie\/seksualitet-og-prevensjon\/kombinasjons-p-pille-og-risiko-for-blodpropp\" target=\"_blank\">fortsatt er liten.<\/a><\/p>\n<p>\u2013 Legene har ikke sagt noe om det er en sammenheng mellom p-pillene og at Linea fikk blodpropp, sier mor.<\/p>\n<p>   <img decoding=\"async\" width=\"8256\" height=\"5504\" fetchpriority=\"low\"  loading=\"lazy\"  src=\"https:\/\/www.europesays.com\/no\/wp-content\/uploads\/2025\/11\/EH8_4438_Redigert.JPG\" alt=\"\" class=\"brick-c-cFOWSL\" style=\"--brick-image-ratio: 8256 \/ 5504;\"\/><\/p>\n<p>      Advokat Siren Preto bist\u00e5r Sarah Solheim Hjortland og Tommy HJortland.<br \/>\n      Foto: EIRIK HAGES\u00c6TER\n    <\/p>\n<p>Foreldrene har engasjert advokat Siren Preto i forbindelse med tilsynssaken etter datterens d\u00f8dsfall.<\/p>\n<p><b>Preto forteller at de har valgt \u00e5 politianmelde Bergen legevakt fordi de mener at Linea ikke fikk forsvarlig eller omsorgsfull helsehjelp i tr\u00e5d med helsepersonelloven.<\/b><\/p>\n<p>\u2013 N\u00e5r en ungdom med angst kommer inn til lege skal de ikke bare relatere det til angsten uten \u00e5 gj\u00f8re unders\u00f8kelser. Det er den store svikten, sier Preto og legger til:<\/p>\n<p>\u2013 Det b\u00f8r ringe varselbjeller n\u00e5r de kommer inn med Linea to ganger og hun f\u00e5r beroligende uten effekt.<\/p>\n<p>\u2013 For oss er det Bergen legevakt som har sviktet, legger mor til.<\/p>\n<p><b>Politiadvokat Trygve Ritland i Vest politidistrikt sier til BA at de enn\u00e5 ikke har besluttet om de skal etterforske saken.<\/b><\/p>\n<p>   <img decoding=\"async\" width=\"1002\" height=\"1170\" fetchpriority=\"low\"  loading=\"lazy\"  src=\"https:\/\/www.europesays.com\/no\/wp-content\/uploads\/2025\/11\/Resized_Resized_image0000011_1762414570107_1762414878061.jpg\" alt=\"\" class=\"brick-c-cFOWSL\" style=\"--brick-image-ratio: 1002 \/ 1170;\"\/><\/p>\n<p>      Linea med pappa Tommy Hjortland.<br \/>\n      Foto: PRIVAT\n    <\/p>\n<p>\u2013 F\u00f8r vi bestemmer oss m\u00e5 vi f\u00e5 en avklaring fra Statsforvalteren i Vestland, sier han.<\/p>\n<p>Sarah Solheim Hjortland og Tommy Hjortland forteller om det som skjedde med datteren fordi de ikke \u00f8nsker at noen andre skal oppleve noe lignende.<\/p>\n<p>\u2013 Derfor vil vi at svikten som skjedde skal frem og ut.<\/p>\n<p>Frem til n\u00e5 har foreldrene v\u00e6rt travelt opptatt med begravelse, minnestund og m\u00f8ter i forbindelse med tilsynssaken. F\u00f8rst n\u00e5 begynner det \u00e5 synke inn skikkelig at de har mistet datteren.<\/p>\n<p>Foreldrene forteller at det har v\u00e6rt forferdelig tungt \u00e5 miste datteren br\u00e5tt og uventet.<\/p>\n<p>   <img decoding=\"async\" width=\"8116\" height=\"5073\" fetchpriority=\"low\"  loading=\"lazy\"  src=\"https:\/\/www.europesays.com\/no\/wp-content\/uploads\/2025\/11\/EH9_1010_Redigert.JPG\" alt=\"\" class=\"brick-c-cFOWSL\" style=\"--brick-image-ratio: 8116 \/ 5073;\"\/><\/p>\n<p>      Sarah Solheim Hjortland og Tommy Hjortland forteller at de har f\u00e5tt god oppf\u00f8lging av kriseteamet til Bergen kommune.<br \/>\n      Foto: EIRIK HAGES\u00c6TER\n    <\/p>\n<p>\u2013 Vi kan ikke si at det g\u00e5r bra. Det er en stor sorg som er p\u00e5f\u00f8rt oss foreldre, lilles\u00f8ster, besteforeldre og venner av Linea. Vi er helt knust.<\/p>\n<p><b>\u2013 Men vi har f\u00e5tt fantastisk st\u00f8tte av kriseteamet og har familie og venner som st\u00f8tter oss og Lineas lilles\u00f8ster, sier mor.<\/b><\/p>\n<p>\u2013 En alvorlig sak<\/p>\n<p>Bakgrunnen for at det er opprettet tilsyn er at Barne- og ungdomsklinikken 6. oktober varslet Statens helsetilsyn om en alvorlig hendelse ved Bergen legevakt og fastlege.<\/p>\n<p>Helsetilsynet sendte varselet videre til Statsforvalteren i Vestland. De bestemte seg for \u00e5 \u00e5pne tilsynssak etter det uventede d\u00f8dsfallet.<\/p>\n<p><b>\u2013 Vi har n\u00e5 bedt om journaldokumentasjon og uttalelser til saken. N\u00e5r saken er opplyst vil vi gj\u00f8re vurderingen v\u00e5r og konkludere, skriver Statsforvalteren.<\/b><\/p>\n<p>De vil ikke uttale seg til media om saken mens den er under behandling. <\/p>\n<p>\u2013 Dette er en alvorlig sak, sa fylkeslege Kristin Cotta Sch\u00f8nberg til BA i oktober.<\/p>\n<p>\u2013 Dypeste medf\u00f8lelse<\/p>\n<p>Legevaktsjef i Bergen Karoline Tyss\u00f8y Pedersen bekrefter overfor BA at de har f\u00e5tt saken fra Statsforvalteren.<\/p>\n<p>I en uttalelse til media skriver Bergen legevakt f\u00f8lgende:<\/p>\n<p><b>\u2013 F\u00f8rst av alt vil vi uttrykke v\u00e5r dypeste medf\u00f8lelse til de etterlatte i denne vanskelige tiden. <\/b><\/p>\n<p>Bergen legevakt vil samarbeide med Statsforvalter og fremskaffe alle relevante opplysninger i saken. Vi vil gjennomg\u00e5 saken n\u00f8ye for \u00e5 se etter forbedringsmuligheter.<\/p>\n<p><b>\u2013 Vi vil ivareta b\u00e5de pasienter og ansatte. M\u00e5let v\u00e5rt er alltid at du skal f\u00f8le deg trygg p\u00e5 Bergen legevakt, b\u00e5de som pasient, p\u00e5r\u00f8rende og som ansatt. <\/b><\/p>\n<p>Legevaktsjefen understreker at de ikke kan uttale seg mer om saken per n\u00e5.<\/p>\n<p>\u2013 Det er fordi saken er under intern utredning og vi er bundet av taushetsplikten.<\/p>\n<p>   <img decoding=\"async\" width=\"1080\" height=\"526\" fetchpriority=\"low\"  loading=\"lazy\"  src=\"https:\/\/www.europesays.com\/no\/wp-content\/uploads\/2025\/11\/1000023631+%281%29.jpg\" alt=\"\" class=\"brick-c-cFOWSL\" style=\"--brick-image-ratio: 1080 \/ 526;\"\/><\/p>\n<p>      Linea ble begravet fra Olsvik kirke 23. oktober.<br \/>\n      Foto: PRIVAT\n    <\/p>\n<p>Den 13. oktober ble Linea begravet fra Olsvik kirke. 400 mennesker m\u00f8tte opp for \u00e5 ta farvel.<\/p>\n<p>Mamma Sarah Solheim Hjortland forteller at det er vanskelig \u00e5 skulle stole p\u00e5 leger etter det som skjedde.<\/p>\n<p><b>\u2013 Jeg betrygget jo Linea med at det ikke var farlig selv i starten da legene sa det var angst. Men jeg vet at jeg har gjort alt i min makt for \u00e5 hjelpe henne, sier hun.<\/b><\/p>\n","protected":false},"excerpt":{"rendered":"\u2013 Det er forferdelig at legevakten avviste oss og hengte seg opp i angsten. Linea kunne v\u00e6rt reddet&hellip;\n","protected":false},"author":2,"featured_media":80194,"comment_status":"","ping_status":"","sticky":false,"template":"","format":"standard","meta":{"footnotes":""},"categories":[10],"tags":[6625,36,444,10850,10826,20,21,24,25,15,736,22,23,13,30,28,29,14,16,8999,5459,10851,1510,26,27],"class_list":{"0":"post-80193","1":"post","2":"type-post","3":"status-publish","4":"format-standard","5":"has-post-thumbnail","7":"category-norge","8":"tag-angst","9":"tag-art","10":"tag-bergen","11":"tag-bergen-legevakt","12":"tag-blodpropp","13":"tag-breaking-news","14":"tag-breakingnews","15":"tag-featured-news","16":"tag-featurednews","17":"tag-headlines","18":"tag-helse","19":"tag-latest-news","20":"tag-latestnews","21":"tag-news","22":"tag-no","23":"tag-norge","24":"tag-norway","25":"tag-nyheter","26":"tag-overskrifter","27":"tag-panikkanfall","28":"tag-statens-helsetilsyn","29":"tag-statsforvalteren-i-vestland","30":"tag-story","31":"tag-top-stories","32":"tag-topstories"},"share_on_mastodon":{"url":"https:\/\/pubeurope.com\/@no\/115503535555199948","error":""},"_links":{"self":[{"href":"https:\/\/www.europesays.com\/no\/wp-json\/wp\/v2\/posts\/80193","targetHints":{"allow":["GET"]}}],"collection":[{"href":"https:\/\/www.europesays.com\/no\/wp-json\/wp\/v2\/posts"}],"about":[{"href":"https:\/\/www.europesays.com\/no\/wp-json\/wp\/v2\/types\/post"}],"author":[{"embeddable":true,"href":"https:\/\/www.europesays.com\/no\/wp-json\/wp\/v2\/users\/2"}],"replies":[{"embeddable":true,"href":"https:\/\/www.europesays.com\/no\/wp-json\/wp\/v2\/comments?post=80193"}],"version-history":[{"count":0,"href":"https:\/\/www.europesays.com\/no\/wp-json\/wp\/v2\/posts\/80193\/revisions"}],"wp:featuredmedia":[{"embeddable":true,"href":"https:\/\/www.europesays.com\/no\/wp-json\/wp\/v2\/media\/80194"}],"wp:attachment":[{"href":"https:\/\/www.europesays.com\/no\/wp-json\/wp\/v2\/media?parent=80193"}],"wp:term":[{"taxonomy":"category","embeddable":true,"href":"https:\/\/www.europesays.com\/no\/wp-json\/wp\/v2\/categories?post=80193"},{"taxonomy":"post_tag","embeddable":true,"href":"https:\/\/www.europesays.com\/no\/wp-json\/wp\/v2\/tags?post=80193"}],"curies":[{"name":"wp","href":"https:\/\/api.w.org\/{rel}","templated":true}]}}