{"id":80213,"date":"2025-11-06T16:09:09","date_gmt":"2025-11-06T16:09:09","guid":{"rendered":"https:\/\/www.europesays.com\/no\/80213\/"},"modified":"2025-11-06T16:09:09","modified_gmt":"2025-11-06T16:09:09","slug":"det-var-bare-for-galt","status":"publish","type":"post","link":"https:\/\/www.europesays.com\/no\/80213\/","title":{"rendered":"\u2013 Det var bare for galt"},"content":{"rendered":"\n<p class=\"_lead_o9xde_2 _lead_xtcu6_50 layout-component text-serif-m layout-normal text-serif-l layout-component layout-wide layout-padded _wide_17hqh_1 layout-padded\">Beatles-stjernen sammenligner det med drapet p\u00e5 John F. Kennedy.<\/p>\n<p><img alt=\"Paul McCartney under premieren til filmen \u00abIf These Walls Could Sing\u00bb i London, 2022. Foto: Scott Garfitt \/ AP \/ NTB\" class=\"_image_qp4xg_65 layout-component layout-wide\" data-fullscreen- data-track-element-type=\"Article image fullscreen\" data-track-name=\"ImageFullscreen\" fetchpriority=\"high\" decoding=\"sync\" loading=\"eager\" height=\"1460\" itemprop=\"image\"  src=\"https:\/\/www.europesays.com\/no\/wp-content\/uploads\/2025\/11\/45f023e7-0295-4382-8785-d72e41223b84\"  style=\"object-position:0% 0%\" width=\"2000\"\/>Paul McCartney under premieren til filmen \u00abIf These Walls Could Sing\u00bb i London, 2022. Foto: Scott Garfitt \/ AP \/ NTB<\/p>\n<ul aria-hidden=\"true\" class=\"_images_18f0k_111\">\n<li><a class=\"_link_18f0k_116\" href=\"https:\/\/www.vg.no\/forfatter\/hannah-solstad-klepp\" style=\"z-index:1\" title=\"Hannah Solstad Klepp\" rel=\"nofollow noopener\" target=\"_blank\"><img alt=\"Bilde av Hannah Solstad Klepp\" class=\"_image_18f0k_93\" fetchpriority=\"low\" loading=\"lazy\" decoding=\"async\" itemprop=\"image\"  src=\"https:\/\/www.europesays.com\/no\/wp-content\/uploads\/2025\/11\/1762445349_145_f811f9c1-64f7-4c50-9133-b5735831a650\"  width=\"480\"\/><\/a><\/li>\n<\/ul>\n<p> Oppdatert torsdag 6. november kl. 17:04     <\/p>\n<p class=\"_paragraph_o9xde_4 _paragraph_xtcu6_10 layout-component text-serif-m layout-normal text-serif-m layout-padded\">Paul McCartney har \u00e5pnet seg om det tragisk \u00f8yeblikket han fikk vite at band-kollega John Lennon var skutt og drept utenfor hjemmet sitt i New York 8. desember 1980.<\/p>\n<p class=\"_paragraph_o9xde_4 _paragraph_xtcu6_10 layout-component text-serif-m layout-normal text-serif-m layout-padded\">I sin nye bok \u00abWings: The Story of a Band on the Run\u00bb beskriver den 83 \u00e5r gamle musikeren hvordan han fikk beskjeden fra manageren sin tidlig om morgenen. Det melder <a href=\"https:\/\/people.com\/paul-mccartney-recalls-horrific-moment-learned-john-lennon-died-11843595\" class=\"_link_o9xde_39\" rel=\"nofollow noopener\" target=\"_blank\">People<\/a>.<\/p>\n<p><img alt=\"John Lennon (midten) sammen med sin dav\u00e6rende kj\u00e6reste, Yoko Ono, og Paul McCartney til h\u00f8yre.  Foto: Larry Ellis \/ Getty Images\" class=\"_image_qp4xg_65 layout-component layout-normal\" data-fullscreen- data-track-element-type=\"Article image fullscreen\" data-track-name=\"ImageFullscreen\" decoding=\"async\" loading=\"lazy\" height=\"3246\" itemprop=\"image\"  src=\"https:\/\/www.europesays.com\/no\/wp-content\/uploads\/2025\/11\/95af025a-c9ae-4f5f-8acc-831d835a6247\"  style=\"object-position:0% 0%\" width=\"4437\"\/>John Lennon (midten) sammen med sin dav\u00e6rende kj\u00e6reste, Yoko Ono, og Paul McCartney til h\u00f8yre.  Foto: Larry Ellis \/ Getty Images<\/p>\n<p class=\"_paragraph_o9xde_4 _paragraph_xtcu6_10 layout-component text-serif-m layout-normal text-serif-m layout-padded\">\u2013 Det var bare for galt, skriver McCartney om Lennons d\u00f8d.<\/p>\n<p class=\"_paragraph_o9xde_4 _paragraph_xtcu6_10 layout-component text-serif-m layout-normal text-serif-m layout-padded\">Han sammenligner det med \u00abdet samme forferdelige \u00f8yeblikket\u00bb som drapet p\u00e5 John F. Kennedy i 1963, og skriver at alt ble utydelig.<\/p>\n<p class=\"_paragraph_o9xde_4 _paragraph_xtcu6_10 layout-component text-serif-m layout-normal text-serif-m layout-padded\">\u2013 Du kunne ikke ta det inn. Jeg har fortsatt ikke tatt det inn. Jeg vil ikke, skriver han.<\/p>\n<p><img alt=\"The Beatles i Liverpool i England, 1964.  Foto: AP \/ NTB\" class=\"_image_qp4xg_65 layout-component layout-normal\" data-fullscreen- data-track-element-type=\"Article image fullscreen\" data-track-name=\"ImageFullscreen\" decoding=\"async\" loading=\"lazy\" height=\"2244\" itemprop=\"image\"  src=\"https:\/\/www.europesays.com\/no\/wp-content\/uploads\/2025\/11\/9bda6b73-03f6-4960-a3c9-09ab527ea405\"  style=\"object-position:0% 0%\" width=\"3073\"\/>The Beatles i Liverpool i England, 1964.  Foto: AP \/ NTB<\/p>\n<p class=\"_paragraph_o9xde_4 _paragraph_xtcu6_10 layout-component text-serif-m layout-normal text-serif-m layout-padded\">Etter at Lennon d\u00f8de, husker McCartney at han dro tilbake til studio sammen med Beatles-kollegaene Ringo Starr og George Harrison. De ville ikke v\u00e6re hjemme etter \u00e5 ha f\u00e5tt den tunge beskjeden.<\/p>\n<p class=\"_paragraph_o9xde_4 _paragraph_xtcu6_10 layout-component text-serif-m layout-normal text-serif-m layout-padded\">\u2013 Vi m\u00e5tte alle p\u00e5 jobb og v\u00e6re sammen med folk vi kjente.<\/p>\n<p class=\"_paragraph_o9xde_4 _paragraph_xtcu6_10 layout-component text-serif-m layout-normal text-serif-m layout-padded\"><a href=\"https:\/\/www.vg.no\/tag\/the-beatles?utm_source=vg-article&amp;utm_medium=auto-tagger&amp;utm_campaign=alrbmd\" class=\"_link_o9xde_39\" rel=\"nofollow noopener\" target=\"_blank\">The Beatles<\/a> regnes som et av de mest innflytelsesrike bandene i rockehistorien. De startet som et popband, men utviklet seg innenfor en rekke sjangere av rock.<\/p>\n<p><img alt=\"The Beatles, fra venstre: Paul McCartney, John Lennon, Ringo Starr and George Harrison.  Foto: PA \/ Pa Photos \/ NTB\" class=\"_image_qp4xg_65 layout-component layout-normal\" data-fullscreen- data-track-element-type=\"Article image fullscreen\" data-track-name=\"ImageFullscreen\" decoding=\"async\" loading=\"lazy\" height=\"2435\" itemprop=\"image\"  src=\"https:\/\/www.europesays.com\/no\/wp-content\/uploads\/2025\/11\/bc3db3cb-1b45-4d66-99e0-0efba1a79614\"  style=\"object-position:0% 0%\" width=\"3500\"\/>The Beatles, fra venstre: Paul McCartney, John Lennon, Ringo Starr and George Harrison.  Foto: PA \/ Pa Photos \/ NTB<\/p>\n<p class=\"_paragraph_o9xde_4 _paragraph_xtcu6_10 layout-component text-serif-m layout-normal text-serif-m layout-padded\">I boken reflekterer McCartney ogs\u00e5 over at han fikk forsont seg med Lennon f\u00f8r hans d\u00f8d, etter Beatles offentlige oppbrudd i 1970.<\/p>\n<p class=\"_paragraph_o9xde_4 _paragraph_xtcu6_10 layout-component text-serif-m layout-normal text-serif-m layout-padded\">Selv om han angrer p\u00e5 at han ikke fikk sitte ned med Lennon og komme p\u00e5 samme b\u00f8lgelengde igjen, er han takknemlig for at deres siste telefonsamtale var vennlig.<\/p>\n<p class=\"_paragraph_o9xde_4 _paragraph_xtcu6_10 layout-component text-serif-m layout-normal text-serif-m layout-padded\">Han kaller forsoningen \u00aben av hans store velsignelser i livet\u00bb.<\/p>\n","protected":false},"excerpt":{"rendered":"Beatles-stjernen sammenligner det med drapet p\u00e5 John F. Kennedy. Paul McCartney under premieren til filmen \u00abIf These Walls&hellip;\n","protected":false},"author":2,"featured_media":80214,"comment_status":"","ping_status":"","sticky":false,"template":"","format":"standard","meta":{"footnotes":""},"categories":[58],"tags":[71,10912,221,30,28,29,10911,10910,72],"class_list":{"0":"post-80213","1":"post","2":"type-post","3":"status-publish","4":"format-standard","5":"has-post-thumbnail","7":"category-underholdning","8":"tag-entertainment","9":"tag-john-lennon","10":"tag-musikk","11":"tag-no","12":"tag-norge","13":"tag-norway","14":"tag-paul-mccartney","15":"tag-the-beatles","16":"tag-underholdning"},"share_on_mastodon":{"url":"https:\/\/pubeurope.com\/@no\/115503625970452203","error":""},"_links":{"self":[{"href":"https:\/\/www.europesays.com\/no\/wp-json\/wp\/v2\/posts\/80213","targetHints":{"allow":["GET"]}}],"collection":[{"href":"https:\/\/www.europesays.com\/no\/wp-json\/wp\/v2\/posts"}],"about":[{"href":"https:\/\/www.europesays.com\/no\/wp-json\/wp\/v2\/types\/post"}],"author":[{"embeddable":true,"href":"https:\/\/www.europesays.com\/no\/wp-json\/wp\/v2\/users\/2"}],"replies":[{"embeddable":true,"href":"https:\/\/www.europesays.com\/no\/wp-json\/wp\/v2\/comments?post=80213"}],"version-history":[{"count":0,"href":"https:\/\/www.europesays.com\/no\/wp-json\/wp\/v2\/posts\/80213\/revisions"}],"wp:featuredmedia":[{"embeddable":true,"href":"https:\/\/www.europesays.com\/no\/wp-json\/wp\/v2\/media\/80214"}],"wp:attachment":[{"href":"https:\/\/www.europesays.com\/no\/wp-json\/wp\/v2\/media?parent=80213"}],"wp:term":[{"taxonomy":"category","embeddable":true,"href":"https:\/\/www.europesays.com\/no\/wp-json\/wp\/v2\/categories?post=80213"},{"taxonomy":"post_tag","embeddable":true,"href":"https:\/\/www.europesays.com\/no\/wp-json\/wp\/v2\/tags?post=80213"}],"curies":[{"name":"wp","href":"https:\/\/api.w.org\/{rel}","templated":true}]}}