{"id":80303,"date":"2025-11-06T18:18:18","date_gmt":"2025-11-06T18:18:18","guid":{"rendered":"https:\/\/www.europesays.com\/no\/80303\/"},"modified":"2025-11-06T18:18:18","modified_gmt":"2025-11-06T18:18:18","slug":"politiet-gjor-konkrete-vurderinger","status":"publish","type":"post","link":"https:\/\/www.europesays.com\/no\/80303\/","title":{"rendered":"Politiet: &#8211; Gj\u00f8r konkrete vurderinger"},"content":{"rendered":"<p class=\"kicker \" style=\"\">Julemarked:<\/p>\n<p>  Julemarkeder i Europa har flere ganger v\u00e6rt terrorm\u00e5l. N\u00e5 tar politiet grep f\u00f8r \u00e5pningen av julemarked i Oslo.<\/p>\n<p>\n    SYNLIG TIL STEDE: L\u00f8rdag \u00e5pner julemarkedet Jul i Vinterland i Spikersuppa, midt i Oslo sentrum. Politiet opplyser at de iverksetter de sikkerhetstiltakene de anser som n\u00f8dvendige. Foto: Bj\u00f8rn Langsem \/ Dagbladet\n  <\/p>\n<p>    Kort fortalt<\/p>\n<ul lang=\"nb-NO\">\n<li>Julemarkedet Jul i Vinterland \u00e5pner i Oslo 8. november.<\/li>\n<li>Politiet i Oslo har innf\u00f8rt sikkerhetstiltak p\u00e5 grunn av tidligere terrorangrep andre steder i Europa.<\/li>\n<li>Stabssjef Torgeir Lindstad bekrefter politiets synlige tilstedev\u00e6relse.<\/li>\n<li>Flere terrorangrep har skjedd p\u00e5 julemarkeder i Europa de siste \u00e5ra.<\/li>\n<\/ul>\n<p class=\"italic ai-disclaimer\" data-lab-italic=\"italic\">Sammendraget er laget av ChatGPT og godkjent av Dagbladet.<\/p>\n<p>      Vis mer<br \/>\n      Vis mindre<\/p>\n<p>Midt i Oslo sentrum starter julemagien for mange n\u00e5r julemarkedet Jul i Vinterland i \u00e5r \u00e5pner l\u00f8rdag 8. november.<\/p>\n<p>I Spikersuppa i Karl Johans gate kan man se fram til b\u00e5de gl\u00f8gg, sk\u00f8yter og matboder.<\/p>\n<p>Men med <a href=\"https:\/\/www.dagbladet.no\/nyheter\/dette-vet-vi-om-gjerningsmannen\/82424251\" rel=\"nofollow noopener\" target=\"_blank\">fjor\u00e5rets terrorangrep<\/a>\u00a0p\u00e5 et julemarked i den tyske byen Magdeburg friskt i minne, setter politiet i Oslo inn sikkerhetstiltak.<\/p>\n<p>    <a itemprop=\"url\" href=\"https:\/\/www.dagbladet.no\/nyheter\/fikk-brev-fra-drapssiktet\/83401549\" rel=\"nofollow noopener\" target=\"_blank\"><\/p>\n<p>      <img loading=\"lazy\" decoding=\"async\" src=\"https:\/\/www.europesays.com\/no\/wp-content\/uploads\/2025\/11\/83401577.webp\" width=\"980\" height=\"441\" title=\"Fikk brev fra drapssiktet\" alt=\"\" class=\"lazyload\" style=\"--aspect-ratio-image: 2.22; \"\/><\/p>\n<p>        Fikk brev fra drapssiktet<\/p>\n<p>    <\/a><\/p>\n<p>Synlig tilstedev\u00e6relse \t<\/p>\n<p>Stabssjef Torgeir Lindstad bekrefter at\u00a0arrangementet er meldt inn til politiet.<\/p>\n<p>\u00a0&#8211; Politiet har dialog med arrang\u00f8r, og iverksetter de sikkerhetstiltak vi anser som n\u00f8dvendige, skriver han i en e-post til Dagbladet.<\/p>\n<p>    <a itemprop=\"url\" href=\"https:\/\/www.dagbladet.no\/nyheter\/feiret-julemarked-angrep-tre-personer-siktet\/82427413\" rel=\"nofollow noopener\" target=\"_blank\"><\/p>\n<p>      <img loading=\"lazy\" decoding=\"async\" src=\"https:\/\/www.europesays.com\/no\/wp-content\/uploads\/2025\/11\/82427434.webp\" width=\"980\" height=\"441\" title=\"Feiret julemarked-angrep: Tre personer siktet\" alt=\"\" class=\"lazyload\" style=\"--aspect-ratio-image: 2.22; \"\/><\/p>\n<p>        Feiret julemarked-angrep: Tre personer siktet<\/p>\n<p>    <\/a><\/p>\n<p>Han opplyser at politiet vil ha synlig tilstedev\u00e6relse, og er tilgjengelige for dem som befinner seg i omr\u00e5det.<\/p>\n<p>&#8211; Politiet forholder seg generelt til gjeldende trusselvurderinger fra PST, og gj\u00f8r konkrete vurderinger knyttet til hvert enkelt arrangement, skriver Lindstad.<\/p>\n<p>Dagbladet har v\u00e6rt i kontakt med Jul i Vinterland, som henviser til politiet.<\/p>\n<p>    <a itemprop=\"url\" href=\"https:\/\/www.dagbladet.no\/nyheter\/politiet-ber-publikum-om-terror-tips\/82418815\" rel=\"nofollow noopener\" target=\"_blank\"><\/p>\n<p>      <img loading=\"lazy\" decoding=\"async\" src=\"https:\/\/www.europesays.com\/no\/wp-content\/uploads\/2025\/11\/82419412.webp\" width=\"980\" height=\"441\" title=\"Politiet ber publikum om terror-tips\" alt=\"\" class=\"lazyload\" style=\"--aspect-ratio-image: 2.22; \"\/><\/p>\n<p>        Politiet ber publikum om terror-tips<\/p>\n<p>    <\/a><\/p>\n<p>Flere julemarked-angrep\t<\/p>\n<p>Det har v\u00e6rt flere terrorangrep mot julemarkeder i Europa de siste \u00e5ra.\u00a0<\/p>\n<p>Seinest i fjor\u00a0ble fem personer drept og over 200 skadd da en svart\u00a0BMW kj\u00f8rte inn i et julemarkedet i den tyske byen Magdeburg 20. desember.<\/p>\n<p>    <a itemprop=\"url\" href=\"https:\/\/www.dagbladet.no\/nyheter\/julemarked-advarsel-frykter-terror\/82291753\" rel=\"nofollow noopener\" target=\"_blank\"><\/p>\n<p>      <img loading=\"lazy\" decoding=\"async\" src=\"https:\/\/www.europesays.com\/no\/wp-content\/uploads\/2025\/11\/82291959.webp\" width=\"980\" height=\"441\" title=\"Julemarked-advarsel: Frykter terror\" alt=\"\" class=\"lazyload\" style=\"--aspect-ratio-image: 2.22; \"\/><\/p>\n<p>        Julemarked-advarsel: Frykter terror<\/p>\n<p>    <\/a><\/p>\n<p> En gutt p\u00e5 ni \u00e5r og fire kvinner i alderen 52, 45, 67 og 75 \u00e5r ble drept under de fem dramatiske minuttene da bilen kj\u00f8rte inn i folkemengden.<\/p>\n<p>        JULESTEMNING I BERLIN: Dagbladet m\u00f8tte berlinere p\u00e5 julemarkedene etter terrorangrepet i 2016. De lokale lot seg ikke stoppe av terror. Reporter: Ralf Lofstad \/ Video: Per Ervland<\/p>\n<p>I Berlin i slutten av desember 2016 ble tolv personer drept og 49 skadd da en lastebil\u00a0kj\u00f8rte inn i folkemengden i et julemarked midt i den tyske hovedstaden.<\/p>\n","protected":false},"excerpt":{"rendered":"Julemarked: Julemarkeder i Europa har flere ganger v\u00e6rt terrorm\u00e5l. N\u00e5 tar politiet grep f\u00f8r \u00e5pningen av julemarked i&hellip;\n","protected":false},"author":2,"featured_media":80304,"comment_status":"","ping_status":"","sticky":false,"template":"","format":"standard","meta":{"footnotes":""},"categories":[10],"tags":[20,21,24,25,15,2539,5593,10923,10924,22,23,13,30,28,29,14,16,3686,26,27],"class_list":{"0":"post-80303","1":"post","2":"type-post","3":"status-publish","4":"format-standard","5":"has-post-thumbnail","7":"category-norge","8":"tag-breaking-news","9":"tag-breakingnews","10":"tag-featured-news","11":"tag-featurednews","12":"tag-headlines","13":"tag-innenriks","14":"tag-jul","15":"tag-jul-i-vinterland","16":"tag-julemarked","17":"tag-latest-news","18":"tag-latestnews","19":"tag-news","20":"tag-no","21":"tag-norge","22":"tag-norway","23":"tag-nyheter","24":"tag-overskrifter","25":"tag-terror","26":"tag-top-stories","27":"tag-topstories"},"share_on_mastodon":{"url":"https:\/\/pubeurope.com\/@no\/115504133306623813","error":""},"_links":{"self":[{"href":"https:\/\/www.europesays.com\/no\/wp-json\/wp\/v2\/posts\/80303","targetHints":{"allow":["GET"]}}],"collection":[{"href":"https:\/\/www.europesays.com\/no\/wp-json\/wp\/v2\/posts"}],"about":[{"href":"https:\/\/www.europesays.com\/no\/wp-json\/wp\/v2\/types\/post"}],"author":[{"embeddable":true,"href":"https:\/\/www.europesays.com\/no\/wp-json\/wp\/v2\/users\/2"}],"replies":[{"embeddable":true,"href":"https:\/\/www.europesays.com\/no\/wp-json\/wp\/v2\/comments?post=80303"}],"version-history":[{"count":0,"href":"https:\/\/www.europesays.com\/no\/wp-json\/wp\/v2\/posts\/80303\/revisions"}],"wp:featuredmedia":[{"embeddable":true,"href":"https:\/\/www.europesays.com\/no\/wp-json\/wp\/v2\/media\/80304"}],"wp:attachment":[{"href":"https:\/\/www.europesays.com\/no\/wp-json\/wp\/v2\/media?parent=80303"}],"wp:term":[{"taxonomy":"category","embeddable":true,"href":"https:\/\/www.europesays.com\/no\/wp-json\/wp\/v2\/categories?post=80303"},{"taxonomy":"post_tag","embeddable":true,"href":"https:\/\/www.europesays.com\/no\/wp-json\/wp\/v2\/tags?post=80303"}],"curies":[{"name":"wp","href":"https:\/\/api.w.org\/{rel}","templated":true}]}}