{"id":80336,"date":"2025-11-06T19:04:12","date_gmt":"2025-11-06T19:04:12","guid":{"rendered":"https:\/\/www.europesays.com\/no\/80336\/"},"modified":"2025-11-06T19:04:12","modified_gmt":"2025-11-06T19:04:12","slug":"prins-andrew-innkalt-til-usa-for-a-forklare-epstein-forbindelser","status":"publish","type":"post","link":"https:\/\/www.europesays.com\/no\/80336\/","title":{"rendered":"Prins Andrew innkalt til USA for \u00e5 forklare Epstein-forbindelser"},"content":{"rendered":"\n<p class=\"_lead_o9xde_2 _lead_xtcu6_50 layout-component text-serif-m layout-normal text-serif-l layout-component layout-wide layout-padded _wide_17hqh_1 layout-padded\">Kongressen i USA vil avh\u00f8re Andrew Mountbatten Windsor om vennskapet med den d\u00f8de finansmannen.<\/p>\n<p><img alt=\" Foto: Toby Melville \/ Pa Photos\" class=\"_image_qp4xg_65 layout-component layout-wide\" data-fullscreen- data-track-element-type=\"Article image fullscreen\" data-track-name=\"ImageFullscreen\" fetchpriority=\"high\" decoding=\"sync\" loading=\"eager\" height=\"3394\" itemprop=\"image\"  src=\"https:\/\/www.europesays.com\/no\/wp-content\/uploads\/2025\/11\/e29e0499-1ced-4e1e-b8d2-2218d6757ecb\"  style=\"object-position:0% 0%\" width=\"5225\"\/> Foto: Toby Melville \/ Pa Photos<\/p>\n<ul aria-hidden=\"true\" class=\"_images_18f0k_111\">\n<li><a class=\"_link_18f0k_116\" href=\"https:\/\/www.vg.no\/forfatter\/mathilde-nordskog-sigurdsen\" style=\"z-index:1\" title=\"Mathilde Nordskog Sigurdsen\" rel=\"nofollow noopener\" target=\"_blank\"><img alt=\"Bilde av Mathilde Nordskog Sigurdsen\" class=\"_image_18f0k_93\" fetchpriority=\"low\" loading=\"lazy\" decoding=\"async\" itemprop=\"image\"  src=\"https:\/\/www.europesays.com\/no\/wp-content\/uploads\/2025\/11\/89b99694-aca3-47bb-b73d-a89f79e701be\"  width=\"480\"\/><\/a><\/li>\n<\/ul>\n<p> Oppdatert torsdag 6. november kl. 19:16     <\/p>\n<p class=\"_paragraph_o9xde_4 _paragraph_xtcu6_10 layout-component text-serif-m layout-normal text-serif-m layout-padded\">Den amerikanske kongressen har sendt et brev til tidligere <a href=\"https:\/\/www.vg.no\/tag\/prins-andrew?utm_source=vg-article&amp;utm_medium=auto-tagger&amp;utm_campaign=zAR4r9\" class=\"_link_o9xde_39\" rel=\"nofollow noopener\" target=\"_blank\">prins Andrew<\/a> der de ber ham stille til intervju i forbindelse med etterforskningen av Jeffrey Epstein-saken, melder <a href=\"https:\/\/news.sky.com\/story\/andrew-mountbatten-windsor-summoned-to-us-to-explain-epstein-links-13464390\" class=\"_link_o9xde_39\" rel=\"nofollow noopener\" target=\"_blank\">Sky News<\/a>.<\/p>\n<p class=\"_paragraph_o9xde_4 _paragraph_xtcu6_10 layout-component text-serif-m layout-normal text-serif-m layout-padded\">Komiteen for tilsyn og regjeringsreform unders\u00f8ker den avd\u00f8de finansmannens \u00absexhandel-operasjoner\u00bb.<\/p>\n<p class=\"_paragraph_o9xde_4 _paragraph_xtcu6_10 layout-component text-serif-m layout-normal text-serif-m layout-padded\">I brevet, som er adressert til \u00abAndrew Mountbatten Windsor\u00bb, uttaler komiteen at de \u00f8nsker \u00e5 identifisere Epsteins medhjelpere og medskyldige.<\/p>\n<p><img alt=\"Jeffrey Epstein, her sammen med Donald Trump.  Foto: GettyImages \/ GettyImages\" class=\"_image_qp4xg_65 layout-component layout-normal\" data-fullscreen- data-track-element-type=\"Article image fullscreen\" data-track-name=\"ImageFullscreen\" decoding=\"async\" loading=\"lazy\" height=\"1839\" itemprop=\"image\"  src=\"https:\/\/www.europesays.com\/no\/wp-content\/uploads\/2025\/11\/5a4c60a4-a894-438b-9e11-4094bd7c5db9\"  style=\"object-position:0% 0%\" width=\"3269\"\/>Jeffrey Epstein, her sammen med Donald Trump.  Foto: GettyImages \/ GettyImages<\/p>\n<p class=\"_paragraph_o9xde_4 _paragraph_xtcu6_10 layout-component text-serif-m layout-normal text-serif-m layout-padded\">Forrige uke ble det kjent at Kong Charles har fratatt sin yngre bror prinsetittelen. De siste \u00e5rene har Andrew v\u00e6rt i hardt v\u00e6r p\u00e5 grunn av hans forbindelse med Epstein. <\/p>\n<p class=\"_paragraph_o9xde_4 _paragraph_xtcu6_10 layout-component text-serif-m layout-normal text-serif-m layout-padded\">Avd\u00f8de Virginia Giuffre har tidligere anklaget Andrew for \u00e5 ha forgrepet seg p\u00e5 henne etter at Epstein f\u00f8rte dem sammen. <a href=\"https:\/\/www.vg.no\/nyheter\/i\/eMxRkg\/virginia-giuffre-er-doed\" data-track-element-type=\"Link\" data-track-id=\"link:eMxRkg\" class=\"_link_o9xde_39\" rel=\"nofollow noopener\" target=\"_blank\">April i \u00e5r tok hun sitt eget liv.<\/a><\/p>\n<p class=\"_paragraph_o9xde_4 _paragraph_xtcu6_10 layout-component text-serif-m layout-normal text-serif-m layout-padded\">Prinsen har p\u00e5 det sterkeste avvist alle anklager.<\/p>\n<p><img alt=\"Prince Andrew avbildet sammen med Virginia Giuffre og Ghislaine Maxwell. Bildet skal v\u00e6re tatt i 2001.\u00a0\" class=\"_image_qp4xg_65 layout-component layout-normal\" data-fullscreen- data-track-element-type=\"Article image fullscreen\" data-track-name=\"ImageFullscreen\" decoding=\"async\" loading=\"lazy\" height=\"3500\" itemprop=\"image\"  src=\"https:\/\/www.europesays.com\/no\/wp-content\/uploads\/2025\/11\/07f86961-2b6c-4185-9bde-dc6f8c641bda\"  style=\"object-position:0% 0%\" width=\"3368\"\/>Prince Andrew avbildet sammen med Virginia Giuffre og Ghislaine Maxwell. Bildet skal v\u00e6re tatt i 2001.  Foto: HANDOUT \/ AFP \/ NTB\u2013 \u00abVi er i dette sammen\u00bb<\/p>\n<p class=\"_paragraph_o9xde_4 _paragraph_xtcu6_10 layout-component text-serif-m layout-normal text-serif-m layout-padded\">\u2013 Veldokumenterte anklager mot deg, sammen med ditt langvarige vennskap med Epstein, tyder p\u00e5 at du kan ha kunnskap om hans aktiviteter som er relevante for v\u00e5r etterforskning, st\u00e5r det i brevet.<\/p>\n<p class=\"_paragraph_o9xde_4 _paragraph_xtcu6_10 layout-component text-serif-m layout-normal text-serif-m layout-padded\">Komiteen refererer blant annet til en e-post fra 2011 der Andrew skrev til Epstein: \u00abVi st\u00e5r i dette sammen\u00bb.<\/p>\n<p class=\"_paragraph_o9xde_4 _paragraph_xtcu6_10 layout-component text-serif-m layout-normal text-serif-m layout-padded\">I tillegg har de funnet \u00f8konomiske dokumenter med henvisninger som \u00abmassasje for Andrew\u00bb, noe som if\u00f8lge komiteen reiser flere alvorlige sp\u00f8rsm\u00e5l.<\/p>\n<p class=\"_paragraph_o9xde_4 _paragraph_xtcu6_10 layout-component text-serif-m layout-normal text-serif-m layout-padded\">Brevet er sendt til Royal Lodge, hvor Andrew nylig ble n\u00f8dt til \u00e5 flytte ut etter \u00e5 ha mistet sine kongelige titler. Komiteen har bedt ham svare innen 20. november.<\/p>\n","protected":false},"excerpt":{"rendered":"Kongressen i USA vil avh\u00f8re Andrew Mountbatten Windsor om vennskapet med den d\u00f8de finansmannen. Foto: Toby Melville \/&hellip;\n","protected":false},"author":2,"featured_media":80337,"comment_status":"","ping_status":"","sticky":false,"template":"","format":"standard","meta":{"footnotes":""},"categories":[5],"tags":[20,21,24,25,15,19,1649,22,23,17,18,13,30,28,29,14,16,4840,26,27,46],"class_list":{"0":"post-80336","1":"post","2":"type-post","3":"status-publish","4":"format-standard","5":"has-post-thumbnail","7":"category-overskrifter","8":"tag-breaking-news","9":"tag-breakingnews","10":"tag-featured-news","11":"tag-featurednews","12":"tag-headlines","13":"tag-hovedoppslag","14":"tag-jeffrey-epstein","15":"tag-latest-news","16":"tag-latestnews","17":"tag-main-news","18":"tag-mainnews","19":"tag-news","20":"tag-no","21":"tag-norge","22":"tag-norway","23":"tag-nyheter","24":"tag-overskrifter","25":"tag-prins-andrew","26":"tag-top-stories","27":"tag-topstories","28":"tag-vgai"},"share_on_mastodon":{"url":"https:\/\/pubeurope.com\/@no\/115504314369443424","error":""},"_links":{"self":[{"href":"https:\/\/www.europesays.com\/no\/wp-json\/wp\/v2\/posts\/80336","targetHints":{"allow":["GET"]}}],"collection":[{"href":"https:\/\/www.europesays.com\/no\/wp-json\/wp\/v2\/posts"}],"about":[{"href":"https:\/\/www.europesays.com\/no\/wp-json\/wp\/v2\/types\/post"}],"author":[{"embeddable":true,"href":"https:\/\/www.europesays.com\/no\/wp-json\/wp\/v2\/users\/2"}],"replies":[{"embeddable":true,"href":"https:\/\/www.europesays.com\/no\/wp-json\/wp\/v2\/comments?post=80336"}],"version-history":[{"count":0,"href":"https:\/\/www.europesays.com\/no\/wp-json\/wp\/v2\/posts\/80336\/revisions"}],"wp:featuredmedia":[{"embeddable":true,"href":"https:\/\/www.europesays.com\/no\/wp-json\/wp\/v2\/media\/80337"}],"wp:attachment":[{"href":"https:\/\/www.europesays.com\/no\/wp-json\/wp\/v2\/media?parent=80336"}],"wp:term":[{"taxonomy":"category","embeddable":true,"href":"https:\/\/www.europesays.com\/no\/wp-json\/wp\/v2\/categories?post=80336"},{"taxonomy":"post_tag","embeddable":true,"href":"https:\/\/www.europesays.com\/no\/wp-json\/wp\/v2\/tags?post=80336"}],"curies":[{"name":"wp","href":"https:\/\/api.w.org\/{rel}","templated":true}]}}