{"id":80361,"date":"2025-11-06T19:26:12","date_gmt":"2025-11-06T19:26:12","guid":{"rendered":"https:\/\/www.europesays.com\/no\/80361\/"},"modified":"2025-11-06T19:26:12","modified_gmt":"2025-11-06T19:26:12","slug":"foler-man-blir-pissa-pa","status":"publish","type":"post","link":"https:\/\/www.europesays.com\/no\/80361\/","title":{"rendered":"\u2013 F\u00f8ler man blir pissa p\u00e5"},"content":{"rendered":"\n<p class=\"_paragraph_o9xde_4 _paragraph_xtcu6_10 layout-component text-serif-m layout-normal text-serif-m layout-padded\">Vimplene henger p\u00e5 skakke.<\/p>\n<p class=\"_paragraph_o9xde_4 _paragraph_xtcu6_10 layout-component text-serif-m layout-normal text-serif-m layout-padded\">En pokal ligger p\u00e5 gulvet inne p\u00e5 det lille kontoret som tilh\u00f8rer Hasle-L\u00f8ren.<\/p>\n<p class=\"_paragraph_o9xde_4 _paragraph_xtcu6_10 layout-component text-serif-m layout-normal text-serif-m layout-padded\">Barna her \u00f8st i Oslo g\u00e5r ingen lovende fremtid i m\u00f8te.<\/p>\n<p class=\"_paragraph_o9xde_4 _paragraph_xtcu6_10 layout-component text-serif-m layout-normal text-serif-m layout-padded\">\u2013 Jeg f\u00f8ler man blir pissa p\u00e5. Det er alltid store, fine ord og lovnader. Men ingen handling. Det skal ikke v\u00e6re mulig, etter min mening, sier Mats Zuccarello.<\/p>\n<ul class=\"_gallery_1qa3s_23\" tabindex=\"0\">\n<li class=\"_item_1qa3s_37\" data-index=\"0\"><img decoding=\"async\" class=\"_image_foru8_23 _articleGallery_foru8_39\" data-fullscreen- width=\"4241\" height=\"3663\" itemprop=\"image\" loading=\"lazy\"  src=\"https:\/\/www.europesays.com\/no\/wp-content\/uploads\/2025\/11\/92a4cae5-a8b4-4086-9690-e3a94e491771\"  style=\"object-position:50% 50%;aspect-ratio:var(--gallery-aspect-ratio, 16 \/ 9)\"\/>Foto: Hallgeir V\u00e5genes \/ VG<\/li>\n<li class=\"_item_1qa3s_37\" data-index=\"1\"><img decoding=\"async\" class=\"_image_foru8_23 _articleGallery_foru8_39\" data-fullscreen- width=\"5376\" height=\"3926\" itemprop=\"image\" loading=\"lazy\"  src=\"https:\/\/www.europesays.com\/no\/wp-content\/uploads\/2025\/11\/e9c9847f-eb7c-4714-b95e-f8b867c71328\"  style=\"object-position:50% 50%;aspect-ratio:var(--gallery-aspect-ratio, 16 \/ 9)\"\/>Foto: Hallgeir V\u00e5genes \/ VG<\/li>\n<\/ul>\n<p>Foto: Hallgeir V\u00e5genes \/ VG<\/p>\n<p class=\"_paragraph_o9xde_4 _paragraph_xtcu6_10 layout-component text-serif-m layout-normal text-serif-m layout-padded\">Norges store hockeystjerne rister p\u00e5 hodet.<\/p>\n<p class=\"_paragraph_o9xde_4 _paragraph_xtcu6_10 layout-component text-serif-m layout-normal text-serif-m layout-padded\">Hasle-L\u00f8ren er klubben der han tok sine f\u00f8rste sk\u00f8yteskj\u00e6r og fant kj\u00e6rligheten til hockeysporten.<\/p>\n<p class=\"_paragraph_o9xde_4 _paragraph_xtcu6_10 layout-component text-serif-m layout-normal text-serif-m layout-padded\">I dag har han over et ti\u00e5r i verdens t\u00f8ffeste liga, men ser at lite er forandret p\u00e5 stedet som fostret 38-\u00e5ringen dit han er i dag.<\/p>\n<p class=\"_paragraph_o9xde_4 _paragraph_xtcu6_10 layout-component text-serif-m layout-normal text-serif-m layout-padded\">\u2013 Det er en ting som gj\u00f8r meg forbanna: Politikere er ute p\u00e5 sosiale medier hver gang vi henter medaljer og gull. De skal bare sole seg i glansen. Skal de gj\u00f8re det m\u00e5 de i hvert fall s\u00f8rge for at vi har nok anlegg i bydelene som vokser. Ellers f\u00e5r vi ikke nye helter! De fleste superstjernene De fleste superstjernene Zuccarello ramser opp Erling Braut Haaland, Martin \u00d8degaard, Viktor Hovland, og Jakob Ingebrigtsen.har gjort det selv og fortsatt skal ikke politikerne legge til rette for andre og at vi kan skape nye helter.<\/p>\n<p><img alt=\"Mats Zuccarello som ung Hasle\/L\u00f8ren-spiller.\" class=\"_image_qp4xg_65 layout-component layout-normal\" data-fullscreen- data-track-element-type=\"Article image fullscreen\" data-track-name=\"ImageFullscreen\" decoding=\"async\" loading=\"lazy\" height=\"1214\" itemprop=\"image\"  src=\"https:\/\/www.europesays.com\/no\/wp-content\/uploads\/2025\/11\/f8f09209-7d7b-4a2b-b425-61f6d4531e5a\"  style=\"object-position:0% 0%\" width=\"1154\"\/>Mats Zuccarello som ung Hasle\/L\u00f8ren-spiller.<\/p>\n<p class=\"_paragraph_o9xde_4 _paragraph_xtcu6_10 layout-component text-serif-m layout-normal text-serif-m layout-padded\">Zuccarello sukker:<\/p>\n<p class=\"_paragraph_o9xde_4 _paragraph_xtcu6_10 layout-component text-serif-m layout-normal text-serif-m layout-padded\">\u2013 Vi m\u00e5 slutte \u00e5 kalle oss en idrettsnasjon for alle.<\/p>\n<p class=\"_paragraph_o9xde_4 _paragraph_xtcu6_10 layout-component text-serif-m layout-normal text-serif-m layout-padded\">I hjertet av anlegget hos Hasle-L\u00f8ren sitter tre alvorstyngede menn.<\/p>\n<p class=\"_paragraph_o9xde_4 _paragraph_xtcu6_10 layout-component text-serif-m layout-normal text-serif-m layout-padded\">Etter \u00e5 ha gitt en brutal vurdering av tingenes tilstand i en bydel der befolkningsveksten har eksplodert de siste \u00e5rene, rusler R\u00f8dt-politiker Siavash Mobasheri, hockeysjef i Hasle-L\u00f8ren Ren\u00e9 Tangen Brorstr\u00f8m og styreleder Viggo Anthonsen sammen med VG mot ishallen.<\/p>\n<p><img alt=\"Viggo Anthonsen, styreleder i Hasle-L\u00f8ren (H-L), R\u00f8dt-politiker Siavash Mobasheri og hockeyleder i H-L, Rene Brorstr\u00f8m p\u00e5 klubbens anlegg i Oslo.  Foto: Hallgeir V\u00e5genes \/ VG\" class=\"_image_qp4xg_65 layout-component layout-normal\" data-fullscreen- data-track-element-type=\"Article image fullscreen\" data-track-name=\"ImageFullscreen\" decoding=\"async\" loading=\"lazy\" height=\"3586\" itemprop=\"image\"  src=\"https:\/\/www.europesays.com\/no\/wp-content\/uploads\/2025\/11\/e36d4ddf-6f7b-4f1a-91be-856367bcd1b0\"  style=\"object-position:0% 0%\" width=\"4621\"\/>Viggo Anthonsen, styreleder i Hasle-L\u00f8ren (H-L), R\u00f8dt-politiker Siavash Mobasheri og hockeyleder i H-L, Rene Brorstr\u00f8m p\u00e5 klubbens anlegg i Oslo.  Foto: Hallgeir V\u00e5genes \/ VG<\/p>\n<p class=\"_paragraph_o9xde_4 _paragraph_xtcu6_10 layout-component text-serif-m layout-normal text-serif-m layout-padded\">Der kakker hockeyk\u00f8ller kakker i isen nesten hele dagen lang. Men lite vet barna her at de ikke har noe sted \u00e5 spille fra og med vinteren 2026\/2027.<\/p>\n<p class=\"_paragraph_o9xde_4 _paragraph_xtcu6_10 layout-component text-serif-m layout-normal text-serif-m layout-padded\">Frustrasjonen blant de voksne i dette omr\u00e5det er enorm.<\/p>\n<p class=\"_paragraph_o9xde_4 _paragraph_xtcu6_10 layout-component text-serif-m layout-normal text-serif-m layout-padded\">For her p\u00e5 L\u00f8ren har politikerne i 2023 f\u00f8rst vedtatt at klubben skal f\u00e5 en ny ishall og at det skal settes opp en midlertidig en i byggeprosessen. Den brukes av mangemangeKlubben har 50-60 jenter i 6-11 \u00e5rsalderen, ungdommen og seniorene, men hallen er ogs\u00e5 et treningssted for kjelkehockeylandslaget, idrettslinjen p\u00e5 Wang. Det er snakk om rundt 500 personer totalt. I tillegg bruker barnehagene og skolene hallen til aktivitet. S\u00f8ndag er hallen \u00e5pen for frig\u00e5ing for all publikum..<\/p>\n<p class=\"_paragraph_o9xde_4 _paragraph_xtcu6_10 layout-component text-serif-m layout-normal text-serif-m layout-padded\"><strong class=\"_strong_o9xde_25\">\u2013 Vi fikk sjokk i et m\u00f8te med byr\u00e5den rett f\u00f8r h\u00f8stferien. De pengene blir ikke satt av, fikk vi vite, sier Anthonsen.<\/strong><\/p>\n<p class=\"_paragraph_o9xde_4 _paragraph_xtcu6_10 layout-component text-serif-m layout-normal text-serif-m layout-padded\">Det betyr minst to vintre mens den nye hallen skal bygges. De frykter det blir enda en vinter til.<\/p>\n<p class=\"_paragraph_o9xde_4 _paragraph_xtcu6_10 layout-component text-serif-m layout-normal text-serif-m layout-padded\">\u2013 Det er en krisesituasjon. Det er kroken p\u00e5 d\u00f8ren for ishockeyklubben Hasle-L\u00f8ren i flere \u00e5r, sier styreleder i klubben, Ren\u00e9 Tangen Brorstr\u00f8m. <\/p>\n<p class=\"_paragraph_o9xde_4 _paragraph_xtcu6_10 layout-component text-serif-m layout-normal text-serif-m layout-padded\">Han mener prislappen til en midlertidig ishall ogs\u00e5 kan gj\u00f8res betraktelig lavere enn de rundt 90 millionene som skulle blitt satt av i budsjettet.<\/p>\n<p class=\"_paragraph_o9xde_4 _paragraph_xtcu6_10 layout-component text-serif-m layout-normal text-serif-m layout-padded\"><a href=\"https:\/\/www.vg.no\/tag\/mats-zuccarello?utm_source=vg-article&amp;utm_medium=auto-tagger&amp;utm_campaign=Av8Pjx\" class=\"_link_o9xde_39\" rel=\"nofollow noopener\" target=\"_blank\">Mats Zuccarello <\/a>kaller det en katastrofe.<\/p>\n<p class=\"_paragraph_o9xde_4 _paragraph_xtcu6_10 layout-component text-serif-m layout-normal text-serif-m layout-padded\">\u2013 I mangel p\u00e5 ord blir man bare stum. Det henger ikke p\u00e5 greip i et s\u00e5 rikt land. Vi snakker om integrering, om hvor vi vil med barn og unge i samfunnet, og det blir flere og flere hockeyjenter i landet, men vi dunker heller opp leilighetsbygg etter leilighetsbygg og tar bort idrettsanlegg. Det er en farlig trend, sier han.<\/p>\n<p class=\"_paragraph_o9xde_4 _paragraph_xtcu6_10 layout-component text-serif-m layout-normal text-serif-m layout-padded\">R\u00f8dt-politiker Siavash Mobasheri har fulgt utviklingen p\u00e5 Hasle-L\u00f8ren med et kritisk blikk i mange \u00e5r.<\/p>\n<p class=\"_paragraph_o9xde_4 _paragraph_xtcu6_10 layout-component text-serif-m layout-normal text-serif-m layout-padded\">Han mener det har v\u00e6rt en systemsvikt og nedprioritering av omr\u00e5det over lang tid.<\/p>\n<p class=\"_paragraph_o9xde_4 _paragraph_xtcu6_10 layout-component text-serif-m layout-normal text-serif-m layout-padded\">For i tillegg til manglende finansiering til en midlertidig ishall, ser Mobasheri at det heller ikke skjer noe med fotballanlegget. <\/p>\n<p><img alt=\"Fotballanlegget p\u00e5 Hasle\/L\u00f8ren ligger like ved siden av ishallen.  Foto: Hallgeir V\u00e5genes \/ VG\" class=\"_image_qp4xg_65 layout-component layout-normal\" data-fullscreen- data-track-element-type=\"Article image fullscreen\" data-track-name=\"ImageFullscreen\" decoding=\"async\" loading=\"lazy\" height=\"6048\" itemprop=\"image\"  src=\"https:\/\/www.europesays.com\/no\/wp-content\/uploads\/2025\/11\/663afecc-dff6-4308-97e0-04f42fec83b9\"  style=\"object-position:0% 0%\" width=\"8064\"\/>Fotballanlegget p\u00e5 Hasle\/L\u00f8ren ligger like ved siden av ishallen.  Foto: Hallgeir V\u00e5genes \/ VG<\/p>\n<p class=\"_paragraph_o9xde_4 _paragraph_xtcu6_10 layout-component text-serif-m layout-normal text-serif-m layout-padded\">Mens h\u00f8stl\u00f8vet er i ferd med \u00e5 legge seg over kunstgresset p\u00e5 L\u00f8ren, er Mobasheri smertelig klar over det fortsatt ikke er funnet en ny tomt til en ny bane.<\/p>\n<p class=\"_paragraph_o9xde_4 _paragraph_xtcu6_10 layout-component text-serif-m layout-normal text-serif-m layout-padded\"><strong class=\"_strong_o9xde_25\">Som politikerne sa de skulle finne innen desember 2023. Kapasiteten <a href=\"https:\/\/www.vg.no\/sport\/i\/kwJela\/loeren-i-aarevis-har-de-lokale-ropt-forgjeves-paa-nye-fotballbaner-her-ryker-klubbens-siste-haap\" data-track-element-type=\"Link\" data-track-id=\"link:kwJela\" class=\"_link_o9xde_39\" rel=\"nofollow noopener\" target=\"_blank\">er sprengt og Hasle-L\u00f8ren har fortsatt inntaksstopp<\/a>.<\/strong><\/p>\n<p class=\"_paragraph_o9xde_4 _paragraph_xtcu6_10 layout-component text-serif-m layout-normal text-serif-m layout-padded\">\u2013 Vi vet at det er mangel p\u00e5 anleggskapasitet i Oslo. Byr\u00e5det jobber aktivt for \u00e5 gj\u00f8re noe med denne problemstillingen, sier idrettsbyr\u00e5d Anita Leirvik North (H).<\/p>\n<p class=\"_paragraph_o9xde_4 _paragraph_xtcu6_10 layout-component text-serif-m layout-normal text-serif-m layout-padded\">Hun viser til at det ble \u00e5pnet ny flerbrukshall og aktivitetspark i september. Hun sier reguleringsplanen for L\u00f8ren idrettspark n\u00e5 er til politisk behandling med flere forslagtil politisk behandling med flere forslagNorth sier at det i reguleringsplanen ligger forslag om ishall, isflate utend\u00f8rs, fotballbaner, basketbane og flerbrukshall..<\/p>\n<p><img decoding=\"async\" alt=\"Bilde av Anita Leirvik North (H)\" class=\"_image_ygndg_42\" height=\"35\" itemprop=\"image\" loading=\"lazy\"  src=\"https:\/\/www.europesays.com\/no\/wp-content\/uploads\/2025\/11\/c9c3ac47-349a-4038-81f0-2d38efbe6498\"  width=\"40\"\/><strong class=\"_name_ygndg_51 title-serif-xs\">Anita Leirvik North (H)<\/strong><\/p>\n<p class=\"_paragraph_o9xde_4 text-sans-m _description_ygndg_56\">Idrettsbyr\u00e5d i Oslo <\/p>\n<p>Slik foresl\u00e5r idrettsbyr\u00e5den at de l\u00f8ser ishall-krisen:<\/p>\n<p class=\"_paragraph_o9xde_4 _paragraph_xtcu6_10 _paragraph_16v91_10 layout-component text-serif-m layout-normal text-sans-m layout-padded\" itemprop=\"text\">\u2013 Jeg har forst\u00e5else for at det blir krevende uten egen hall i den perioden det tar \u00e5 bygge den nye ishallen p\u00e5 L\u00f8ren. N\u00e5r det bygges nye idrettsanlegg er det vanlig at idrettslaget f\u00e5r treningstid i andre haller. Jeg vet at dette er s\u00e6rlig krevende for hockeymilj\u00f8et p\u00e5 grunn av kapasiteten, men her blir vi n\u00f8dt til \u00e5 samarbeide slik at alle f\u00e5r treningstid. I andre sammenhenger har ogs\u00e5 kommunen satt opp transport, for at det blir lettere for barna og komme seg frem og tilbake, og det vil vi ogs\u00e5 foresl\u00e5 her.<\/p>\n<p class=\"_paragraph_o9xde_4 _paragraph_xtcu6_10 _paragraph_16v91_10 layout-component text-serif-m layout-normal text-sans-m layout-padded\" itemprop=\"text\">\u2013 Vi snakker tett med Oslobygg som har prosjektert denne plasthallen med betongdekke, og brakker til garderober og tekniske rom. Hver for seg er ikke arbeidene og materialene s\u00e5 kostnadsdrivende, men totalen gj\u00f8r summen h\u00f8y. Tomten krever mye arbeid og prisutviklingen p\u00e5 tekniske systemer de siste \u00e5rene v\u00e6rt stigende. Det vurderes n\u00e5 alternative l\u00f8sninger som kan ivareta behovene for de yngste barna p\u00e5 en god m\u00e5te, innenfor forsvarlige rammer.<\/p>\n<p class=\"_paragraph_o9xde_4 _paragraph_xtcu6_10 layout-component text-serif-m layout-normal text-serif-m layout-padded\">Finansbyr\u00e5d Hallstein Bjercke (V) sier han deler bekymringen og ut\u00e5lmodigheten til beboerne p\u00e5 L\u00f8ren og \u00d8kern.<\/p>\n<p class=\"_paragraph_o9xde_4 _paragraph_xtcu6_10 layout-component text-serif-m layout-normal text-serif-m layout-padded\">\u2013 Vi har sett at sosial infrastruktur ofte kommer p\u00e5 plass altfor seint i prosessene, og det har s\u00e6rlig rammet de som bor i Hovinbyen. Derfor har Venstre og byr\u00e5det satt i gang flere tiltak for \u00e5 sikre et bedre n\u00e6rmilj\u00f8 her.<\/p>\n<p><img decoding=\"async\" alt=\"Bilde av Hallstein Bjercke (V)\" class=\"_image_ygndg_42\" height=\"27\" itemprop=\"image\" loading=\"lazy\"  src=\"https:\/\/www.europesays.com\/no\/wp-content\/uploads\/2025\/11\/72e246b1-7098-4f3c-8a47-23af648ef952\"  width=\"40\"\/><strong class=\"_name_ygndg_51 title-serif-xs\">Hallstein Bjercke (V)<\/strong><\/p>\n<p class=\"_paragraph_o9xde_4 text-sans-m _description_ygndg_56\">Finansbyr\u00e5d i Oslo<\/p>\n<p class=\"_paragraph_o9xde_4 _paragraph_xtcu6_10 layout-component text-serif-m layout-normal text-serif-m layout-padded\">Han hevder det viktigste tiltakene allerede er sikret, at idrettsparken blir 6800 kvadratmeter st\u00f8rre enn planlagt.<\/p>\n<p class=\"_paragraph_o9xde_4 _paragraph_xtcu6_10 layout-component text-serif-m layout-normal text-serif-m layout-padded\">\u2013 Og vi ser p\u00e5 om vi kan innpasse flere idrettsflater der. I tillegg har vi sikret flere barnehager, latt den midlertidige sv\u00f8mmehallen st\u00e5 og n\u00e5 skal vi bygge ny ishall, fotballbane og flerbrukshall. Det blir et stort l\u00f8ft for omr\u00e5det.<\/p>\n<p class=\"_paragraph_o9xde_4 _paragraph_xtcu6_10 layout-component text-serif-m layout-normal text-serif-m layout-padded\">Et av de aktuelle feltene er for en ny bane er i dag en ubrukt gressbane p\u00e5 Valle Hovin, like ved der V\u00e5lerenga Fotball holder til.<\/p>\n<p class=\"_paragraph_o9xde_4 _paragraph_xtcu6_10 layout-component text-serif-m layout-normal text-serif-m layout-padded\"><strong class=\"_strong_o9xde_25\">Men Plan- og bygningsetaten mener en bane her vil v\u00e6re i strid med arealform\u00e5let, som er s\u00e5kalt \u00abgr\u00f8nnstruktur\u00bb. <\/strong><\/p>\n<p class=\"_paragraph_o9xde_4 _paragraph_xtcu6_10 layout-component text-serif-m layout-normal text-serif-m layout-padded\">De mener det m\u00e5 hentes inn dispensasjon, heter det i et skriv fra v\u00e5ren 2025.<\/p>\n<p class=\"_paragraph_o9xde_4 _paragraph_xtcu6_10 layout-component text-serif-m layout-normal text-serif-m layout-padded\">De viser ogs\u00e5 til Bymilj\u00f8etatens (BYM) helhetsplan for Valle Hovin som fremkommer i et notat sendt til Hasle-L\u00f8ren:<\/p>\n<p class=\"_paragraph_o9xde_4 _paragraph_xtcu6_10 layout-component text-serif-m layout-normal text-serif-m layout-padded\">\u00abGressbanens beliggenhet n\u00e6rmere Hovindammen og tilh\u00f8rende skogholt gj\u00f8r at gressflaten har stor betydning for naturliv i omr\u00e5det. Gjess beiter her og salamander beveger seg gjennom omr\u00e5det\u00bb, heter det.<\/p>\n<p class=\"_paragraph_o9xde_4 _paragraph_xtcu6_10 layout-component text-serif-m layout-normal text-serif-m layout-padded\">BYM mener en kunstgressbane, tilh\u00f8rende flomlys og nye konstruksjoner \u00aber i konflikt med hensyn til naturmilj\u00f8\u00bb.<\/p>\n<p>\u2013 Mer asfalt og eksos<\/p>\n<p class=\"_paragraph_o9xde_4 _paragraph_xtcu6_10 layout-component text-serif-m layout-normal text-serif-m layout-padded\">Mobasheri mener Hasle-L\u00f8ren er utsatt for l\u00f8ftebruddspolitikk.<\/p>\n<p class=\"_paragraph_o9xde_4 _paragraph_xtcu6_10 layout-component text-serif-m layout-normal text-serif-m layout-padded\">\u2013 Politikerne bygger og bygger \u2013 h\u00f8yt og tett \u2013 og tenker p\u00e5 barna og n\u00e6rmilj\u00f8et etterp\u00e5. F\u00f8rst boliger, s\u00e5 kanskje en bane hvis det blir penger igjen. Jeg vet hvor viktig idretten er for s\u00e6rlig unger \u00f8st i Oslo. Mange vokser opp trangt, uten hage og uten plass, sier han.<\/p>\n<p><img decoding=\"async\" alt=\"Bilde av Rene Brorstr\u00f8m og Siavash Mobasheri\" class=\"_image_ygndg_42\" height=\"27\" itemprop=\"image\" loading=\"lazy\"  src=\"https:\/\/www.europesays.com\/no\/wp-content\/uploads\/2025\/11\/01c84776-b0b5-4654-a2fc-f612273d1afb\"  width=\"40\"\/><strong class=\"_name_ygndg_51 title-serif-xs\">Rene Brorstr\u00f8m og Siavash Mobasheri<\/strong><\/p>\n<p class=\"_paragraph_o9xde_4 text-sans-m _description_ygndg_56\">Hockeyleder i Hasle-L\u00f8ren og R\u00f8dt-politiker<\/p>\n<p class=\"_paragraph_o9xde_4 _paragraph_xtcu6_10 layout-component text-serif-m layout-normal text-serif-m layout-padded\">\u2013 Ishallen og banen er ikke luksus, det er friminuttet deres. Mange trenger et fellesskap, et sted \u00e5 h\u00f8re til og det er nettopp det som forsvinner n\u00e5r politikerne svikter totalt.<\/p>\n<p class=\"_paragraph_o9xde_4 _paragraph_xtcu6_10 layout-component text-serif-m layout-normal text-serif-m layout-padded\">R\u00f8dt-politikeren p\u00e5peker at byr\u00e5det sier de ikke har r\u00e5d til en midlertidig ishall til barn og unge, mens de samtidig insisterer p\u00e5 \u00e5 bruke to milliarder kroner p\u00e5 en ny veitunnel p\u00e5 R\u00f8a.<\/p>\n<p class=\"_paragraph_o9xde_4 _paragraph_xtcu6_10 layout-component text-serif-m layout-normal text-serif-m layout-padded\">\u2013 Mer asfalt og eksos foran idrett og folkehelse. Det sier alt om prioriteringene. Denne politikken viser hvor lite barn og n\u00e6rmilj\u00f8 i Oslo \u00f8st faktisk er verdt for det borgerlige byr\u00e5det, sier han oppgitt.<\/p>\n<p class=\"_paragraph_o9xde_4 _paragraph_xtcu6_10 layout-component text-serif-m layout-normal text-serif-m layout-padded\">Han understreker at det g\u00e5r bra med det store flertallet av barn og ungdom.<\/p>\n<p class=\"_paragraph_o9xde_4 _paragraph_xtcu6_10 layout-component text-serif-m layout-normal text-serif-m layout-padded\">\u2013 Men dette skjer i en tid der mange barn havner i feil milj\u00f8. Vi m\u00e5 forebygge, ikke la flere falle utenfor. N\u00e5r H\u00f8yre og Venstre velger bort steder der unger kan m\u00f8tes og h\u00f8re til, bygger de ikke fellesskap \u2013 de river det ned, sier Mobasheri.<\/p>\n<p class=\"_paragraph_o9xde_4 _paragraph_xtcu6_10 layout-component text-serif-m layout-normal text-serif-m layout-padded\">S\u00e5 hvordan st\u00e5r det til med tilliten til politikerne i Hasle-L\u00f8ren.<\/p>\n<p class=\"_paragraph_o9xde_4 _paragraph_xtcu6_10 layout-component text-serif-m layout-normal text-serif-m layout-padded\">\u2013 Den er ikke bra. Da Venstre var i opposisjon var de v\u00e5r beste venn og skulle hjelpe med alt. Men s\u00e5 kommer de i posisjon og alt er glemt. Det er skuffende at det funker p\u00e5 den m\u00e5ten. Det er ikke noe luksus vi vil ha, heller, sier Anthonsen. <\/p>\n<p><img decoding=\"async\" alt=\"Bilde av Viggo Anthonsen\" class=\"_image_ygndg_42\" height=\"29\" itemprop=\"image\" loading=\"lazy\"  src=\"https:\/\/www.europesays.com\/no\/wp-content\/uploads\/2025\/11\/dd3b6f0a-2a70-4f5c-8cca-974551c624b6\"  width=\"40\"\/><strong class=\"_name_ygndg_51 title-serif-xs\">Viggo Anthonsen<\/strong><\/p>\n<p class=\"_paragraph_o9xde_4 text-sans-m _description_ygndg_56\">Styreleder Hasle-L\u00f8ren<\/p>\n<p class=\"_paragraph_o9xde_4 _paragraph_xtcu6_10 layout-component text-serif-m layout-normal text-serif-m layout-padded\">Han fortsetter:<\/p>\n<p class=\"_paragraph_o9xde_4 _paragraph_xtcu6_10 layout-component text-serif-m layout-normal text-serif-m layout-padded\">\u2013 Det er tydelig hva som er prioriteringene: Penger, boliger. For det er ikke s\u00e5nn at det er dyrt \u00e5 bygge en bane. Men man kan tjene mye penger p\u00e5 \u00e5 selge tomter for \u00e5 bygge bolig, sier Anthonsen.<\/p>\n<p class=\"_paragraph_o9xde_4 _paragraph_xtcu6_10 layout-component text-serif-m layout-normal text-serif-m layout-padded\">Finansbyr\u00e5d Bjercke fra Venstre, kommenterer kritikken slik:<\/p>\n<p class=\"_paragraph_o9xde_4 _paragraph_xtcu6_10 layout-component text-serif-m layout-normal text-serif-m layout-padded\">\u2013 Det er riktig at Venstre stemte for midlertidig ishall i 2023. P\u00e5 dav\u00e6rende tidspunkt var kostnadsanslaget p\u00e5 12,5 millioner. N\u00e5 er det p\u00e5 rundt 100. I den \u00f8konomiske situasjonen kommunen er i, mener jeg det vanskelig kan forsvares \u00e5 bruke 100 millioner p\u00e5 bygging av en midlertidig hall som skal st\u00e5 i to \u00e5r.<\/p>\n","protected":false},"excerpt":{"rendered":"Vimplene henger p\u00e5 skakke. En pokal ligger p\u00e5 gulvet inne p\u00e5 det lille kontoret som tilh\u00f8rer Hasle-L\u00f8ren. Barna&hellip;\n","protected":false},"author":2,"featured_media":80362,"comment_status":"","ping_status":"","sticky":false,"template":"","format":"standard","meta":{"footnotes":""},"categories":[5],"tags":[20,21,24,25,15,19,22,23,17,18,690,13,30,28,29,14,16,26,27],"class_list":{"0":"post-80361","1":"post","2":"type-post","3":"status-publish","4":"format-standard","5":"has-post-thumbnail","7":"category-overskrifter","8":"tag-breaking-news","9":"tag-breakingnews","10":"tag-featured-news","11":"tag-featurednews","12":"tag-headlines","13":"tag-hovedoppslag","14":"tag-latest-news","15":"tag-latestnews","16":"tag-main-news","17":"tag-mainnews","18":"tag-mats-zuccarello","19":"tag-news","20":"tag-no","21":"tag-norge","22":"tag-norway","23":"tag-nyheter","24":"tag-overskrifter","25":"tag-top-stories","26":"tag-topstories"},"share_on_mastodon":{"url":"https:\/\/pubeurope.com\/@no\/115504400702101581","error":""},"_links":{"self":[{"href":"https:\/\/www.europesays.com\/no\/wp-json\/wp\/v2\/posts\/80361","targetHints":{"allow":["GET"]}}],"collection":[{"href":"https:\/\/www.europesays.com\/no\/wp-json\/wp\/v2\/posts"}],"about":[{"href":"https:\/\/www.europesays.com\/no\/wp-json\/wp\/v2\/types\/post"}],"author":[{"embeddable":true,"href":"https:\/\/www.europesays.com\/no\/wp-json\/wp\/v2\/users\/2"}],"replies":[{"embeddable":true,"href":"https:\/\/www.europesays.com\/no\/wp-json\/wp\/v2\/comments?post=80361"}],"version-history":[{"count":0,"href":"https:\/\/www.europesays.com\/no\/wp-json\/wp\/v2\/posts\/80361\/revisions"}],"wp:featuredmedia":[{"embeddable":true,"href":"https:\/\/www.europesays.com\/no\/wp-json\/wp\/v2\/media\/80362"}],"wp:attachment":[{"href":"https:\/\/www.europesays.com\/no\/wp-json\/wp\/v2\/media?parent=80361"}],"wp:term":[{"taxonomy":"category","embeddable":true,"href":"https:\/\/www.europesays.com\/no\/wp-json\/wp\/v2\/categories?post=80361"},{"taxonomy":"post_tag","embeddable":true,"href":"https:\/\/www.europesays.com\/no\/wp-json\/wp\/v2\/tags?post=80361"}],"curies":[{"name":"wp","href":"https:\/\/api.w.org\/{rel}","templated":true}]}}