{"id":80518,"date":"2025-11-06T23:28:23","date_gmt":"2025-11-06T23:28:23","guid":{"rendered":"https:\/\/www.europesays.com\/no\/80518\/"},"modified":"2025-11-06T23:28:23","modified_gmt":"2025-11-06T23:28:23","slug":"har-fatt-ny-jobb","status":"publish","type":"post","link":"https:\/\/www.europesays.com\/no\/80518\/","title":{"rendered":"Har f\u00e5tt ny jobb"},"content":{"rendered":"<p>  Charlie Kirk ble skutt og drept mens han ble filmet av flere tilhengere. N\u00e5 uttaler enka, Erika, seg om videoene.\u00a0<\/p>\n<p>\n    MISTET EKTEMANNEN: Erika Kirk stilte til intervju med Fox News om tapet av Charlie Kirk. Den 14. oktober holdt hun en tale om han, da hun mottok \u00abMedal of Freedom\u00bb p\u00e5 hans vegne. Foto: Mark Schiefelbein \/ AP \/ NTB\n  <\/p>\n<p> Charlie Kirk (31), leder for den konservative organisasjonen Turning Point og kjent h\u00f8yreaktivist, ble skutt og drept p\u00e5 scenen under et arrangement ved Utah Valley University 10. september.\u00a0<\/p>\n<p class=\"font-weight-bold m-font-weight-bold\" data-lab-font_weight=\"font-weight-bold\"> Etter en 33 timer lang og intens klappjakt ble 22 \u00e5r gamle <a href=\"https:\/\/www.dagbladet.no\/nyheter\/det-var-meg\/83597755\" target=\"_blank\" rel=\"nofollow noopener\">Tyler Robinson<\/a> p\u00e5grepet og siktet for drapet. <\/p>\n<p>Natt til torsdag stilte Charlie Kirks enke, Erika Kirk (36), opp til sitt f\u00f8rste TV-intervju med <a href=\"https:\/\/www.foxnews.com\/media\/erika-kirk-reflects-life-loss-faith-first-tv-interview-since-charlie-kirks-death\" target=\"_blank\" rel=\"nofollow noopener\">Fox News<\/a>\u00a0etter at mannen hennes ble drept.\u00a0<\/p>\n<p class=\"italic m-italic\" data-lab-italic=\"italic\">Dagbladets reporter i USA har tidligere omtalt det hjerteskj\u00e6rende intervjuet. <a href=\"https:\/\/www.dagbladet.no\/nyheter\/sa-ektemannen-like-etter-drapet\/83815733\" target=\"_blank\" rel=\"nofollow noopener\">Les mer om det her<\/a>, eller f\u00f8lg lenken under:\u00a0<\/p>\n<p>    <a itemprop=\"url\" href=\"https:\/\/www.dagbladet.no\/nyheter\/sa-ektemannen-like-etter-drapet\/83815733\" rel=\"nofollow noopener\" target=\"_blank\"><\/p>\n<p>      <img loading=\"lazy\" decoding=\"async\" src=\"https:\/\/www.europesays.com\/no\/wp-content\/uploads\/2025\/11\/83815742.webp\" width=\"147\" height=\"98\" title=\"S\u00e5 ektemannen like etter drapet\" alt=\"\" class=\"lazyload\" style=\"--aspect-ratio-image: 1.50; \"\/><\/p>\n<p>        S\u00e5 ektemannen like etter drapet<\/p>\n<p>    <\/a><\/p>\n<p>Derfor nekter hun  <\/p>\n<p>Et av temaene under intervjuet var videoene som ble tatt av hendelsen.\u00a0<\/p>\n<p>Videoer har sirkulert p\u00e5 nettet siden drapet, men mange har valgt \u00e5 la v\u00e6re \u00e5 se klippene &#8211; deriblant Erika.\u00a0<\/p>\n<p> I det f\u00f8lelsesladde intervjuet med Fox-programleder Jesse Watters forklarer Erika hvorfor hun aldri har sett opptaket, og hvorfor hun aldri vil gj\u00f8re det. <\/p>\n<p>\u00a0&#8211; Jeg \u00f8nsket \u00e5 se Charlies d\u00f8de kropp p\u00e5 sykehuset for \u00e5 forst\u00e5 hva de hadde gjort mot mannen min. Men jeg vil ikke se videoen. Det siste bildet jeg har av han skal ikke v\u00e6re fra \u00f8yeblikket han ble skutt, sier hun.\u00a0<\/p>\n<p>        HYLLET: Donald Trump hyllet Charlie Kirk fra Det hvite hus etter at 31-\u00e5ringen ble skutt og drept p\u00e5 et arrangement i Utah onsdag 10. september. <\/p>\n<p>&#8211; Dattera mi sp\u00f8r  <\/p>\n<p> Erika og Charlie m\u00f8ttes i 2018 og giftet seg i 2021. De fikk to barn sammen. Hun forteller ogs\u00e5 om hvordan barna er blitt ber\u00f8rt.<\/p>\n<p>&#8211; Du sa til barna dine at Charlie hadde dratt p\u00e5 en arbeidsreise med Jesus. Sp\u00f8r de fortsatt hvor pappa er?\u00a0sp\u00f8r Watters.<\/p>\n<p>&#8211; Ja, dattera mi fortsetter \u00e5 sp\u00f8rre. Jeg sier hvis dere noensinne vil snakke med pappa, kan dere bare se opp mot himmelen og snakke med ham. Han kan h\u00f8re dere.\u00a0<\/p>\n<p>Erika Kirk sier ogs\u00e5 har hun nekter \u00e5 leve i frykt.<\/p>\n<p class=\"font-weight-bold m-font-weight-bold\" data-lab-font_weight=\"font-weight-bold\">&#8211; Vi levde aldri i frykt. Dersom vi gjorde det, ville vi aldri f\u00e5tt gjort noe, sier hun i intervjuet.\u00a0<\/p>\n<p>        ERIKA KIRK: Et klipp av Erika Kirk og videpresident JD Vance som klemmer har skapt sterke reaksjoner p\u00e5 Internett. Video: X. Reporter: Trond Markus Gravdal<\/p>\n<p>Tok over toppjobben  <\/p>\n<p>I ettertid av Kirks d\u00f8d, har Erika n\u00e5 tatt over jobben som toppsjef for Turning Point USA, som er en organisasjon som ble grunnlagt av Kirk og William Montgomery tilbake i 2012.\u00a0<\/p>\n<p>Organisasjonen arbeider med \u00e5 spre en konservativ ideologi gjennom arrangementer p\u00e5 skoler og universiteter.\u00a0<\/p>\n<p>Kirk var en sterk bidragsyter for president Donald Trump (79) i den forrige valgkampen hans.\u00a0<\/p>\n<p>    <a itemprop=\"url\" href=\"https:\/\/www.dagbladet.no\/nyheter\/burde-blinke-rodt-overalt\/83815757\" rel=\"nofollow noopener\" target=\"_blank\"><\/p>\n<p>      <img loading=\"lazy\" decoding=\"async\" src=\"https:\/\/www.europesays.com\/no\/wp-content\/uploads\/2025\/11\/83815763.webp\" width=\"980\" height=\"441\" title=\"- Burde blinke r\u00f8dt overalt\" alt=\"\" class=\"lazyload\" style=\"--aspect-ratio-image: 2.22; \"\/><\/p>\n<p>        &#8211; Burde blinke r\u00f8dt overalt<\/p>\n<p>    <\/a><\/p>\n","protected":false},"excerpt":{"rendered":"Charlie Kirk ble skutt og drept mens han ble filmet av flere tilhengere. N\u00e5 uttaler enka, Erika, seg&hellip;\n","protected":false},"author":2,"featured_media":80519,"comment_status":"","ping_status":"","sticky":false,"template":"","format":"standard","meta":{"footnotes":""},"categories":[10],"tags":[20,21,24,25,15,2539,22,23,13,30,28,29,14,16,254,26,27],"class_list":{"0":"post-80518","1":"post","2":"type-post","3":"status-publish","4":"format-standard","5":"has-post-thumbnail","7":"category-norge","8":"tag-breaking-news","9":"tag-breakingnews","10":"tag-featured-news","11":"tag-featurednews","12":"tag-headlines","13":"tag-innenriks","14":"tag-latest-news","15":"tag-latestnews","16":"tag-news","17":"tag-no","18":"tag-norge","19":"tag-norway","20":"tag-nyheter","21":"tag-overskrifter","22":"tag-politi","23":"tag-top-stories","24":"tag-topstories"},"share_on_mastodon":{"url":"https:\/\/pubeurope.com\/@no\/115505352197939702","error":""},"_links":{"self":[{"href":"https:\/\/www.europesays.com\/no\/wp-json\/wp\/v2\/posts\/80518","targetHints":{"allow":["GET"]}}],"collection":[{"href":"https:\/\/www.europesays.com\/no\/wp-json\/wp\/v2\/posts"}],"about":[{"href":"https:\/\/www.europesays.com\/no\/wp-json\/wp\/v2\/types\/post"}],"author":[{"embeddable":true,"href":"https:\/\/www.europesays.com\/no\/wp-json\/wp\/v2\/users\/2"}],"replies":[{"embeddable":true,"href":"https:\/\/www.europesays.com\/no\/wp-json\/wp\/v2\/comments?post=80518"}],"version-history":[{"count":0,"href":"https:\/\/www.europesays.com\/no\/wp-json\/wp\/v2\/posts\/80518\/revisions"}],"wp:featuredmedia":[{"embeddable":true,"href":"https:\/\/www.europesays.com\/no\/wp-json\/wp\/v2\/media\/80519"}],"wp:attachment":[{"href":"https:\/\/www.europesays.com\/no\/wp-json\/wp\/v2\/media?parent=80518"}],"wp:term":[{"taxonomy":"category","embeddable":true,"href":"https:\/\/www.europesays.com\/no\/wp-json\/wp\/v2\/categories?post=80518"},{"taxonomy":"post_tag","embeddable":true,"href":"https:\/\/www.europesays.com\/no\/wp-json\/wp\/v2\/tags?post=80518"}],"curies":[{"name":"wp","href":"https:\/\/api.w.org\/{rel}","templated":true}]}}